{"id":16036,"date":"2024-12-17T16:12:45","date_gmt":"2024-12-17T19:12:45","guid":{"rendered":"https:\/\/hostnetart.com.br\/baixada\/sindicato-dos-bancarios-da-baixada-fluminense-reintegra-mais-uma-funcionaria-do-itau-3\/"},"modified":"2024-12-17T16:12:45","modified_gmt":"2024-12-17T19:12:45","slug":"sindicato-dos-bancarios-da-baixada-fluminense-reintegra-mais-uma-funcionaria-do-itau-3","status":"publish","type":"post","link":"https:\/\/hostnetart.com.br\/baixada\/sindicato-dos-bancarios-da-baixada-fluminense-reintegra-mais-uma-funcionaria-do-itau-3\/","title":{"rendered":"Sindicato dos Banc\u00e1rios da Baixada Fluminense reintegra mais uma funcion\u00e1ria do Ita\u00fa"},"content":{"rendered":"<p>Os bancos demitem. O Sindicato reintegra!<\/p>\n<p>Mais uma funcion\u00e1ria do Banco Ita\u00fa foi reintegrada pelo Sindicato dos Banc\u00e1rios da Baixada Fluminense.<\/p>\n<p>A reintegra\u00e7\u00e3o de Adriana Rodrigues de Carvalho, banc\u00e1ria da ag\u00eancia localizada na Av. Governador Amaral Peixoto, no Centro de Nova Igua\u00e7u, ocorreu nesta ter\u00e7a-feira, 17 de dezembro.<\/p>\n<p>A trabalhadora foi demitida sendo portadora de doen\u00e7a ocupacional. Com isso, foi determinada sua imediata reintegra\u00e7\u00e3o, al\u00e9m da manuten\u00e7\u00e3o de todos seus direitos.<\/p>\n<p>Ap\u00f3s sua demiss\u00e3o, a banc\u00e1ria sindicalizada, procurou atendimento no Sindicato dos Banc\u00e1rios da Baixada Fluminense, onde foi prontamente atendidos pelo Departamento Jur\u00eddico, atrav\u00e9s do advogado Luiz Paulo, do Escrit\u00f3rio Baptista &amp; Reis Advogados Associados, e pelo Departamento de Sa\u00fade.<\/p>\n<p>A reintegra\u00e7\u00e3o foi acompanhada pelos diretores Pedro Batista, Renata Soeiro e Leandro Aresta.<\/p>\n<\/p>\n<p><strong>IMPORTANTE<\/strong><\/p>\n<p>\u00c9 fundamental que banc\u00e1rias e banc\u00e1rios, logo que sejam informados de suas demiss\u00f5es, procurem imediatamente atendimento no Sindicato.<\/p>\n<p><b>ATENDIMENTO JUR\u00cdDICO PRESENCIAL<\/b><\/p>\n<p>Nova Igua\u00e7u\u00a0&#8211; \u00e0s\u00a0<em><strong>ter\u00e7as-feiras<\/strong><\/em>, das 11 horas\u00a0<span dir=\"ltr\">\u00e0 13 horas\u00a0<\/span>e das 14 horas \u00e0s 17 horas (telefone:\u00a0<span dir=\"ltr\"><a href=\"tel:21 \/ 2658-8041\">21 \/ 2658-8041<\/a><\/span>)<\/p>\n<p>Duque de Caxias\u00a0&#8211; \u00e0s\u00a0<strong><em>quintas-feiras<\/em><\/strong>, das 10 horas \u00e0s 13 horas (telefone:\u00a0<span dir=\"ltr\"><a href=\"tel:21 \/ 26710-110\">21 \/ 26710-110<\/a><\/span>)<\/p>\n<p><b>SINDICALIZE-SE!<\/b><\/p>\n","protected":false},"excerpt":{"rendered":"<p>Os bancos demitem. O Sindicato reintegra! Mais uma funcion\u00e1ria do Banco Ita\u00fa foi reintegrada pelo Sindicato dos Banc\u00e1rios da Baixada Fluminense. A reintegra\u00e7\u00e3o de Adriana Rodrigues de Carvalho, banc\u00e1ria da ag\u00eancia localizada na Av. Governador Amaral Peixoto, no Centro de Nova Igua\u00e7u, ocorreu nesta ter\u00e7a-feira, 17 de dezembro. A trabalhadora foi demitida sendo portadora de [&hellip;]<\/p>\n","protected":false},"author":2,"featured_media":16035,"comment_status":"","ping_status":"","sticky":false,"template":"","format":"standard","meta":{"footnotes":""},"categories":[3],"tags":[],"class_list":["post-16036","post","type-post","status-publish","format-standard","has-post-thumbnail","hentry","category-noticias"],"_links":{"self":[{"href":"https:\/\/hostnetart.com.br\/baixada\/wp-json\/wp\/v2\/posts\/16036","targetHints":{"allow":["GET"]}}],"collection":[{"href":"https:\/\/hostnetart.com.br\/baixada\/wp-json\/wp\/v2\/posts"}],"about":[{"href":"https:\/\/hostnetart.com.br\/baixada\/wp-json\/wp\/v2\/types\/post"}],"author":[{"embeddable":true,"href":"https:\/\/hostnetart.com.br\/baixada\/wp-json\/wp\/v2\/users\/2"}],"replies":[{"embeddable":true,"href":"https:\/\/hostnetart.com.br\/baixada\/wp-json\/wp\/v2\/comments?post=16036"}],"version-history":[{"count":0,"href":"https:\/\/hostnetart.com.br\/baixada\/wp-json\/wp\/v2\/posts\/16036\/revisions"}],"wp:featuredmedia":[{"embeddable":true,"href":"https:\/\/hostnetart.com.br\/baixada\/wp-json\/wp\/v2\/media\/16035"}],"wp:attachment":[{"href":"https:\/\/hostnetart.com.br\/baixada\/wp-json\/wp\/v2\/media?parent=16036"}],"wp:term":[{"taxonomy":"category","embeddable":true,"href":"https:\/\/hostnetart.com.br\/baixada\/wp-json\/wp\/v2\/categories?post=16036"},{"taxonomy":"post_tag","embeddable":true,"href":"https:\/\/hostnetart.com.br\/baixada\/wp-json\/wp\/v2\/tags?post=16036"}],"curies":[{"name":"wp","href":"https:\/\/api.w.org\/{rel}","templated":true}]}}