{"id":16030,"date":"2024-12-12T15:10:10","date_gmt":"2024-12-12T18:10:10","guid":{"rendered":"https:\/\/hostnetart.com.br\/baixada\/mais-um-bancario-e-reintegrado-pelo-sindicato-dos-bancarios-da-baixada-fluminense\/"},"modified":"2024-12-12T15:10:10","modified_gmt":"2024-12-12T18:10:10","slug":"mais-um-bancario-e-reintegrado-pelo-sindicato-dos-bancarios-da-baixada-fluminense","status":"publish","type":"post","link":"https:\/\/hostnetart.com.br\/baixada\/mais-um-bancario-e-reintegrado-pelo-sindicato-dos-bancarios-da-baixada-fluminense\/","title":{"rendered":"Mais um banc\u00e1rio \u00e9 reintegrado pelo Sindicato dos Banc\u00e1rios da Baixada Fluminense"},"content":{"rendered":"<p>As reintegra\u00e7\u00f5es n\u00e3o param!<\/p>\n<p>Nesta quinta-feira, 12 de dezembro, o Sindicato dos Banc\u00e1rios da Baixada Fluminense reintegrou mais um funcion\u00e1rio do Banco Ita\u00fa.<\/p>\n<p>Alexsandro Andrade, banc\u00e1rio de Mag\u00e9, foi demitido sendo portador de doen\u00e7a ocupacional. Com isso,\u00a0foi determinada sua imediata reintegra\u00e7\u00e3o, al\u00e9m da manuten\u00e7\u00e3o de todos seus direitos, anteriormente conquistados.<\/p>\n<p>Ap\u00f3s sua demiss\u00e3o, o banc\u00e1rio, que \u00e9 sindicalizado, procurou atendimento no Sindicato dos Banc\u00e1rios da Baixada Fluminense, onde foi prontamente atendido pelo Departamento Jur\u00eddico, atrav\u00e9s do advogado Luiz Paulo, do Escrit\u00f3rio Baptista &amp; Reis Advogados Associados, e pelo Departamento de Sa\u00fade.<\/p>\n<p>A reintegra\u00e7\u00e3o foi acompanhada pelos diretores Newton Fran\u00e7a, Martins, Ricardo de S\u00e1, Roberto Domingos e Dialas Filho.<\/p>\n<p><span style=\"text-decoration: underline;\"><strong>IMPORTANTE<\/strong><\/span><\/p>\n<p>\u00c9 fundamental que banc\u00e1rias e banc\u00e1rios, logo que sejam informados de suas demiss\u00f5es, procurem imediatamente atendimento no Sindicato.<\/p>\n<p><span style=\"text-decoration: underline;\"><b>ATENDIMENTO JUR\u00cdDICO PRESENCIAL<\/b><\/span><\/p>\n<p>Nova Igua\u00e7u\u00a0&#8211; \u00e0s\u00a0<em><strong>ter\u00e7as-feiras<\/strong><\/em>, das 11 horas\u00a0<span dir=\"ltr\">\u00e0 13 horas\u00a0<\/span>e das 14 horas \u00e0s 17 horas (telefone:\u00a0<span dir=\"ltr\"><a href=\"tel:21 \/ 2658-8041\">21 \/ 2658-8041<\/a><\/span>)<\/p>\n<p>Duque de Caxias\u00a0&#8211; \u00e0s\u00a0<strong><em>quintas-feiras<\/em><\/strong>, das 10 horas \u00e0s 13 horas (telefone:\u00a0<span dir=\"ltr\"><a href=\"tel:21 \/ 26710-110\">21 \/ 26710-110<\/a><\/span>)<\/p>\n<p><b>SINDICALIZE-SE!<\/b><\/p>\n","protected":false},"excerpt":{"rendered":"<p>As reintegra\u00e7\u00f5es n\u00e3o param! Nesta quinta-feira, 12 de dezembro, o Sindicato dos Banc\u00e1rios da Baixada Fluminense reintegrou mais um funcion\u00e1rio do Banco Ita\u00fa. Alexsandro Andrade, banc\u00e1rio de Mag\u00e9, foi demitido sendo portador de doen\u00e7a ocupacional. Com isso,\u00a0foi determinada sua imediata reintegra\u00e7\u00e3o, al\u00e9m da manuten\u00e7\u00e3o de todos seus direitos, anteriormente conquistados. Ap\u00f3s sua demiss\u00e3o, o banc\u00e1rio, [&hellip;]<\/p>\n","protected":false},"author":2,"featured_media":16029,"comment_status":"","ping_status":"","sticky":false,"template":"","format":"standard","meta":{"footnotes":""},"categories":[3],"tags":[],"class_list":["post-16030","post","type-post","status-publish","format-standard","has-post-thumbnail","hentry","category-noticias"],"_links":{"self":[{"href":"https:\/\/hostnetart.com.br\/baixada\/wp-json\/wp\/v2\/posts\/16030","targetHints":{"allow":["GET"]}}],"collection":[{"href":"https:\/\/hostnetart.com.br\/baixada\/wp-json\/wp\/v2\/posts"}],"about":[{"href":"https:\/\/hostnetart.com.br\/baixada\/wp-json\/wp\/v2\/types\/post"}],"author":[{"embeddable":true,"href":"https:\/\/hostnetart.com.br\/baixada\/wp-json\/wp\/v2\/users\/2"}],"replies":[{"embeddable":true,"href":"https:\/\/hostnetart.com.br\/baixada\/wp-json\/wp\/v2\/comments?post=16030"}],"version-history":[{"count":0,"href":"https:\/\/hostnetart.com.br\/baixada\/wp-json\/wp\/v2\/posts\/16030\/revisions"}],"wp:featuredmedia":[{"embeddable":true,"href":"https:\/\/hostnetart.com.br\/baixada\/wp-json\/wp\/v2\/media\/16029"}],"wp:attachment":[{"href":"https:\/\/hostnetart.com.br\/baixada\/wp-json\/wp\/v2\/media?parent=16030"}],"wp:term":[{"taxonomy":"category","embeddable":true,"href":"https:\/\/hostnetart.com.br\/baixada\/wp-json\/wp\/v2\/categories?post=16030"},{"taxonomy":"post_tag","embeddable":true,"href":"https:\/\/hostnetart.com.br\/baixada\/wp-json\/wp\/v2\/tags?post=16030"}],"curies":[{"name":"wp","href":"https:\/\/api.w.org\/{rel}","templated":true}]}}