{"id":1603,"date":"2014-08-04T00:00:00","date_gmt":"2014-08-04T03:00:00","guid":{"rendered":"https:\/\/hostnetart.com.br\/baixada\/bancarios-abrem-negociacao-sobre-emprego-com-os-bancos-nesta-quarta\/"},"modified":"2014-08-04T00:00:00","modified_gmt":"2014-08-04T03:00:00","slug":"bancarios-abrem-negociacao-sobre-emprego-com-os-bancos-nesta-quarta","status":"publish","type":"post","link":"https:\/\/hostnetart.com.br\/baixada\/bancarios-abrem-negociacao-sobre-emprego-com-os-bancos-nesta-quarta\/","title":{"rendered":"Banc\u00e1rios abrem negocia\u00e7\u00e3o sobre emprego com os bancos nesta quarta"},"content":{"rendered":"<p>O Comando Nacional dos Banc\u00e1rios, coordenado pela Contraf-CUT, realiza nesta quarta-feira 3 a terceira rodada de negocia\u00e7\u00e3o da Campanha 2014 com a Fenaban, para discutir emprego, que inclui fim das demiss\u00f5es e da rotatividade, mais contrata\u00e7\u00f5es, proibi\u00e7\u00e3o \u00e0s dispensas imotivadas, aumento da inclus\u00e3o banc\u00e1ria e combate \u00e0s terceiriza\u00e7\u00f5es. A reuni\u00e3o come\u00e7a \u00e0s 14h, no hotel Maksoud Plaza, em S\u00e3o Paulo. Na quinta-feira a rodada de negocia\u00e7\u00e3o durar\u00e1 o dia todo, tendo a remunera\u00e7\u00e3o na pauta.<\/p>\n<p>\u201cOs banc\u00e1rios definiram na 16\u00aa Confer\u00eancia Nacional a defesa do emprego como uma das principais preocupa\u00e7\u00f5es da Campanha 2014. Apesar dos lucros gigantescos, os bancos brasileiros, principalmente os privados, continuam eliminando postos de trabalho enquanto os outros setores est\u00e3o gerando novos empregos\u201d, critica Carlos Cordeiro, presidente da Contraf-CUT e coordenador do Comando Nacional.<\/p>\n<p>Levantamento do Departamento Intersindical de Estat\u00edstica e Estudos Socioecon\u00f4micos (Dieese) com base na Rais do Minist\u00e9rio do Trabalho mostra que os bancos privados fecharam 18.023 postos de trabalho em 2013. E de janeiro a julho de 2014 j\u00e1 cortaram mais 3.600 empregos, segundo a Pesquisa de Emprego Banc\u00e1rio (PEB) que a Contraf-CUT faz desde 2009 em parceria com o Dieese com base nos dados do Caged.<\/p>\n<p>Nesse mesmo per\u00edodo, a economia brasileira criou 1,75 milh\u00e3o de postos de trabalho, levando o emprego no Brasil ao melhor n\u00edvel em toda a hist\u00f3ria.<\/p>\n<p>\u201cOs bancos que est\u00e3o fechando postos de trabalho prejudicam os banc\u00e1rios, pioram o atendimento dos clientes e da popula\u00e7\u00e3o e n\u00e3o contribuem para o crescimento econ\u00f4mico e social do pa\u00eds com emprego e distribui\u00e7\u00e3o de renda\u201d, acrescenta Carlos Cordeiro. \u201cIsso tamb\u00e9m \u00e9 um sinal vermelho para a classe trabalhadora, uma vez que essa \u00e9 exatamente a receita para o pa\u00eds apregoada por economistas de bancos que est\u00e3o coordenando programas de governo de alguns candidatos \u00e0 Presid\u00eancia da Rep\u00fablica.\u201d<\/p>\n<p><strong>Rotatividade achata sal\u00e1rios<\/strong><\/p>\n<p>Al\u00e9m de fechar os 21.623 postos de trabalho de janeiro de 2013 a julho de 2014, os bancos privados desligaram 66.567 trabalhadores nesse mesmo per\u00edodo, segundo as pesquisa Contraf-CUT\/Dieese. Foram 42.892 desligamentos no ano passado (contra 38.563 admiss\u00f5es). <a href=\"http:\/\/www.contrafcut.org.br\/download\/Arquivo\/1412319276.pdf\" target=\"_blank\" rel=\"noopener noreferrer\">Veja aqui<\/a> a pesquisa de 2013. E mais 23.675 desligamentos (com 20.075 contrata\u00e7\u00f5es) nos primeiros sete meses deste ano. <a href=\"http:\/\/www.contrafcut.org.br\/download\/Arquivo\/14822114326.pdf\" target=\"_blank\" rel=\"noopener noreferrer\">Confira aqui<\/a> .<\/p>\n<p>\u201cQueremos p\u00f4r um fim a essa rotatividade porque no sistema financeiro ela faz parte do neg\u00f3cio e \u00e9 um mecanismo para reduzir sal\u00e1rio e aumentar lucros\u201d, diz Carlos Cordeiro.<\/p>\n<p>Isso fica claro nos n\u00fameros do Caged. A remunera\u00e7\u00e3o m\u00e9dia dos banc\u00e1rios desligados de janeiro a julho deste ano era de R$ 5.216,86 contra R$ 3.303,55 dos admitidos \u2013 uma diferen\u00e7a de 63,3%. Na economia como um todo, a diferen\u00e7a entre a remunera\u00e7\u00e3o m\u00e9dia de quem entra e quem sai das empresas \u00e9 de apenas 7%.<\/p>\n<p>Isso explica por que os banc\u00e1rios, com muita mobiliza\u00e7\u00e3o e luta, conquistaram aumento real de sal\u00e1rio de 18,3% de 2004 a 2013, mas o aumento da remunera\u00e7\u00e3o m\u00e9dia do banc\u00e1rio neste per\u00edodo foi de 13,6% acima da infla\u00e7\u00e3o. A situa\u00e7\u00e3o \u00e9 ainda pior nos bancos privados, onde est\u00e1 concentrada a rotatividade. Nesse segmento, o aumento m\u00e9dio da remunera\u00e7\u00e3o foi de apenas 8,8%, segundo a pesquisa do Dieese com base nos dados da Rais. Nos bancos p\u00fablicos, a eleva\u00e7\u00e3o da remunera\u00e7\u00e3o m\u00e9dia foi de 16,9%.<\/p>\n<p><a href=\"http:\/\/contrafcut.org.br\/download\/publicacoes\/1492184229.pdf\" target=\"_blank\" rel=\"noopener noreferrer\">Veja aqui<\/a> o estudo do Dieese sobre emprego e remunera\u00e7\u00e3o banc\u00e1ria nos \u00faltimos 10 anos.<\/p>\n<p><strong>Terceiriza\u00e7\u00e3o fecha empregos e reduz sal\u00e1rio<\/strong><\/p>\n<p>A Pesquisa Nacional de Amostragem Domiciliar (Pnad\/IBGE) de 2002 registrou que havia naquele ano 586.765 trabalhadores no sistema financeiro. J\u00e1 em 2011, a mesma pesquisa mostrou que esse n\u00famero saltou para 1,004 milh\u00e3o. No entanto, apenas 512 mil banc\u00e1rios eram formalmente contratados pelos bancos em 2012, sob a prote\u00e7\u00e3o da Conven\u00e7\u00e3o Coletiva de Trabalho (CCT) da categoria.<\/p>\n<p>\u201cOu seja, para cada banc\u00e1rio formal existe outro informal trabalhando no sistema financeiro, recebendo sal\u00e1rios inferiores, cumprindo jornadas de trabalho maiores e sem os mesmos direitos da categoria, aumentando os lucros bilion\u00e1rios dos bancos\u201d, afirma Miguel Pereira, secret\u00e1rio de Organiza\u00e7\u00e3o da Contraf-CUT.<\/p>\n<p>Entre 1999 e 2013, as institui\u00e7\u00f5es financeiras aumentaram 319% as despesas com trabalhadores terceirizados, tend\u00eancia que vem se acelerando nos \u00faltimos anos, segundo Relat\u00f3rio Social da Febraban.<\/p>\n<p>Se considerarmos os diversos tipos de correspondentes banc\u00e1rios (banco postal, lot\u00e9ricos, pastinhas, supermercados, drogarias etc.), esses n\u00fameros poderiam ser exponencialmente multiplicados.<\/p>\n<p>Esses trabalhadores terceirizados est\u00e3o distribu\u00eddos pelo sistema financeiro em m\u00faltiplas CNAES (Classifica\u00e7\u00e3o Nacional de Atividades Econ\u00f4micas), dificultando sua identifica\u00e7\u00e3o e localiza\u00e7\u00e3o como prestadores de servi\u00e7os aos bancos.<\/p>\n<p>\u201cEssa amea\u00e7a se agrava com a tentativa do setor empresarial, tendo os bancos \u00e0 frente, de legalizar a terceiriza\u00e7\u00e3o total no Brasil com a aprova\u00e7\u00e3o do PL 4330 na C\u00e2mara Federal, do PLS 087 no Senado e do julgamento de Recurso Extraordin\u00e1rio com Repercuss\u00e3o Geral no STF. E por \u00faltimo, \u00e9 extremamente preocupante o fato de o programa econ\u00f4mico da candidata Marina Silva incorporar expressamente o compromisso de regulamentar a terceiriza\u00e7\u00e3o precarizante em todos os setores da economia\u201d, adverte Miguel Pereira.<\/p>\n<p>Fonte: Contraf-CUT<\/p>\n","protected":false},"excerpt":{"rendered":"<p>O Comando Nacional dos Banc\u00e1rios, coordenado pela Contraf-CUT, realiza nesta quarta-feira 3 a terceira rodada de negocia\u00e7\u00e3o da Campanha 2014 com a Fenaban, para discutir emprego, que inclui fim das demiss\u00f5es e da rotatividade, mais contrata\u00e7\u00f5es, proibi\u00e7\u00e3o \u00e0s dispensas imotivadas, aumento da inclus\u00e3o banc\u00e1ria e combate \u00e0s terceiriza\u00e7\u00f5es. A reuni\u00e3o come\u00e7a \u00e0s 14h, no hotel [&hellip;]<\/p>\n","protected":false},"author":1,"featured_media":0,"comment_status":"","ping_status":"","sticky":false,"template":"","format":"standard","meta":{"footnotes":""},"categories":[3],"tags":[],"class_list":["post-1603","post","type-post","status-publish","format-standard","hentry","category-noticias"],"_links":{"self":[{"href":"https:\/\/hostnetart.com.br\/baixada\/wp-json\/wp\/v2\/posts\/1603","targetHints":{"allow":["GET"]}}],"collection":[{"href":"https:\/\/hostnetart.com.br\/baixada\/wp-json\/wp\/v2\/posts"}],"about":[{"href":"https:\/\/hostnetart.com.br\/baixada\/wp-json\/wp\/v2\/types\/post"}],"author":[{"embeddable":true,"href":"https:\/\/hostnetart.com.br\/baixada\/wp-json\/wp\/v2\/users\/1"}],"replies":[{"embeddable":true,"href":"https:\/\/hostnetart.com.br\/baixada\/wp-json\/wp\/v2\/comments?post=1603"}],"version-history":[{"count":0,"href":"https:\/\/hostnetart.com.br\/baixada\/wp-json\/wp\/v2\/posts\/1603\/revisions"}],"wp:attachment":[{"href":"https:\/\/hostnetart.com.br\/baixada\/wp-json\/wp\/v2\/media?parent=1603"}],"wp:term":[{"taxonomy":"category","embeddable":true,"href":"https:\/\/hostnetart.com.br\/baixada\/wp-json\/wp\/v2\/categories?post=1603"},{"taxonomy":"post_tag","embeddable":true,"href":"https:\/\/hostnetart.com.br\/baixada\/wp-json\/wp\/v2\/tags?post=1603"}],"curies":[{"name":"wp","href":"https:\/\/api.w.org\/{rel}","templated":true}]}}