{"id":16022,"date":"2024-12-11T13:51:18","date_gmt":"2024-12-11T16:51:18","guid":{"rendered":"https:\/\/hostnetart.com.br\/baixada\/encontro-discute-regulamentacao-do-estatuto-da-seguranca-privada-e-das-instituicoes-financeiras\/"},"modified":"2024-12-11T13:51:18","modified_gmt":"2024-12-11T16:51:18","slug":"encontro-discute-regulamentacao-do-estatuto-da-seguranca-privada-e-das-instituicoes-financeiras","status":"publish","type":"post","link":"https:\/\/hostnetart.com.br\/baixada\/encontro-discute-regulamentacao-do-estatuto-da-seguranca-privada-e-das-instituicoes-financeiras\/","title":{"rendered":"Encontro discute regulamenta\u00e7\u00e3o do Estatuto da Seguran\u00e7a Privada e das Institui\u00e7\u00f5es Financeiras"},"content":{"rendered":"<p>O coordenador da Mesa de Negocia\u00e7\u00e3o do Ramo Financeiro e de Seguran\u00e7a da Contraf-CUT, Jair Alves, est\u00e1 em Bras\u00edlia para representar a entidade no encontro sobre a regulamenta\u00e7\u00e3o do Estatuto da Seguran\u00e7a Privada e das Institui\u00e7\u00f5es Financeiras. O evento, que acontece nos dias 10, 11 e 12 de dezembro, re\u00fane representantes de entidades sindicais e patronais para discutir a implementa\u00e7\u00e3o da Lei 14.967\/2024. Tamb\u00e9m participa do encontro M\u00f4nica Brull, da Fetrafi MG, representando o ramo financeiro.<\/p>\n<p>Sancionada pelo presidente Luiz In\u00e1cio Lula da Silva e publicada no Di\u00e1rio Oficial da Uni\u00e3o no dia 10 de setembro de 2024, a Lei estabelece um marco regulat\u00f3rio para a seguran\u00e7a privada e a prote\u00e7\u00e3o nas institui\u00e7\u00f5es financeiras. A legisla\u00e7\u00e3o determina que os servi\u00e7os de seguran\u00e7a devem respeitar os princ\u00edpios da dignidade da pessoa humana, prote\u00e7\u00e3o \u00e0 vida e interesse p\u00fablico. Al\u00e9m disso, pro\u00edbe a atua\u00e7\u00e3o de aut\u00f4nomos e cooperativas no setor e exige autoriza\u00e7\u00e3o pr\u00e9via da Pol\u00edcia Federal para a presta\u00e7\u00e3o dos servi\u00e7os.<\/p>\n<p>A nova norma tamb\u00e9m prev\u00ea a aplica\u00e7\u00e3o de tecnologias avan\u00e7adas e medidas rigorosas para a prote\u00e7\u00e3o patrimonial, estabelecendo um padr\u00e3o claro para as empresas de seguran\u00e7a privada e institui\u00e7\u00f5es financeiras.<\/p>\n<p>De acordo com Jair Alves, o encontro \u00e9 uma oportunidade essencial para garantir que a regulamenta\u00e7\u00e3o seja aprimorada, visando n\u00e3o apenas a prote\u00e7\u00e3o do patrim\u00f4nio, mas principalmente a seguran\u00e7a dos trabalhadores e dos clientes. \u201cA Contraf-CUT e a CNTV est\u00e3o unidas representando a CUT Nacional neste evento. Nosso objetivo \u00e9 lutar por melhorias que protejam n\u00e3o s\u00f3 os funcion\u00e1rios do sistema financeiro e os clientes, mas tamb\u00e9m os vigilantes, que est\u00e3o na linha de frente deste trabalho crucial\u201d, afirmou.<\/p>\n<p>\u201cO debate busca construir um consenso entre os diversos setores envolvidos, garantindo que a implementa\u00e7\u00e3o da lei atenda \u00e0s necessidades de seguran\u00e7a, dignidade e efici\u00eancia no setor financeiro e de seguran\u00e7a privada\u201d, completou Jos\u00e9 Boaventura Santos, presidente da Confedera\u00e7\u00e3o Nacional dos Vigilantes (CNTV).<\/p>\n<p><strong>Fonte: Contraf-CUT<\/strong><\/p>\n","protected":false},"excerpt":{"rendered":"<p>O coordenador da Mesa de Negocia\u00e7\u00e3o do Ramo Financeiro e de Seguran\u00e7a da Contraf-CUT, Jair Alves, est\u00e1 em Bras\u00edlia para representar a entidade no encontro sobre a regulamenta\u00e7\u00e3o do Estatuto da Seguran\u00e7a Privada e das Institui\u00e7\u00f5es Financeiras. O evento, que acontece nos dias 10, 11 e 12 de dezembro, re\u00fane representantes de entidades sindicais e [&hellip;]<\/p>\n","protected":false},"author":2,"featured_media":16021,"comment_status":"","ping_status":"","sticky":false,"template":"","format":"standard","meta":{"footnotes":""},"categories":[3],"tags":[],"class_list":["post-16022","post","type-post","status-publish","format-standard","has-post-thumbnail","hentry","category-noticias"],"_links":{"self":[{"href":"https:\/\/hostnetart.com.br\/baixada\/wp-json\/wp\/v2\/posts\/16022","targetHints":{"allow":["GET"]}}],"collection":[{"href":"https:\/\/hostnetart.com.br\/baixada\/wp-json\/wp\/v2\/posts"}],"about":[{"href":"https:\/\/hostnetart.com.br\/baixada\/wp-json\/wp\/v2\/types\/post"}],"author":[{"embeddable":true,"href":"https:\/\/hostnetart.com.br\/baixada\/wp-json\/wp\/v2\/users\/2"}],"replies":[{"embeddable":true,"href":"https:\/\/hostnetart.com.br\/baixada\/wp-json\/wp\/v2\/comments?post=16022"}],"version-history":[{"count":0,"href":"https:\/\/hostnetart.com.br\/baixada\/wp-json\/wp\/v2\/posts\/16022\/revisions"}],"wp:featuredmedia":[{"embeddable":true,"href":"https:\/\/hostnetart.com.br\/baixada\/wp-json\/wp\/v2\/media\/16021"}],"wp:attachment":[{"href":"https:\/\/hostnetart.com.br\/baixada\/wp-json\/wp\/v2\/media?parent=16022"}],"wp:term":[{"taxonomy":"category","embeddable":true,"href":"https:\/\/hostnetart.com.br\/baixada\/wp-json\/wp\/v2\/categories?post=16022"},{"taxonomy":"post_tag","embeddable":true,"href":"https:\/\/hostnetart.com.br\/baixada\/wp-json\/wp\/v2\/tags?post=16022"}],"curies":[{"name":"wp","href":"https:\/\/api.w.org\/{rel}","templated":true}]}}