{"id":16020,"date":"2024-12-11T13:50:36","date_gmt":"2024-12-11T16:50:36","guid":{"rendered":"https:\/\/hostnetart.com.br\/baixada\/funcef-aprova-adequacao-da-meta-atuarial\/"},"modified":"2024-12-11T13:50:36","modified_gmt":"2024-12-11T16:50:36","slug":"funcef-aprova-adequacao-da-meta-atuarial","status":"publish","type":"post","link":"https:\/\/hostnetart.com.br\/baixada\/funcef-aprova-adequacao-da-meta-atuarial\/","title":{"rendered":"Funcef aprova adequa\u00e7\u00e3o da meta atuarial"},"content":{"rendered":"<p>O Conselho Deliberativo da Funcef aprovou, em reuni\u00e3o extraordin\u00e1ria realizada na segunda-feira (9), por 4 votos a 2, a adequa\u00e7\u00e3o da meta atuarial dos planos de benef\u00edcios. Com a decis\u00e3o, a meta passa dos atuais 4,5% para 4,85% no Novo Plano, REB e Reg\/Replan N\u00e3o Saldado. J\u00e1 no Reg\/Replan Saldado, a meta ser\u00e1 4,75%. As novas metas ser\u00e3o praticadas a partir de janeiro de 2025.<\/p>\n<p>\u201cTrata-se, na verdade, de uma adequa\u00e7\u00e3o das proje\u00e7\u00f5es dos planos ao perfil e rentabilidade esperada dos ativos de investimentos. Isso deve reduzir o d\u00e9ficit n\u00e3o equacionado da Funcef\u201d, explicou a diretora executiva da Confedera\u00e7\u00e3o Nacional dos Trabalhadores do Ramo Financeiro (Contraf-CUT), Eliana Brasil. O d\u00e9ficit n\u00e3o equacionado atual chega a R$ 6,7 bilh\u00f5es.<\/p>\n<p>Para o presidente da Federa\u00e7\u00e3o Nacional das Associa\u00e7\u00f5es do Pessoal da Caixa (Fenae), Sergio Takemoto, a aprova\u00e7\u00e3o da eleva\u00e7\u00e3o da meta atuarial representa um avan\u00e7o necess\u00e1rio para garantir o equil\u00edbrio dos planos de benef\u00edcios e a sustentabilidade financeira no longo prazo. \u201cOs estudos apontam para a possibilidade de um aumento ainda maior. Mas a altera\u00e7\u00e3o realizada j\u00e1 \u00e9 importante para reduzir o d\u00e9ficit n\u00e3o equacionado do Reg\/Replan Saldado e aumentar o benef\u00edcio futuro dos participantes do REB e Novo Plano, embora ainda n\u00e3o tenha corrigido o\u00a0<a href=\"https:\/\/www.fenae.org.br\/portal\/fenae-portal\/conselho-deliberativo-da-funcef-vota-aumento-da-meta-atuarial-nesta-segunda-feira-2.htm\" target=\"_blank\" rel=\"noopener noreferrer\">equ\u00edvoco da dr\u00e1stica redu\u00e7\u00e3o de 2017<\/a>, que gerou um custo bilion\u00e1rio para os participantes do REG\/Replan e reduziu os novos benef\u00edcios concedidos aos participantes do Novo Plano e do REB\u201d, destacou.<\/p>\n<p>O diretor de Benef\u00edcios (Diben), Jair Pedro Ferreira, eleito pelos participantes, tamb\u00e9m considerou positivo o aumento. \u201cA Diben conduziu os estudos, validados por uma consultoria atuarial independente, que demonstraram a viabilidade e os benef\u00edcios do aumento da meta para os planos e para os participantes, e os percentuais est\u00e3o dentro das provis\u00f5es t\u00e9cnicas\u201d, explicou.<\/p>\n<h2><strong>Como votaram os conselheiros<\/strong><\/h2>\n<p>O conselheiro Selim Oliveira, que j\u00e1 havia sinalizado anteriormente seu posicionamento, votou a favor do aumento, assim como os conselheiros Lucius de Vasconcelos Sousa, Adauto Pereira J\u00fanior e a presidente do Conselho, Maria Salete Cavalcanti. J\u00e1 os conselheiros Marcos Todt e Ana F\u00e1tima de Brito votaram contra.<\/p>\n<p>Ao votar pelo aumento da meta atuarial, o conselheiro Selim citou o parecer do Comit\u00ea de Assessoramento T\u00e9cnico de Benef\u00edcios (CATB), que apontou alta ader\u00eancia das taxas propostas. &#8220;A taxa de 4,75% para o REG\/Replan Saldado tem mais de 80% de chance de se concretizar e reduz o impacto no d\u00e9ficit n\u00e3o equacionado, praticamente zerando o d\u00e9ficit do plano a partir de 2025. Al\u00e9m disso, n\u00e3o compromete a solv\u00eancia, liquidez e o risco de mercado dos planos&#8221;, justificou.<\/p>\n<p>Para o diretor de Sa\u00fade e Previd\u00eancia da Fenae, Leonardo Quadros, a decis\u00e3o marca o fim de uma sequ\u00eancia de pedidos de vistas que vinham adiando a defini\u00e7\u00e3o sobre o tema. \u201c\u00c9 uma decis\u00e3o importante para os participantes\u201d, disse.<\/p>\n<p>Leonardo lembrou que faz algum tempo que a Fenae defende a adequa\u00e7\u00e3o da meta, \u201csempre com responsabilidade, com base em estudos t\u00e9cnicos e dentro dos limites previstos pela legisla\u00e7\u00e3o\u201d, ressaltou. \u201cVale destacar que\u00a0<a href=\"https:\/\/www.fenae.org.br\/portal\/fenae-portal\/diretoria-executiva-da-funcef-aprova-estudos-para-reavaliacao-da-meta-atuarial-a-partir-de-2025.htm\" target=\"_blank\" rel=\"noopener noreferrer\">todos os participantes ser\u00e3o beneficiados<\/a>\u00a0pela medida. Quem est\u00e1 no Reg\/Replan Saldado dever\u00e1 ter o d\u00e9ficit n\u00e3o equacionado do plano praticamente zerado ap\u00f3s o ajuste de precifica\u00e7\u00e3o. E os participantes do REB e do Novo Plano que pretendem requerer o benef\u00edcio a partir de janeiro ter\u00e3o um benef\u00edcio maior\u201d, completou.<\/p>\n<p><strong>Fonte:\u00a0<a href=\"https:\/\/www.fenae.org.br\/portal\/fenae-portal\/em-reuniao-extraordinaria-conselho-deliberativo-da-funcef-aprova-adequacao-da-meta-atuarial.htm\" target=\"_blank\" rel=\"noopener noreferrer\">Fenae,<\/a>\u00a0com edi\u00e7\u00f5es da Contraf-CUT<\/strong><\/p>\n","protected":false},"excerpt":{"rendered":"<p>O Conselho Deliberativo da Funcef aprovou, em reuni\u00e3o extraordin\u00e1ria realizada na segunda-feira (9), por 4 votos a 2, a adequa\u00e7\u00e3o da meta atuarial dos planos de benef\u00edcios. Com a decis\u00e3o, a meta passa dos atuais 4,5% para 4,85% no Novo Plano, REB e Reg\/Replan N\u00e3o Saldado. J\u00e1 no Reg\/Replan Saldado, a meta ser\u00e1 4,75%. As [&hellip;]<\/p>\n","protected":false},"author":2,"featured_media":16019,"comment_status":"","ping_status":"","sticky":false,"template":"","format":"standard","meta":{"footnotes":""},"categories":[3],"tags":[],"class_list":["post-16020","post","type-post","status-publish","format-standard","has-post-thumbnail","hentry","category-noticias"],"_links":{"self":[{"href":"https:\/\/hostnetart.com.br\/baixada\/wp-json\/wp\/v2\/posts\/16020","targetHints":{"allow":["GET"]}}],"collection":[{"href":"https:\/\/hostnetart.com.br\/baixada\/wp-json\/wp\/v2\/posts"}],"about":[{"href":"https:\/\/hostnetart.com.br\/baixada\/wp-json\/wp\/v2\/types\/post"}],"author":[{"embeddable":true,"href":"https:\/\/hostnetart.com.br\/baixada\/wp-json\/wp\/v2\/users\/2"}],"replies":[{"embeddable":true,"href":"https:\/\/hostnetart.com.br\/baixada\/wp-json\/wp\/v2\/comments?post=16020"}],"version-history":[{"count":0,"href":"https:\/\/hostnetart.com.br\/baixada\/wp-json\/wp\/v2\/posts\/16020\/revisions"}],"wp:featuredmedia":[{"embeddable":true,"href":"https:\/\/hostnetart.com.br\/baixada\/wp-json\/wp\/v2\/media\/16019"}],"wp:attachment":[{"href":"https:\/\/hostnetart.com.br\/baixada\/wp-json\/wp\/v2\/media?parent=16020"}],"wp:term":[{"taxonomy":"category","embeddable":true,"href":"https:\/\/hostnetart.com.br\/baixada\/wp-json\/wp\/v2\/categories?post=16020"},{"taxonomy":"post_tag","embeddable":true,"href":"https:\/\/hostnetart.com.br\/baixada\/wp-json\/wp\/v2\/tags?post=16020"}],"curies":[{"name":"wp","href":"https:\/\/api.w.org\/{rel}","templated":true}]}}