{"id":16016,"date":"2024-12-10T15:30:53","date_gmt":"2024-12-10T18:30:53","guid":{"rendered":"https:\/\/hostnetart.com.br\/baixada\/10-de-dezembro-dia-de-defender-os-direitos-humanos-e-a-democracia\/"},"modified":"2024-12-10T15:30:53","modified_gmt":"2024-12-10T18:30:53","slug":"10-de-dezembro-dia-de-defender-os-direitos-humanos-e-a-democracia","status":"publish","type":"post","link":"https:\/\/hostnetart.com.br\/baixada\/10-de-dezembro-dia-de-defender-os-direitos-humanos-e-a-democracia\/","title":{"rendered":"10 de dezembro: Dia de defender os direitos humanos e a democracia"},"content":{"rendered":"<p>\u00a0<\/p>\n<div class=\"elementor elementor-12262 elementor-location-single post-26223 post type-post status-publish format-standard has-post-thumbnail hentry category-ultimas-noticias\" data-elementor-type=\"single-post\" data-elementor-id=\"12262\" data-elementor-settings=\"[]\">\n<div class=\"elementor-section-wrap\">\n<section class=\"elementor-section elementor-top-section elementor-element elementor-element-e256549 elementor-section-boxed elementor-section-height-default elementor-section-height-default\" data-id=\"e256549\" data-element_type=\"section\" data-settings=\"{&quot;background_background&quot;:&quot;classic&quot;}\">\n<div class=\"elementor-container elementor-column-gap-default\">\n<div class=\"elementor-row\">\n<div class=\"elementor-column elementor-col-100 elementor-top-column elementor-element elementor-element-3aa54a3\" data-id=\"3aa54a3\" data-element_type=\"column\">\n<div class=\"elementor-column-wrap elementor-element-populated\">\n<div class=\"elementor-widget-wrap\">\n<div class=\"elementor-element elementor-element-43a09ee elementor-widget elementor-widget-theme-post-content\" data-id=\"43a09ee\" data-element_type=\"widget\" data-widget_type=\"theme-post-content.default\">\n<div class=\"elementor-widget-container\">\n<p>O Dia Internacional dos Direitos Humanos \u00e9 celebrado em 10 de dezembro, data em que a ONU adotou a Declara\u00e7\u00e3o Universal dos Direitos Humanos (DUDH) em 1948. Este documento hist\u00f3rico estabelece a prote\u00e7\u00e3o universal de direitos como vida, liberdade, seguran\u00e7a e dignidade, sendo traduzido em mais de 500 idiomas. A data, no Brasil, tamb\u00e9m marca o fim dos 21 dias de ativismo pelo fim da viol\u00eancia contra a mulher.<\/p>\n<p>Para marcar a data, a CUT, junto \u00e0s frentes Brasil Popular e Povo Sem Medo, organiza o ato \u201cSem Anistia para Golpistas\u201d, que ocorrer\u00e1 em diversas capitais do Brasil. A mobiliza\u00e7\u00e3o refor\u00e7a o rep\u00fadio aos ataques contra a democracia, como o planejamento de um golpe de Estado que inclu\u00eda a\u00e7\u00f5es extremas contra l\u00edderes pol\u00edticos, segundo investiga\u00e7\u00f5es da Pol\u00edcia Federal.<\/p>\n<p>A presidenta da Contraf-CUT, Juvandia Moreira, destacou a import\u00e2ncia de proteger os direitos b\u00e1sicos: \u201cA democracia \u00e9 o alicerce que garante direitos como dignidade, igualdade e liberdade. A defesa desses valores \u00e9 uma luta di\u00e1ria e essencial para construir uma sociedade justa e igualit\u00e1ria.\u201d<\/p>\n<p>A secret\u00e1ria de Pol\u00edticas Sociais da Contraf-CUT, Elaine Cutis, tamb\u00e9m refor\u00e7ou a necessidade de uni\u00e3o em torno da democracia: \u201cDefender a democracia \u00e9 proteger direitos que n\u00e3o s\u00e3o privil\u00e9gios, mas garantias fundamentais. \u00c9 por meio dela que valores como justi\u00e7a e igualdade s\u00e3o assegurados para todos, independentemente de origem, ra\u00e7a, g\u00eanero ou religi\u00e3o.\u201d<br \/><strong>Al\u00e9m de pedir cadeia para os golpistas os atos s\u00e3o em defesa de:<\/strong><\/p>\n<p>\u2013 Redu\u00e7\u00e3o da jornada de trabalho, sem redu\u00e7\u00e3o de sal\u00e1rios! N\u00e3o \u00e0 escala 6X1!<br \/>\u2013 Valoriza\u00e7\u00e3o do sal\u00e1rio m\u00ednimo e das aposentadorias<br \/>\u2013 Taxa\u00e7\u00e3o dos ricos<br \/>\u2013 Garantia de investimentos na Sa\u00fade e na Educa\u00e7\u00e3o, sem redu\u00e7\u00e3o de gastos<br \/>\u2013 Contra o PL do estupro<br \/>\u2013 Contra o genoc\u00eddio da juventude negra<br \/>\u2013 Redu\u00e7\u00e3o da taxa de juros<\/p>\n<p>Reprodu\u00e7\u00e3o<a href=\"https:\/\/assets.cut.org.br\/system\/uploads\/ck\/Bandiras%20atos%20dia%2010%20AHEAD.jpg\" target=\"_blank\" rel=\"noopener noreferrer\"><img fetchpriority=\"high\" decoding=\"async\" src=\"https:\/\/www.cut.org.br\/images\/cache\/systemuploadsckbandiras20atos20dia-650x813xfit-cfa0c.jpg\" alt=\"Reprodu\u00e7\u00e3o\" width=\"650\" height=\"813\" \/><\/a><\/p>\n<p>Para que n\u00e3o haja nenhuma d\u00favida de que anistiar os golpistas ser\u00e1 um desservi\u00e7o \u00e0 nossa democracia \u00e9 que a classe trabalhadora, os estudantes e toda a popula\u00e7\u00e3o precisam comparecer nos atos programados.<\/p>\n<p>Leia mais\u00a0<a href=\"https:\/\/www.cut.org.br\/noticias\/10-motivos-para-a-classe-trabalhadora-ir-as-ruas-nos-atos-do-proximo-dia-10-2b4d\" target=\"_blank\" rel=\"noopener noreferrer\">10 motivos para a classe trabalhadora ir \u00e0s ruas nos atos do pr\u00f3ximo dia 10<\/a><\/p>\n<p><strong>Confira os locais e hor\u00e1rios programados \u2013 (essa lista poder\u00e1 ser atualizada)<\/strong><\/p>\n<p><strong>Alagoas \u2013 Macei\u00f3:\u00a0<\/strong>Pra\u00e7a D.Pedro II,\u00a0Centro\u00a0\u2013 9h<\/p>\n<p><strong>Bahia<\/strong>\u00a0<strong>\u2013 Itabuna<\/strong>: Pra\u00e7a Adami \u2013 10h<\/p>\n<p><strong>Bahia\u00a0<\/strong>\u2013\u00a0<strong>Salvador<\/strong>: Campo Grande \u2013 15h<\/p>\n<p><strong>Cear\u00e1\u00a0<\/strong>\u2013\u00a0<strong>Fortaleza<\/strong>: Pra\u00e7a da Justi\u00e7a Federal -15h<\/p>\n<p><strong>Distrito Federal \u2013 Bras\u00edlia<\/strong>: Pra\u00e7a Zumbi (CONIC) \u2013 11h30<\/p>\n<p><strong>Distrito Federal \u2013 Bras\u00edlia<\/strong>: UNB (Audit\u00f3rio da Faculdade de Direito) \u2013 18h<\/p>\n<p><strong>Esp\u00edrito Santo\u00a0<\/strong>\u2013\u00a0<strong>Vit\u00f3ria<\/strong>: \u00a0UFES -16h<\/p>\n<p><strong>Goi\u00e1s \u2013 Goi\u00e2nia \/ Ato 1<\/strong>: Plen\u00e1ria dos movimentos populares e sindicais; apresenta\u00e7\u00e3o do relat\u00f3rio de viola\u00e7\u00f5es dos direitos humanos em Goi\u00e1s, no Audit\u00f3rio da ADUFG sindicato- 13h<\/p>\n<p><strong>Goi\u00e1s \u2013 Goi\u00e2nia \/ Ato 2:\u00a0<\/strong>Procuradoria da Rep\u00fablica em Goi\u00e1s, Av. Olinda, Parque Lozandes \u2013 16h<\/p>\n<p><strong>Maranh\u00e3o<\/strong>\u2013\u00a0<strong>S\u00e3o Lu\u00eds<\/strong>: Pra\u00e7a Deodoro \u2013 16h<\/p>\n<p><strong>Mato Grosso \u2013 Cuiab\u00e1<\/strong>\u00a0: Pra\u00e7a Ipiranga \u2013 18h<\/p>\n<p><strong>Mato Grosso do Sul<\/strong>\u00a0\u2013\u00a0<strong>Campo Grande<\/strong>: Pra\u00e7a Ary Coelho -17h (hor\u00e1rio local)<\/p>\n<p><strong>Minas Gerais \u2013 Belo Horizonte<\/strong>\u00a0: Pra\u00e7a Sete -18h<\/p>\n<p><strong>Minas Gerais \u2013 Po\u00e7os de Caldas<\/strong>\u00a0: no Terminal \u2013 17h<\/p>\n<p><strong>Par\u00e1<\/strong>\u00a0\u2013\u00a0<strong>Bel\u00e9m<\/strong>: Largo do Redondo \u2013 17h<\/p>\n<p><strong>Para\u00edba<\/strong>\u00a0\u2013\u00a0<strong>Jo\u00e3o Pessoa<\/strong>: Parque Solon de Lucena \u2013 15h<\/p>\n<p><strong>Paran\u00e1\u00a0<\/strong>\u2013\u00a0<strong>Curitiba<\/strong>: Pra\u00e7a Santos Andrade \u2013 18h30<\/p>\n<p><strong>Paran\u00e1\u00a0<\/strong>\u2013\u00a0<strong>Maring\u00e1<\/strong>: Estacionamento ao lado do Terminal Urbano \u2013 17h30<\/p>\n<p><strong>Pernambuco<\/strong>\u00a0\u2013\u00a0<strong>Recife<\/strong>: Parque 13 de Maio \u2013 16h<\/p>\n<p><strong>Piau\u00ed<\/strong>\u00a0\u2013\u00a0<strong>Teresina<\/strong>: \u00a0Pra\u00e7a Rio Branco \u00e0 Pra\u00e7a Pedro II \u2013 8h<\/p>\n<p><strong>Rio de Janeiro<\/strong>\u00a0<strong>\u2013 Capital<\/strong>: \u00a0Largo da Carioca -Pra\u00e7a XV- 16h<\/p>\n<p><strong>Rio de Janeiro \u2013 Campos dos Goytacazes<\/strong>\u00a0: Rodovi\u00e1ria Roberto Silveira \u2013 16h<\/p>\n<p><strong>Rio de Janeiro<\/strong>\u00a0\u2013\u00a0<strong>Nova Friburgo<\/strong>: em frente ao IENF, Pra\u00e7a Demerval Barbosa \u2013 17h<\/p>\n<p><strong>Rio Grande do Norte\u00a0<\/strong>\u2013\u00a0<strong>Natal<\/strong>: cal\u00e7ada do Midway com caminhada at\u00e9 a Igreja Universal \u2013 15h<\/p>\n<p><strong>Rio Grande do Sul \u2013 Cachoeirinha<\/strong>: Av.Gal. Flores da Cunha, em frente a CEF \u2013 16h<\/p>\n<p><strong>Rio Grande do Sul \u2013 Porto Alegre<\/strong>:\u00a0Largo dos A\u00e7orianos (Ponte de Pedra Centro Hist\u00f3rico) \u2013 18h<\/p>\n<p><strong>Santa Catarina \u2013\u00a0Api\u00fana<\/strong>: na Pra\u00e7a da Igreja Matriz \u2013 10h<\/p>\n<p>S<strong>anta Catarina \u2013 Crici\u00fama<\/strong>: na Pra\u00e7a Nereu Ramos \u2013 17h<\/p>\n<p><strong>Santa Catarina\u00a0<\/strong>\u2013\u00a0<strong>Florian\u00f3polis<\/strong>: em frente ao Ticen \u2013 17h<\/p>\n<p><strong>Sergipe<\/strong>\u00a0\u2013\u00a0<strong>Aracaju<\/strong>: Pra\u00e7a General Valad\u00e3o, Centro \u2013 14h<\/p>\n<p><strong>S\u00e3o Paulo<\/strong>\u00a0\u2013\u00a0<strong>Capital<\/strong>: Avenida Paulista, em frente ao MASP \u2013 17h<\/p>\n<p><strong>S\u00e3o Paulo \u2013 Campinas<\/strong>\u00a0: Pra\u00e7a da Catedral \u2013 17h<\/p>\n<p><strong>S\u00e3o Paulo \u2013 Ilha Bela<\/strong>\u00a0: Pra\u00e7a Elvira Estorace, Perequ\u00ea, ( em frete ao Pimenta de Cheiro) \u2013 17h<\/p>\n<p><strong>S\u00e3o Paulo \u2013 Osasco<\/strong>\u00a0: Rua Ant\u00f4nio Agu \u2013 Cal\u00e7ad\u00e3o \u2013 15h<\/p>\n<p><strong>S\u00e3o Paulo<\/strong>\u00a0\u2013\u00a0<strong>Ribeir\u00e3o Preto<\/strong>: Plen\u00e1rio da C\u00e2mara Municipal \u2013 18h<\/p>\n<p><strong>S\u00e3o Paulo \u2013 Santos<\/strong>:\u00a0Esta\u00e7\u00e3o da Cidadania \u2013 17h30<\/p>\n<p><strong>S\u00e3o Paulo \u2013 S\u00e3o Sebasti\u00e3o<\/strong>: C\u00e2mara Municipal \u2013 17h30<\/p>\n<p><strong>Internacional<\/strong><\/p>\n<p><strong>It\u00e1lia \u2013 Roma :<\/strong>\u00a0Via Galilei, 57 (Ato conjunto com a Argentina in It\u00e1lia por la memoria verdad justicia)<\/p>\n<p><strong>Fonte: Contraf-CUT<\/strong><\/p>\n<\/div>\n<\/div>\n<\/div>\n<\/div>\n<\/div>\n<\/div>\n<\/div>\n<\/section>\n<\/div>\n<\/div>\n<div class=\"elementor elementor-12132 elementor-location-footer\" data-elementor-type=\"footer\" data-elementor-id=\"12132\" data-elementor-settings=\"[]\">\u00a0<\/div>\n<p>\u00a0<\/p>\n","protected":false},"excerpt":{"rendered":"<p>\u00a0 O Dia Internacional dos Direitos Humanos \u00e9 celebrado em 10 de dezembro, data em que a ONU adotou a Declara\u00e7\u00e3o Universal dos Direitos Humanos (DUDH) em 1948. Este documento hist\u00f3rico estabelece a prote\u00e7\u00e3o universal de direitos como vida, liberdade, seguran\u00e7a e dignidade, sendo traduzido em mais de 500 idiomas. A data, no Brasil, tamb\u00e9m [&hellip;]<\/p>\n","protected":false},"author":2,"featured_media":16015,"comment_status":"","ping_status":"","sticky":false,"template":"","format":"standard","meta":{"footnotes":""},"categories":[3],"tags":[],"class_list":["post-16016","post","type-post","status-publish","format-standard","has-post-thumbnail","hentry","category-noticias"],"_links":{"self":[{"href":"https:\/\/hostnetart.com.br\/baixada\/wp-json\/wp\/v2\/posts\/16016","targetHints":{"allow":["GET"]}}],"collection":[{"href":"https:\/\/hostnetart.com.br\/baixada\/wp-json\/wp\/v2\/posts"}],"about":[{"href":"https:\/\/hostnetart.com.br\/baixada\/wp-json\/wp\/v2\/types\/post"}],"author":[{"embeddable":true,"href":"https:\/\/hostnetart.com.br\/baixada\/wp-json\/wp\/v2\/users\/2"}],"replies":[{"embeddable":true,"href":"https:\/\/hostnetart.com.br\/baixada\/wp-json\/wp\/v2\/comments?post=16016"}],"version-history":[{"count":0,"href":"https:\/\/hostnetart.com.br\/baixada\/wp-json\/wp\/v2\/posts\/16016\/revisions"}],"wp:featuredmedia":[{"embeddable":true,"href":"https:\/\/hostnetart.com.br\/baixada\/wp-json\/wp\/v2\/media\/16015"}],"wp:attachment":[{"href":"https:\/\/hostnetart.com.br\/baixada\/wp-json\/wp\/v2\/media?parent=16016"}],"wp:term":[{"taxonomy":"category","embeddable":true,"href":"https:\/\/hostnetart.com.br\/baixada\/wp-json\/wp\/v2\/categories?post=16016"},{"taxonomy":"post_tag","embeddable":true,"href":"https:\/\/hostnetart.com.br\/baixada\/wp-json\/wp\/v2\/tags?post=16016"}],"curies":[{"name":"wp","href":"https:\/\/api.w.org\/{rel}","templated":true}]}}