{"id":16014,"date":"2024-12-10T15:28:58","date_gmt":"2024-12-10T18:28:58","guid":{"rendered":"https:\/\/hostnetart.com.br\/baixada\/movimento-sindical-cobra-mais-contratacoes-na-caixa\/"},"modified":"2024-12-10T15:28:58","modified_gmt":"2024-12-10T18:28:58","slug":"movimento-sindical-cobra-mais-contratacoes-na-caixa","status":"publish","type":"post","link":"https:\/\/hostnetart.com.br\/baixada\/movimento-sindical-cobra-mais-contratacoes-na-caixa\/","title":{"rendered":"Movimento Sindical cobra mais contrata\u00e7\u00f5es na Caixa"},"content":{"rendered":"<\/p>\n<article class=\"article-content\">\n<section class=\"news-details\">\n<div class=\"news-details__body\">\n<div class=\"news-details__main-content\">\n<div class=\"news-details__main-text visible\">\n<p>Em audi\u00eancia requerida pela deputada federal Erika Kokay (PT-DF) \u201cpara discutir retifica\u00e7\u00e3o do edital, amplia\u00e7\u00e3o do Cadastro de Reserva \u2013 Concurso Caixa Econ\u00f4mica Federal 2024\u201d a Confedera\u00e7\u00e3o Nacional dos Trabalhadores do Ramo Financeiro (Contraf-CUT) e a Federa\u00e7\u00e3o Nacional das Associa\u00e7\u00f5es do Pessoal da Caixa (Fenae) defenderam que a Caixa contrate mais empregados para suprir a necessidade de pessoal.<\/p>\n<p>\u201cO Brasil precisa da Caixa atuando nos programas sociais e tamb\u00e9m nas \u00e1reas de capta\u00e7\u00e3o de investimentos e de concess\u00e3o de cr\u00e9dito para ter capacidade de concorrer no mercado com os demais bancos. E, para isso, \u00e9 preciso ter gente para trabalhar\u201d, afirmou o diretor da Contraf-CUT e coordenador da Comiss\u00e3o Executiva dos Empregados (CEE) da Caixa, Rafael de Castro, ao ressaltar que o banco est\u00e1 perdendo espa\u00e7o no mercado e dinheiro por trabalhar com empregados adoecidos devido \u00e0 sobrecarga de trabalho. \u201cTemos consci\u00eancia de que o desenvolvimento da tecnologia agiliza muitos procedimentos banc\u00e1rios, mas dado o enorme aumento de clientes e o perfil de atua\u00e7\u00e3o da Caixa, somado aos dados de redu\u00e7\u00e3o de pessoal no decorrer dos \u00faltimos 10 anos, n\u00e3o h\u00e1 d\u00favida de que h\u00e1 falta de pessoal para que a Caixa atenda adequadamente a popula\u00e7\u00e3o brasileira\u201d, completou.<\/p>\n<p>Durante a audi\u00eancia, a t\u00e9cnica do Departamento Intersindical de Estat\u00edstica e Estudos Socioecon\u00f4micos (Dieese), Paula Reisdorf, mestre em Economia Pol\u00edtica Mundial pela Universidade de Sussex, na Inglaterra, apresentou dados que mostram que de 2014, quando a Caixa tinha 101.500 empregados, a setembro de 2024, quando o quadro de pessoal caiu para 83.640, houve uma redu\u00e7\u00e3o de 17.860 postos de trabalho na Caixa. No mesmo per\u00edodo houve um aumento no n\u00famero de clientes de 78,318 milh\u00f5es para 153,196 milh\u00f5es. \u201cAs falas de que h\u00e1 falta de pessoal, sobrecarga de trabalho e adoecimento traduzem na pr\u00e1tica os n\u00fameros apresentados\u201d, disse.<\/p>\n<section class=\"block__image\">\n<div class=\"container block__image-container--xl\"><img decoding=\"async\" contenteditable=\"false\" src=\"https:\/\/contrafcut.com.br\/data\/files\/8B\/11\/E6\/A0\/30DA391014C7D239820808A8\/Reducao%20de%20empregados.jpeg\" srcset=\"https:\/\/contrafcut.com.br\/data\/files\/8B\/11\/E6\/A0\/30DA391014C7D239820808A8\/img_Reducao%20de%20empregados_gd.webp 640w, https:\/\/contrafcut.com.br\/data\/files\/8B\/11\/E6\/A0\/30DA391014C7D239820808A8\/img_Reducao%20de%20empregados_md.webp 480w, https:\/\/contrafcut.com.br\/data\/files\/8B\/11\/E6\/A0\/30DA391014C7D239820808A8\/img_Reducao%20de%20empregados_pq.webp 320w, https:\/\/contrafcut.com.br\/data\/files\/8B\/11\/E6\/A0\/30DA391014C7D239820808A8\/Reducao%20de%20empregados.jpeg\" alt=\"Texto descritivo da imagem aqui\" \/><\/div>\n<\/section>\n<section class=\"block__image\">\n<div class=\"container block__image-container--xl\"><img decoding=\"async\" contenteditable=\"false\" src=\"https:\/\/contrafcut.com.br\/data\/files\/8B\/11\/E6\/A0\/30DA391014C7D239820808A8\/Reducao%20de%20empregados.jpeg\" srcset=\"https:\/\/contrafcut.com.br\/data\/files\/8B\/11\/E6\/A0\/30DA391014C7D239820808A8\/img_Reducao%20de%20empregados_gd.webp 640w, https:\/\/contrafcut.com.br\/data\/files\/8B\/11\/E6\/A0\/30DA391014C7D239820808A8\/img_Reducao%20de%20empregados_md.webp 480w, https:\/\/contrafcut.com.br\/data\/files\/8B\/11\/E6\/A0\/30DA391014C7D239820808A8\/img_Reducao%20de%20empregados_pq.webp 320w, https:\/\/contrafcut.com.br\/data\/files\/8B\/11\/E6\/A0\/30DA391014C7D239820808A8\/Reducao%20de%20empregados.jpeg\" alt=\"Texto descritivo da imagem aqui\" \/><\/div>\n<\/section>\n<p><strong>&gt;&gt;&gt;&gt;&gt;<\/strong> <a href=\"https:\/\/contrafcut.lumis.com.br\/data\/files\/4C\/E0\/D5\/C8\/0FCA391014C7D239820808A8\/Audiencia%20Publica%20Deficit%20Funcionarios%20CEF.pdf\" target=\"_blank\" rel=\"noopener noreferrer\">Leia a \u00edntegra da apresenta\u00e7\u00e3o<\/a><\/p>\n<p>\u201cN\u00e3o vemos motivo para que voc\u00eas deixem de se tornar nossos colegas de trabalho, pois a Caixa precisa de empregados. Existem muitos dados que comprovam essa necessidade\u201d, refor\u00e7ou a diretora de Pol\u00edticas Sociais da Fenae, Raquel Weber, se dirigindo \u00e0 grande quantidade de candidatos do concurso da Caixa presentes.<\/p>\n<p>Ao final da audi\u00eancia, a deputada Erika Kokay disse que abriu a audi\u00eancia com a convic\u00e7\u00e3o de que a Caixa defenderia o aumento de contrata\u00e7\u00f5es. \u201cFiquei decepcionada quando o representante da Caixa defendeu o baixo n\u00famero de contrata\u00e7\u00f5es, e o formato do concurso, que n\u00e3o previu a cria\u00e7\u00e3o de cadastro reserva suficiente, em desrespeito ao princ\u00edpio da economicidade que toda empresa p\u00fablica deve ter, pois nem se passou um ano do concurso e em muitos lugares todas as vagas estimadas j\u00e1 foram preenchidas\u201d, disse.<\/p>\n<p>\u201cVamos sugerir que a C\u00e2mara crie um grupo de trabalho para ir at\u00e9 as ag\u00eancias ver que h\u00e1 falta de pessoal, acompanhar esse processo, junto \u00e0s entidades de representa\u00e7\u00e3o dos empregados, e exigir que a Caixa altere o edital e convoque mais pessoas para suprir a car\u00eancia de pessoal\u201d, disse a deputada. \u201cO povo precisa de uma Caixa forte, que n\u00e3o pode funcionar com esse d\u00e9ficit de empregados\u201d, concluiu.<\/p>\n<p><strong>&gt;&gt;&gt;&gt;&gt;<\/strong> <a href=\"https:\/\/www.youtube.com\/watch?v=_-C5PR9tlL0\" target=\"_blank\" rel=\"noopener noreferrer\">Veja a \u00edntegra da audi\u00eancia<\/a><\/p>\n<\/div>\n<\/div>\n<\/div>\n<\/section>\n<\/article>\n<div id=\"lumIId2C9580848F88EB85018F88EF653F0133\"><strong>Fonte: Contraf-CUT<\/strong><\/div>\n","protected":false},"excerpt":{"rendered":"<p>Em audi\u00eancia requerida pela deputada federal Erika Kokay (PT-DF) \u201cpara discutir retifica\u00e7\u00e3o do edital, amplia\u00e7\u00e3o do Cadastro de Reserva \u2013 Concurso Caixa Econ\u00f4mica Federal 2024\u201d a Confedera\u00e7\u00e3o Nacional dos Trabalhadores do Ramo Financeiro (Contraf-CUT) e a Federa\u00e7\u00e3o Nacional das Associa\u00e7\u00f5es do Pessoal da Caixa (Fenae) defenderam que a Caixa contrate mais empregados para suprir a [&hellip;]<\/p>\n","protected":false},"author":2,"featured_media":16013,"comment_status":"","ping_status":"","sticky":false,"template":"","format":"standard","meta":{"footnotes":""},"categories":[3],"tags":[],"class_list":["post-16014","post","type-post","status-publish","format-standard","has-post-thumbnail","hentry","category-noticias"],"_links":{"self":[{"href":"https:\/\/hostnetart.com.br\/baixada\/wp-json\/wp\/v2\/posts\/16014","targetHints":{"allow":["GET"]}}],"collection":[{"href":"https:\/\/hostnetart.com.br\/baixada\/wp-json\/wp\/v2\/posts"}],"about":[{"href":"https:\/\/hostnetart.com.br\/baixada\/wp-json\/wp\/v2\/types\/post"}],"author":[{"embeddable":true,"href":"https:\/\/hostnetart.com.br\/baixada\/wp-json\/wp\/v2\/users\/2"}],"replies":[{"embeddable":true,"href":"https:\/\/hostnetart.com.br\/baixada\/wp-json\/wp\/v2\/comments?post=16014"}],"version-history":[{"count":0,"href":"https:\/\/hostnetart.com.br\/baixada\/wp-json\/wp\/v2\/posts\/16014\/revisions"}],"wp:featuredmedia":[{"embeddable":true,"href":"https:\/\/hostnetart.com.br\/baixada\/wp-json\/wp\/v2\/media\/16013"}],"wp:attachment":[{"href":"https:\/\/hostnetart.com.br\/baixada\/wp-json\/wp\/v2\/media?parent=16014"}],"wp:term":[{"taxonomy":"category","embeddable":true,"href":"https:\/\/hostnetart.com.br\/baixada\/wp-json\/wp\/v2\/categories?post=16014"},{"taxonomy":"post_tag","embeddable":true,"href":"https:\/\/hostnetart.com.br\/baixada\/wp-json\/wp\/v2\/tags?post=16014"}],"curies":[{"name":"wp","href":"https:\/\/api.w.org\/{rel}","templated":true}]}}