{"id":16012,"date":"2024-12-09T12:11:28","date_gmt":"2024-12-09T15:11:28","guid":{"rendered":"https:\/\/hostnetart.com.br\/baixada\/sindicato-dos-bancarios-da-baixada-fluminense-participa-de-curso-de-formacao-da-contraf-cut\/"},"modified":"2024-12-09T12:11:28","modified_gmt":"2024-12-09T15:11:28","slug":"sindicato-dos-bancarios-da-baixada-fluminense-participa-de-curso-de-formacao-da-contraf-cut","status":"publish","type":"post","link":"https:\/\/hostnetart.com.br\/baixada\/sindicato-dos-bancarios-da-baixada-fluminense-participa-de-curso-de-formacao-da-contraf-cut\/","title":{"rendered":"Sindicato dos Banc\u00e1rios da Baixada Fluminense participa de Curso de Forma\u00e7\u00e3o da Contraf-CUT"},"content":{"rendered":"<p>Nos dias 6 e 7 de dezembro, diretoras e diretores dos Sindicatos dos Banc\u00e1rios filiados \u00e0 Federa\u00e7\u00e3o dos Trabalhadores do Ramo Financeiro dos Estados do Rio de Janeiro e Esp\u00edrito Santo (<strong>Fetraf RJ\/ES<\/strong>), participaram do <strong>Curso de Forma\u00e7\u00e3o<\/strong> \u201c<em>Introdu\u00e7\u00e3o \u00e0 Hist\u00f3ria do Movimento Sindical \u2013 M\u00f3dulo 2<\/em>\u201c.<\/p>\n<p>Pelo\u00a0Sindicato dos Banc\u00e1rios da Baixada Fluminense, participaram os\u00a0diretores: Renata Soeiro, Elizabeth Paradela, Fernando Correia, Solange Ribeiro, Jo\u00e3o Marcelo Pimentel, Jefferson Maia e Marco Antonio Luiz dos Santos.<\/p>\n<p>O curso, que\u00a0faz parte do <strong>Programa Nacional de Forma\u00e7\u00e3o para Dirigentes Sindicais<\/strong>, foi realizado pela\u00a0Confedera\u00e7\u00e3o Nacional dos Trabalhadores do Ramo Financeiro (<strong>Contraf-CUT<\/strong>), e contou com a presen\u00e7a do professor de forma\u00e7\u00e3o, <strong>Jos\u00e9 Lu\u00eds Vasquinho Paredes<\/strong>, que ministra as aulas, e da secret\u00e1ria interina de Forma\u00e7\u00e3o da Contraf-CUT, <strong>Magaly Fagundes<\/strong>.<\/p>\n<p>O evento ocorreu no audit\u00f3rio da Fetraf RJ\/ES, localizado no Centro do Rio de Janeiro, em evento da Secretaria de Forma\u00e7\u00e3o, organizado pela Diretora <strong>Elizabeth Paradela.<\/strong><\/p>\n<p>\u201cRessalto a import\u00e2ncia do Curso de Forma\u00e7\u00e3o para dirigentes sindicais, pois ele faz um resgate, buscando conhecimentos e trazendo ferramentas e contribui\u00e7\u00f5es em prol da classe trabalhadora. Tomando ci\u00eancia das conquistas de benef\u00edcios para a categoria banc\u00e1ria.\u201d, analisou Elizabeth.<\/p>\n<p><strong>CONTE\u00daDO<\/strong><\/p>\n<p>O conte\u00fado do curso inclui a hist\u00f3ria da organiza\u00e7\u00e3o da classe trabalhadora, a luta pela democratiza\u00e7\u00e3o do Brasil (p\u00f3s fim da ditadura) e o papel do dirigente sindical na defesa dos direitos da sua categoria.<\/p>\n<p>Na programa\u00e7\u00e3o, temas como a redemocratiza\u00e7\u00e3o do Brasil; neoliberalismo e privatiza\u00e7\u00f5es; bancos p\u00fablicos na CCT; reconquista e amplia\u00e7\u00e3o de direitos; Comando Nacional dos Banc\u00e1rios; elei\u00e7\u00f5es; transforma\u00e7\u00f5es no mundo do trabalho; democracia; constru\u00e7\u00e3o da representa\u00e7\u00e3o dos trabalhadores do ramo; emprego; demiss\u00f5es; entre outros, ser\u00e3o debatidos.<\/p>\n<p><img \/><br \/><img \/><\/p>\n<p><img \/><\/p>\n","protected":false},"excerpt":{"rendered":"<p>Nos dias 6 e 7 de dezembro, diretoras e diretores dos Sindicatos dos Banc\u00e1rios filiados \u00e0 Federa\u00e7\u00e3o dos Trabalhadores do Ramo Financeiro dos Estados do Rio de Janeiro e Esp\u00edrito Santo (Fetraf RJ\/ES), participaram do Curso de Forma\u00e7\u00e3o \u201cIntrodu\u00e7\u00e3o \u00e0 Hist\u00f3ria do Movimento Sindical \u2013 M\u00f3dulo 2\u201c. Pelo\u00a0Sindicato dos Banc\u00e1rios da Baixada Fluminense, participaram os\u00a0diretores: [&hellip;]<\/p>\n","protected":false},"author":2,"featured_media":16011,"comment_status":"","ping_status":"","sticky":false,"template":"","format":"standard","meta":{"footnotes":""},"categories":[3],"tags":[],"class_list":["post-16012","post","type-post","status-publish","format-standard","has-post-thumbnail","hentry","category-noticias"],"_links":{"self":[{"href":"https:\/\/hostnetart.com.br\/baixada\/wp-json\/wp\/v2\/posts\/16012","targetHints":{"allow":["GET"]}}],"collection":[{"href":"https:\/\/hostnetart.com.br\/baixada\/wp-json\/wp\/v2\/posts"}],"about":[{"href":"https:\/\/hostnetart.com.br\/baixada\/wp-json\/wp\/v2\/types\/post"}],"author":[{"embeddable":true,"href":"https:\/\/hostnetart.com.br\/baixada\/wp-json\/wp\/v2\/users\/2"}],"replies":[{"embeddable":true,"href":"https:\/\/hostnetart.com.br\/baixada\/wp-json\/wp\/v2\/comments?post=16012"}],"version-history":[{"count":0,"href":"https:\/\/hostnetart.com.br\/baixada\/wp-json\/wp\/v2\/posts\/16012\/revisions"}],"wp:featuredmedia":[{"embeddable":true,"href":"https:\/\/hostnetart.com.br\/baixada\/wp-json\/wp\/v2\/media\/16011"}],"wp:attachment":[{"href":"https:\/\/hostnetart.com.br\/baixada\/wp-json\/wp\/v2\/media?parent=16012"}],"wp:term":[{"taxonomy":"category","embeddable":true,"href":"https:\/\/hostnetart.com.br\/baixada\/wp-json\/wp\/v2\/categories?post=16012"},{"taxonomy":"post_tag","embeddable":true,"href":"https:\/\/hostnetart.com.br\/baixada\/wp-json\/wp\/v2\/tags?post=16012"}],"curies":[{"name":"wp","href":"https:\/\/api.w.org\/{rel}","templated":true}]}}