{"id":16010,"date":"2024-12-09T12:08:27","date_gmt":"2024-12-09T15:08:27","guid":{"rendered":"https:\/\/hostnetart.com.br\/baixada\/caixa-promocao-por-merito-colocara-r-360-milhoes-nos-bolsos-dos-empregados\/"},"modified":"2024-12-09T12:08:27","modified_gmt":"2024-12-09T15:08:27","slug":"caixa-promocao-por-merito-colocara-r-360-milhoes-nos-bolsos-dos-empregados","status":"publish","type":"post","link":"https:\/\/hostnetart.com.br\/baixada\/caixa-promocao-por-merito-colocara-r-360-milhoes-nos-bolsos-dos-empregados\/","title":{"rendered":"Caixa: Promo\u00e7\u00e3o por m\u00e9rito colocar\u00e1 R$ 360 milh\u00f5es nos bolsos dos empregados"},"content":{"rendered":"<p>\u00a0<\/p>\n<p>A partir de janeiro, as empregadas e os empregados da Caixa Econ\u00f4mica Federal ter\u00e3o um aumento de, em m\u00e9dia, 2,31% em seus rendimentos mensais, gra\u00e7as \u00e0 aprova\u00e7\u00e3o da proposta constru\u00edda pelo Grupo de Trabalho (GT) sobre Promo\u00e7\u00e3o por M\u00e9rito, composto por representantes do banco e dos trabalhadores, que, em 2025, vai distribuir um delta (como \u00e9 chamado o valor da escala de refer\u00eancia de carreira no banco) de forma linear para todo o pessoal eleg\u00edvel. Com isso, at\u00e9 o final do ano, aproximadamente R$ 360 milh\u00f5es v\u00e3o para os bolsos dos trabalhadores e ser\u00e3o injetados na economia do pa\u00eds.<\/p>\n<p>O valor deve ser creditado at\u00e9 31 de janeiro, retroativo a ao primeiro dia do ano. A n\u00e3o ser que haja algum problema operacional. Neste caso, o aumento se dar\u00e1 a partir de fevereiro. Em anos anteriores, a promo\u00e7\u00e3o por m\u00e9rito foi creditada somente a partir na folha de abril.<\/p>\n<p>\u201cCom o cr\u00e9dito efetuado em janeiro, s\u00e3o tr\u00eas meses a mais de sal\u00e1rio com o reajuste\u201d, comemora o coordenador da representa\u00e7\u00e3o dos empregados no GT, Jo\u00e3o Paulo Pierozan, ao explicar que a estimativa foi feita pelo Departamento Intersindical de Estat\u00edstica e Estudos Socioecon\u00f4micos (Dieese), levando em conta a quantidade de empregados promovidos em 2023, o acr\u00e9scimo m\u00e9dio de 2,31% sobre os sal\u00e1rios e o pagamento dos deltas j\u00e1 a partir de janeiro de 2025.<\/p>\n<h2><strong>Aprova\u00e7\u00e3o pela CEE<\/strong><\/h2>\n<p>Ap\u00f3s o GT chegar aos termos, em reuni\u00e3o realizada na segunda-feira (2), a proposta foi formalizada e aprovada nesta sexta-feira (6), em mesa de negocia\u00e7\u00f5es entre o banco e a Comiss\u00e3o Executiva dos Empregados (CEE) da Caixa, que solicitou apenas pequenas mudan\u00e7as na proposta constru\u00edda pelo GT.<\/p>\n<p>\u201cQuando conseguimos sentar e conversar e conversar com o banco, constru\u00edmos propostas que s\u00e3o boas para todos. Por isso sempre cobramos nossa participa\u00e7\u00e3o na constru\u00e7\u00e3o de todas as a\u00e7\u00f5es do banco voltadas aos empregados\u201d, ressaltou a diretora executiva da Contraf-CUT e coordenadora da CEE\/Caixa, Eliana Brasil. \u201cE por isso tamb\u00e9m queremos contribuir, com a estrat\u00e9gia comercial e de gest\u00e3o do banco. A Caixa tem as melhores taxas de juros e tarifas banc\u00e1rias, tem excelentes produtos e um quadro de pessoal extremamente qualificado. Sabemos que ela consegue obter excelentes resultados, sem que os colegas da rede de ag\u00eancia sejam pressionados a vender produtos que n\u00e3o sejam do real interesse dos clientes\u201d, completou. \u201cA Caixa \u00e9 um banco p\u00fablico, n\u00e3o precisa massacrar empregados e clientes para aumentar seus lucros, como se fosse um banco privado. A busca desenfreada pelo aumento do lucro a qualquer custo n\u00e3o combina com a Caixa. Nosso papel \u00e9 atender bem o povo brasileiro naquilo que ele precisa e em todo o pa\u00eds\u201d, continuou.<\/p>\n<p>Neste sentido, uma das reivindica\u00e7\u00f5es da CEE foi para que a Universidade Caixa pense em um curso que trate sobre a import\u00e2ncia do banco para a execu\u00e7\u00e3o de pol\u00edticas p\u00fablicas do governo federal, que contribuem para a melhoria da qualidade de vida de milh\u00f5es de brasileiros. A Caixa se comprometeu em tratar sobre a inser\u00e7\u00e3o deste conte\u00fado com a equipe da Universidade Caixa.<\/p>\n<p>Outra reivindica\u00e7\u00e3o da CEE atendida pelo banco foi no sentido de instruir os gestores da rede sobre a necessidade de respeito ao tempo de forma\u00e7\u00e3o, em hor\u00e1rio de expediente, estabelecido no Acordo Coletivo de Trabalho (ACT).<\/p>\n<p>Uma sugest\u00e3o da CEE \u00e9 para que a realiza\u00e7\u00e3o de cursos pelos empregados lotados na unidade seja considerado um crit\u00e9rio de pontua\u00e7\u00e3o da unidade. A Caixa vai avaliar a proposta e, independente disso, pode acompanhar a evolu\u00e7\u00e3o de cada unidade para o cumprimento desta exig\u00eancia pelos empregados.<\/p>\n<h2><strong>Crit\u00e9rios<\/strong><\/h2>\n<p>Os crit\u00e9rios a serem cumpridos em 2025 para o recebimento do primeiro e do segundo delta tamb\u00e9m j\u00e1 foram definidos.<\/p>\n<p>\u201cEstabelecemos uma forma justa para o pagamento dos deltas de 2024. Como n\u00e3o h\u00e1 tempo h\u00e1bil para cumprir os crit\u00e9rios neste ano, a proposta prev\u00ea a distribui\u00e7\u00e3o linear de um delta para todos os eleg\u00edveis. Al\u00e9m disso, j\u00e1 conseguimos estabelecer os crit\u00e9rios para a promo\u00e7\u00e3o por m\u00e9rito de 2025, de forma a permitir que todos tenham o ano inteiro para cumprir as exig\u00eancias e possam concorrer ao primeiro e ao segundo delta\u201d, explicou Pierozan.<\/p>\n<p><strong>Leia tamb\u00e9m:<\/strong> <a href=\"https:\/\/contrafcut.com.br\/noticias\/promocao-por-merito-deltas-podem-ser-pagos-ja-em-janeiro\/\" target=\"_blank\" rel=\"noopener noreferrer\">Promo\u00e7\u00e3o por m\u00e9rito: Deltas podem ser pagos j\u00e1 em janeiro<\/a><\/p>\n<h2><strong>Veja como ser\u00e3o os crit\u00e9rios<\/strong><\/h2>\n<p><strong>2024<\/strong><br \/>Distribui\u00e7\u00e3o linear de um delta para todos os eleg\u00edveis.<\/p>\n<p><strong>2025<\/strong><br \/><strong>1\u00b0 Delta<\/strong><br \/>\u2022\u00a0\u00a0 \u00a0Certifica\u00e7\u00e3o Agir Certo Caixa;<br \/>\u2022\u00a0\u00a0 \u00a0Certifica\u00e7\u00e3o Cultura Digital;<br \/>\u2022\u00a0\u00a0 \u00a0Participa\u00e7\u00e3o em uma a\u00e7\u00e3o do Programa Qualidade de Vida*<br \/>\u2022\u00a0\u00a0 \u00a0Um curso de iniciativa pessoal na Universidade Caixa ou Plataforma Coursera.<\/p>\n<p><strong>2\u00b0 Delta<\/strong><br \/>At\u00e9 20% dos promovidos com 1 delta com:<br \/>\u2022\u00a0\u00a0 \u00a0Lota\u00e7\u00e3o em unidade com nota final anual no Resultado.Caixa maior que 100, considerando o local onde o empregado esteve lotado por maior tempo, ou a unidade em que ele estiver lotado em 31 de dezembro, o que for mais ben\u00e9fico para o empregado.<br \/>\u2022\u00a0\u00a0 \u00a0Participa\u00e7\u00e3o em pelo menos duas a\u00e7\u00f5es do Programa Qualidade de Vida.<\/p>\n<p><strong>Desempate<\/strong><br \/>\u2022\u00a0\u00a0 \u00a0Maior idade.<br \/>\u2022\u00a0\u00a0 \u00a0Maior tempo de Caixa;<br \/>\u2022\u00a0\u00a0 \u00a0Maior nota final anual no Resultado.Caixa<\/p>\n<p><strong>*Itens a serem considerados para pontua\u00e7\u00e3o na sistem\u00e1tica de Promo\u00e7\u00e3o por M\u00e9rito:<\/strong><br \/>\u2022\u00a0\u00a0 \u00a0Imuniza\u00e7\u00e3o na Campanha de Vacina\u00e7\u00e3o Antigripal;<br \/>\u2022\u00a0\u00a0 \u00a0Conv\u00eanio Gympass ativo, incluindo Plano Digital gratuito;<br \/>\u2022\u00a0\u00a0 \u00a0Participa\u00e7\u00e3o em circuitos regionais;<br \/>\u2022\u00a0\u00a0 \u00a0Cadastro do app Caixa em Movimento;<br \/>\u2022\u00a0\u00a0 \u00a0Participa\u00e7\u00e3o no Programa de Nutri\u00e7\u00e3o e H\u00e1bitos Saud\u00e1veis;<br \/>\u2022\u00a0\u00a0 \u00a0Ades\u00e3o ao Programa Sa\u00fade da Mulher e do Homem.<\/p>\n<h2><strong>Quem \u00e9 eleg\u00edvel?<\/strong><\/h2>\n<p>Para ser eleg\u00edvel ao recebimento do delta as empregadas e os empregados n\u00e3o podem ter os impedimentos previstos no RH 176:<br \/>\u2022\u00a0\u00a0 \u00a0Ter menos de 180 dias de efetivo exerc\u00edcio;<br \/>\u2022\u00a0\u00a0 \u00a0Ter sofrido penalidade de suspens\u00e3o;<br \/>\u2022\u00a0\u00a0 \u00a0Ter sofrido censura \u00e9tica;<br \/>\u2022\u00a0\u00a0 \u00a0Ter sofrido advert\u00eancia, tendo recebido outra nos \u00faltimos 5 anos;<br \/>\u2022\u00a0\u00a0 \u00a0Estar com o contrato de trabalho suspenso;<br \/>\u2022\u00a0\u00a0 \u00a0Estar com o contrato de trabalho extinto;<br \/>\u2022\u00a0\u00a0 \u00a0Ter faltas n\u00e3o justificadas.<\/p>\n<p>Al\u00e9m disso, a empregada ou empregado n\u00e3o pode ter atingido o teto da carreira (refer\u00eancia 248).<\/p>\n<p><b>Fonte: Contraf-CUT<\/b><\/p>\n","protected":false},"excerpt":{"rendered":"<p>\u00a0 A partir de janeiro, as empregadas e os empregados da Caixa Econ\u00f4mica Federal ter\u00e3o um aumento de, em m\u00e9dia, 2,31% em seus rendimentos mensais, gra\u00e7as \u00e0 aprova\u00e7\u00e3o da proposta constru\u00edda pelo Grupo de Trabalho (GT) sobre Promo\u00e7\u00e3o por M\u00e9rito, composto por representantes do banco e dos trabalhadores, que, em 2025, vai distribuir um delta [&hellip;]<\/p>\n","protected":false},"author":2,"featured_media":16009,"comment_status":"","ping_status":"","sticky":false,"template":"","format":"standard","meta":{"footnotes":""},"categories":[3],"tags":[],"class_list":["post-16010","post","type-post","status-publish","format-standard","has-post-thumbnail","hentry","category-noticias"],"_links":{"self":[{"href":"https:\/\/hostnetart.com.br\/baixada\/wp-json\/wp\/v2\/posts\/16010","targetHints":{"allow":["GET"]}}],"collection":[{"href":"https:\/\/hostnetart.com.br\/baixada\/wp-json\/wp\/v2\/posts"}],"about":[{"href":"https:\/\/hostnetart.com.br\/baixada\/wp-json\/wp\/v2\/types\/post"}],"author":[{"embeddable":true,"href":"https:\/\/hostnetart.com.br\/baixada\/wp-json\/wp\/v2\/users\/2"}],"replies":[{"embeddable":true,"href":"https:\/\/hostnetart.com.br\/baixada\/wp-json\/wp\/v2\/comments?post=16010"}],"version-history":[{"count":0,"href":"https:\/\/hostnetart.com.br\/baixada\/wp-json\/wp\/v2\/posts\/16010\/revisions"}],"wp:featuredmedia":[{"embeddable":true,"href":"https:\/\/hostnetart.com.br\/baixada\/wp-json\/wp\/v2\/media\/16009"}],"wp:attachment":[{"href":"https:\/\/hostnetart.com.br\/baixada\/wp-json\/wp\/v2\/media?parent=16010"}],"wp:term":[{"taxonomy":"category","embeddable":true,"href":"https:\/\/hostnetart.com.br\/baixada\/wp-json\/wp\/v2\/categories?post=16010"},{"taxonomy":"post_tag","embeddable":true,"href":"https:\/\/hostnetart.com.br\/baixada\/wp-json\/wp\/v2\/tags?post=16010"}],"curies":[{"name":"wp","href":"https:\/\/api.w.org\/{rel}","templated":true}]}}