{"id":16006,"date":"2024-12-05T17:20:45","date_gmt":"2024-12-05T20:20:45","guid":{"rendered":"https:\/\/hostnetart.com.br\/baixada\/santander-reconhece-erro-mas-se-recusa-a-pagar-trabalhadores-prejudicados\/"},"modified":"2024-12-05T17:20:45","modified_gmt":"2024-12-05T20:20:45","slug":"santander-reconhece-erro-mas-se-recusa-a-pagar-trabalhadores-prejudicados","status":"publish","type":"post","link":"https:\/\/hostnetart.com.br\/baixada\/santander-reconhece-erro-mas-se-recusa-a-pagar-trabalhadores-prejudicados\/","title":{"rendered":"Santander reconhece erro, mas se recusa a pagar trabalhadores prejudicados"},"content":{"rendered":"<\/p>\n<p>Ap\u00f3s cobran\u00e7a do movimento sindical, o Santander acabou reconhecendo seu erro ao n\u00e3o pagar a Remunera\u00e7\u00e3o Vari\u00e1vel (RV) a um grupo de banc\u00e1rios transferidos de uma ag\u00eancia padr\u00e3o para uma ag\u00eancia Select. Esses trabalhadores assumiram o cargo de Especialista de Neg\u00f3cios Santander (ENS). Agora, o banco quer punir os gestores que teriam sido respons\u00e1veis pelo erro, mas se recusou a fazer o devido acerto dos valores aos banc\u00e1rios efetados pelo erro.<\/p>\n<p>&#8220;Em outubro, ap\u00f3s o sindicato receber den\u00fancias sobre o n\u00e3o pagamento da RV, entramos em contato com o banco para apurar as raz\u00f5es pelas quais esse grupo de banc\u00e1rios n\u00e3o recebeu o pagamento proporcional. E cobramos o devido acerto\u201d, conta o dirigente do Sindicato dos Banc\u00e1rios de S\u00e3o Paulo, Osasco e Regi\u00e3o (Seeb-SP),\u00a0Wellington Prado Corr\u00eaa, que tamb\u00e9m \u00e9 banc\u00e1rio do Santander. \u201cFoi descoberto que gestores das unidades de varejo deveriam ter efetuado um comando manual no sistema para que os banc\u00e1rios transferidos tivessem validado o per\u00edodo em que estavam na unidade para efeitos do pagamento da RV\u201d, explica.<\/p>\n<p>O Seeb-SP e a Contraf-CUT cobram que o Santander fa\u00e7a o devido pagamento da RV aos banc\u00e1rios prejudicados, reveja a penaliza\u00e7\u00e3o dos gestores, e de fato promova melhorias nos sistemas e processos, de forma que situa\u00e7\u00f5es como essa n\u00e3o se repitam.<\/p>\n<p>A coordenadora da Comiss\u00e3o de Organiza\u00e7\u00e3o dos Empregados (COE) do Santander, a dirigente Wanessa Queiroz, critica a incoer\u00eancia da situa\u00e7\u00e3o. \u201c\u00c9 um absurdo o banc\u00e1rio passar por uma promo\u00e7\u00e3o, mudando de segmento dentro da rede, e acabar sendo penalizado ao n\u00e3o receber o pagamento vari\u00e1vel, devido a um erro sist\u00eamico ou operacional. O trabalhador \u00e9 cobrado para entrega das metas e se trata de uma remunera\u00e7\u00e3o expressiva. Representa em m\u00e9dia 50% a 60% de sua remunera\u00e7\u00e3o vari\u00e1vel anual. Vamos continuar cobrando provid\u00eancias do RH do banco para solucionar de vez esse problema\u201d, ressaltou.<\/p>\n<p>Outro absurdo, completa Wellingon, \u00e9 o banco reconhecer que o sistema necessita de melhorias e, ainda assim, punir os gestores. \u201cComo se eles fossem os \u00fanicos respons\u00e1veis pelos erros\u201d, pontuou.<\/p>\n<h2>Erro persiste<\/h2>\n<p>No entendimento do Santander, o cargo de Especialista de Neg\u00f3cios Santander tem que estar na Vis\u00e3o Modelo Certo para receber a PPE (remunera\u00e7\u00e3o vari\u00e1vel), por\u00e9m n\u00e3o tem metas. Nesse caso, no entanto, houve transfer\u00eancia do Varejo para Select. Assim, para que os banc\u00e1rios estivessem na Vis\u00e3o do Modelo Certo (perfil), fazendo jus ao pagamento, os gestores deveriam ter feito os procedimentos manuais.<\/p>\n<p>Em novembro, ap\u00f3s conversas com as \u00e1reas respons\u00e1veis, o RH do Santander informou ao Sindicato que seriam realizadas melhorias no sistema para evitar erros manuais, como o que ocorreu nesse caso.<\/p>\n<p>O banco, por sua vez, optou pela penaliza\u00e7\u00e3o dos gestores com medidas disciplinares, uma vez que entendeu que os mesmos n\u00e3o fizeram o procedimento correto, mesmo com os manuais disponibilizados na Intranet. E mesmo reconhecendo esse erro, assim como a necessidade de melhorar o sistema, o Santander se recusa a fazer o devido pagamento da RV aos banc\u00e1rios prejudicados. A alega\u00e7\u00e3o: a \u00e1rea respons\u00e1vel pela RV n\u00e3o vai se responsabilizar por um ato falho do gestor.<\/p>\n<p>\u201c\u00c9 um absurdo que o Santander n\u00e3o acerte o valor devido aos banc\u00e1rios, que bateram suas metas e n\u00e3o tiveram responsabilidade alguma em rela\u00e7\u00e3o ao erro ocorrido e reconhecido pelo banco\u201d, refor\u00e7a Wellington. \u201cPagamento que, inclusive, n\u00e3o teria qualquer impacto para o banco, uma vez que abrange no m\u00e1ximo cinco banc\u00e1rios. O trabalhador se qualifica, muitas vezes tem de dar mais aten\u00e7\u00e3o ao banco do que a pr\u00f3pria fam\u00edlia para alcan\u00e7ar seus objetivos e, na hora do reconhecimento, \u00e9 v\u00edtima dessa injusti\u00e7a\u201d, enfatiza o dirigente do Sindicato.<\/p>\n<p>Os banc\u00e1rios que enfrentarem qualquer problema nas rela\u00e7\u00f5es de trabalho devem entrar em contato com o sindicato da sua base, por meio dos canais de atendimento disponibilizados nos sites das entidades. O sigilo \u00e9 garantido.<\/p>\n<p><strong>Fonte: Contraf-CUT<\/strong><\/p>\n","protected":false},"excerpt":{"rendered":"<p>Ap\u00f3s cobran\u00e7a do movimento sindical, o Santander acabou reconhecendo seu erro ao n\u00e3o pagar a Remunera\u00e7\u00e3o Vari\u00e1vel (RV) a um grupo de banc\u00e1rios transferidos de uma ag\u00eancia padr\u00e3o para uma ag\u00eancia Select. Esses trabalhadores assumiram o cargo de Especialista de Neg\u00f3cios Santander (ENS). Agora, o banco quer punir os gestores que teriam sido respons\u00e1veis pelo [&hellip;]<\/p>\n","protected":false},"author":2,"featured_media":16005,"comment_status":"","ping_status":"","sticky":false,"template":"","format":"standard","meta":{"footnotes":""},"categories":[3],"tags":[],"class_list":["post-16006","post","type-post","status-publish","format-standard","has-post-thumbnail","hentry","category-noticias"],"_links":{"self":[{"href":"https:\/\/hostnetart.com.br\/baixada\/wp-json\/wp\/v2\/posts\/16006","targetHints":{"allow":["GET"]}}],"collection":[{"href":"https:\/\/hostnetart.com.br\/baixada\/wp-json\/wp\/v2\/posts"}],"about":[{"href":"https:\/\/hostnetart.com.br\/baixada\/wp-json\/wp\/v2\/types\/post"}],"author":[{"embeddable":true,"href":"https:\/\/hostnetart.com.br\/baixada\/wp-json\/wp\/v2\/users\/2"}],"replies":[{"embeddable":true,"href":"https:\/\/hostnetart.com.br\/baixada\/wp-json\/wp\/v2\/comments?post=16006"}],"version-history":[{"count":0,"href":"https:\/\/hostnetart.com.br\/baixada\/wp-json\/wp\/v2\/posts\/16006\/revisions"}],"wp:featuredmedia":[{"embeddable":true,"href":"https:\/\/hostnetart.com.br\/baixada\/wp-json\/wp\/v2\/media\/16005"}],"wp:attachment":[{"href":"https:\/\/hostnetart.com.br\/baixada\/wp-json\/wp\/v2\/media?parent=16006"}],"wp:term":[{"taxonomy":"category","embeddable":true,"href":"https:\/\/hostnetart.com.br\/baixada\/wp-json\/wp\/v2\/categories?post=16006"},{"taxonomy":"post_tag","embeddable":true,"href":"https:\/\/hostnetart.com.br\/baixada\/wp-json\/wp\/v2\/tags?post=16006"}],"curies":[{"name":"wp","href":"https:\/\/api.w.org\/{rel}","templated":true}]}}