{"id":16000,"date":"2024-12-04T14:47:37","date_gmt":"2024-12-04T17:47:37","guid":{"rendered":"https:\/\/hostnetart.com.br\/baixada\/uni-americas-financas-reune-trabalhadores-e-adequa-luta-aos-novos-desafios-da-atualidade\/"},"modified":"2024-12-04T14:47:37","modified_gmt":"2024-12-04T17:47:37","slug":"uni-americas-financas-reune-trabalhadores-e-adequa-luta-aos-novos-desafios-da-atualidade","status":"publish","type":"post","link":"https:\/\/hostnetart.com.br\/baixada\/uni-americas-financas-reune-trabalhadores-e-adequa-luta-aos-novos-desafios-da-atualidade\/","title":{"rendered":"UNI Am\u00e9ricas Finan\u00e7as re\u00fane trabalhadores e adequa luta aos novos desafios da atualidade"},"content":{"rendered":"<p>Trabalhadoras e trabalhadores organizados de pa\u00edses de toda as am\u00e9ricas est\u00e3o reunidos desde segunda-feira (2), em La Falda, em C\u00f3rdoba, na Argentina, para quatro encontros seguidos. O primeiro, que come\u00e7ou na segunda (2) e termina nesta ter\u00e7a-feira (3), \u00e9 a\u00a0<strong>6\u00aa Confer\u00eancia Regional UNI Am\u00e9ricas Finan\u00e7as<\/strong>. Nos pr\u00f3ximos dias, acontecer\u00e3o ainda a 7\u00aa Confer\u00eancia Regional da UNI Am\u00e9ricas Mulheres e a 6\u00aa Confer\u00eancia Regional da UNI Am\u00e9ricas Juventude, ambas no dia 4, e por fim, a 6\u00aa Confer\u00eancia Regional da UNI Am\u00e9ricas, de 5 a 7 de dezembro.<\/p>\n<p>Nos dois dias da 6\u00aa Confer\u00eancia Regional UNI Am\u00e9ricas Finan\u00e7as, bra\u00e7o continental da UNI Global Union, sindicato mundial que representa mais de 20 milh\u00f5es de trabalhadores, foram aprovadas\u00a0uma s\u00e9rie de mo\u00e7\u00f5es, entre elas:<\/p>\n<p><strong>&#8211; Quebrando barreiras;<br \/>&#8211; Sindicatos para uma economia sustent\u00e1vel;<br \/>&#8211; Mudando o mundo do trabalho;<br \/>&#8211; Defesa dos bancos p\u00fablicos;<br \/>&#8211; Democracia e direitos humanos; e<br \/>&#8211; Sistemas de pens\u00e3o previdenci\u00e1ria.<\/strong><\/p>\n<p>Durante a defesa da primeira mo\u00e7\u00e3o, a presidenta da Confedera\u00e7\u00e3o Nacional dos Trabalhadores e das Trabalhadoras do Ramo Financeiro (Contraf-CU) e vice-presidenta da Central \u00danica dos Trabalhadores (CUT), Juvandia Moreira, fez um balan\u00e7o do cen\u00e1rio mundial. \u201cN\u00f3s estamos falando de um mundo onde as economias desenvolvidas t\u00eam crescido pouco, tem elevado suas taxas de juros, t\u00eam protegido suas economias, e isso impacta nas nossas economias, nos pa\u00edses emergentes, no nosso continente. Nesse sentido, a CEPAL (Comiss\u00e3o Econ\u00f4mica para a Am\u00e9rica Latina e o Caribe) est\u00e1 apontando um crescimento pequeno para a nossa regi\u00e3o, de 2%, exatamente por causa do protecionismo das economias desenvolvidas\u201d.<\/p>\n<p>Somado ao protecionismo dos pa\u00edses centrais e que contribui para a crise no desenvolvimento regional nas am\u00e9ricas, Juvandia destacou o impacto da tecnologia no mercado de trabalho do setor financeiro. &#8220;Estamos assistindo a intelig\u00eancia artificial (IA) acelerando os processos nos bancos tradicionais, com a redu\u00e7\u00e3o de postos de trabalho. Isso, somado \u00e0 atua\u00e7\u00e3o as fintechs, no mercado financeiro, que s\u00e3o bancos sem banc\u00e1rios, que n\u00e3o t\u00eam a mesma regula\u00e7\u00e3o, nem a mesma cobran\u00e7a dos bancos tradicionais, tem impactado fortemente os nossos empregos e os direitos dos trabalhadores&#8221;, completou.<\/p>\n<h2>Democracia e direitos humanos<\/h2>\n<p>Os trabalhadores tamb\u00e9m discutiram a prote\u00e7\u00e3o da democracia. &#8220;Sem democracia n\u00e3o temos dinheiro, n\u00e3o temos sindicatos fortes, n\u00e3o temos trabalho decente. Ent\u00e3o, da\u00ed a import\u00e2ncia de nos solidarizarmos no continente, por exemplo, com a Argentina, que tem sofrido uma s\u00e9rie de ataques, por parte do atual governo, de Milei, mas tamb\u00e9m em outros pa\u00edses da Am\u00e9rica do Norte, Central e do Sul&#8221;.<\/p>\n<p>Nesse sentido, a Juvandia ressaltou a import\u00e2ncia do fortalecimento das negocia\u00e7\u00f5es coletivas, de acordos marcos globais, garantindo direitos para todos, em todos os pa\u00edses.\u00a0<strong>\u201cA unidade entre todos n\u00f3s \u00e9 fundamental, \u00e9 o que n\u00f3s chamamos nesta confer\u00eancia de &#8216;esperan\u00e7a coletiva&#8217; para um mundo melhor&#8221;<\/strong>, observou.<\/p>\n<p>A presidenta da Contraf-CUT concluiu refor\u00e7ando a necessidade de recupera\u00e7\u00e3o da trajet\u00f3ria de luta da classe trabalhadora para que o mundo coloque, no centro das discuss\u00f5es, as pessoas e o trabalho, em detrimento da concentra\u00e7\u00e3o de renda. &#8220;Mas n\u00e3o nos iludamos que vamos conseguir, apenas pelo modelo de negocia\u00e7\u00e3o coletiva direta, melhorar a vida do trabalhador. Se n\u00f3s n\u00e3o interviermos no modelo econ\u00f4mico do pa\u00eds, da regi\u00e3o, se n\u00f3s n\u00e3o lutarmos por um mundo mais inclusivo, que preserve o meio ambiente, pra ter uma economia diferente, que pense nas pessoas, que coloque o trabalho no centro, acabe com as desigualdades, que n\u00e3o ache normal existir mis\u00e9ria e fome, com poucos tendo muito, n\u00e3o vamos vencer essa luta&#8221;, ressaltou.<\/p>\n<p>A secret\u00e1ria de Rela\u00e7\u00f5es Internacionais da Contraf-CUT, Rita Berlofa, ao lado de Nevia Ribeiro (vice-presidenta da UNI Am\u00e9ricas Mulheres) e Ivone Silva (ex-coordenadora do Comando Nacional dos Banc\u00e1rios), participou do debate sobre a mo\u00e7\u00e3o em defesa da demoracia.\u00a0<\/p>\n<p><strong>&#8220;A democracia \u00e9 importante para todos n\u00f3s, dirigentes sindicais. Sem democracia o que resta \u00e9 a barb\u00e1rie, sem democracia n\u00e3o existe direito dos trabalhadores, n\u00e3o h\u00e1 sindicato, porque a primeira coisa que os governos autorit\u00e1rios fazem \u00e9 atacar o movimento sindical, o direito dos trabalhadores&#8221;<\/strong>, destacou.<\/p>\n<p>Rita completou que a defesa da democracia precisa ser uma bandeira di\u00e1ria no continente. &#8220;Somos n\u00f3s, do movimento sindical, que defendemos, por meio de acordos negociados, a inclus\u00e3o das mulheres, dos negros, das pessoas com defici\u00eancia, das pessoas da comunidade LGBTQIA+, somos n\u00f3s, dirigentes sindicais, que tamb\u00e9m defendemos melhor distribui\u00e7\u00e3o de renda. Por isso \u00e9 essencial nosso papel na defesa da democracia&#8221;, refor\u00e7ou.<\/p>\n<h2>Defesa dos bancos p\u00fablicos<\/h2>\n<p>Na defesa da mo\u00e7\u00e3o pelos bancos p\u00fablicos, tamb\u00e9m representando a comitiva brasileira, participou do debate a secret\u00e1ria da Mulher da Contraf-CUT e coordenadora da Comiss\u00e3o de Empresa dos Funcion\u00e1rios do Banco do Brasil (CEBB), Fernanda Lopes.<\/p>\n<p>\u201cLevamos a experi\u00eancia brasileira recente: nos governos Temer e Bolsonaro, n\u00e3o s\u00f3 os bancos p\u00fablicos, mas todas as empresas p\u00fablicas, necess\u00e1rias ao desenvolvimento do pa\u00eds, sofreram ataques e forte risco de privatiza\u00e7\u00e3o. N\u00e3o fosse a atua\u00e7\u00e3o do movimento sindical, nas ruas e nas redes sociais, essas empresas n\u00e3o teriam sido protegidas. E por que temos que continuar debatendo isso e educando a sociedade como um todo? Por que,\u00a0<strong>as empresas p\u00fablicas, ao contr\u00e1rio das privadas, n\u00e3o priorizam o lucro a qualquer custo e permitem levar o desenvolvimento para regi\u00f5es afastadas, onde as empresas privadas n\u00e3o t\u00eam interesse<\/strong>\u201d, destacou a dirigente.<\/p>\n<h2>Sistemas de pens\u00e3o<\/h2>\n<p>A comitiva brasileira tamb\u00e9m levou ao encontro informa\u00e7\u00f5es sobre sistemas de pens\u00e3o e sua import\u00e2ncia para assegurar a vida digna de trabalhadores e seus familiares, ap\u00f3s a aposentadoria.<\/p>\n<p>O secret\u00e1rio-geral da Contraf-CUT, Gustavo Tabatinga, ressaltou que, no Brasil, existem dois regimes de previd\u00eancia: o p\u00fablico e o privado, com destaque, neste \u00faltimo bloco, aos fundos de pens\u00e3o fechados, estabelecidos por trabalhadores de empresas p\u00fablicas. &#8220;No caso espec\u00edfico dos banc\u00e1rios do Banco do Brasil, temos a Previ, com mais de 120 anos, organizada e criada pelos pr\u00f3prios trabalhadores e, hoje, um dos maiores fundos de pens\u00e3o da Am\u00e9rica Latina&#8221;.\u00a0<\/p>\n<p>O presidente da Fetrafi\/NE, Carlos Eduardo, explicou que o modelo brasileiro de previd\u00eancia p\u00fablica \u00e9 um modelo com olhar &#8220;para a classe trabalhadora e para os mais vulner\u00e1veis&#8221;, enquanto o sistema de previd\u00eancia complementar, formado pelos fundos de pens\u00e3o fechados, existe para &#8220;evitar distor\u00e7\u00f5es que o pr\u00f3prio capital imp\u00f5e, ao gerar desigualdades&#8221;.<\/p>\n<p>Ele destacou ainda, com base em dados da Organiza\u00e7\u00e3o para a Coopera\u00e7\u00e3o e Desenvolvimento Econ\u00f4mico (OCDE), que, juntos, os sistemas de previd\u00eancia p\u00fablica no mundo acumulam cerca de U$ 6 trilh\u00f5es. &#8220;<strong>Se olharmos a previd\u00eancia complementar, a chamada privada, esse montante \u00e9 da ordem de U$ 50 trilh\u00f5es, a maior parte, controlada por\u00a0<em>trustes\u00a0<\/em>[empresas que j\u00e1 det\u00eam grande parte de um mercado e que se uniram], que n\u00e3o t\u00eam respeito ao dinheiro do trabalhador e submetem os investimentos a setores sem compromisso social. Falo de empresas como a Blackrock, como Vanguart, que usam o dinheiro do trabalhador para financiar at\u00e9 mesmo entidades que combatem o movimento sindical&#8221;<\/strong>, pontuou.<\/p>\n<p>Assim, os representantes brasileiros refor\u00e7aram a import\u00e2ncia de proteger os fundos de pens\u00e3o que seguem sendo geridos por trabalhadores e, em outros pa\u00edses, lutar para que os trabalhadores tenham dom\u00ednio sobre a gest\u00e3o dos seus pr\u00f3prios recursos.<\/p>\n<h2>Von Der Osten \u00e9 homenageado e Juvandia Moreira assume presid\u00eancia da Uni Finan\u00e7as<\/h2>\n<p>Ao final do encontro, a UNI Am\u00e9ricas Finan\u00e7as entregou uma placa em homenagem ao brasileiro Roberto von der Osten, o Bet\u00e3o, ex-presidente da Contraf-CUT, pela sua hist\u00f3ria de luta no movimento sindical. Em agradecimento, ele ressaltou a import\u00e2ncia das confer\u00eancias promovidas pela entidade, para o fortalecimento da classe trabalhadora em \u00e2mbito mundial.<\/p>\n<p>&#8220;Esse \u00e9 um espa\u00e7o onde trocamos nossa fraternidade, trazemos, de cada pa\u00eds, de cada regi\u00e3o nossas ang\u00fastias e sa\u00edmos daqui com uma esperan\u00e7a coletiva, de que o mundo, a partir deste minuto, j\u00e1 \u00e9 melhor\u201d, pontuou.\u00a0<strong>\u201cVivemos um tempo dif\u00edcil, em todo o mundo, mas que momento, no mundo, para n\u00f3s trabalhadores, n\u00e3o foi dif\u00edcil? E como superamos isso? O velho camarada Marx j\u00e1 disse que t\u00ednhamos que nos unir. Na unidade n\u00f3s vamos construir um mundo muito melhor do que temos hoje&#8221;<\/strong>, completou.<\/p>\n<p><strong>O encontro terminou com a passagem da gest\u00e3o da UNI Finan\u00e7as Am\u00e9ricas das m\u00e3os do argentino S\u00e9rgio Palazzo para as m\u00e3os da brasileira Juvandia Moreira.<\/strong>\u00a0\u201cChegamos aqui no encerramento, marcados por ricos debates, reflex\u00f5es profundas e, acima de tudo, compromisso profundo com os trabalhadores e trabalhadoras do setor financeiro em nossa regi\u00e3o. Antes de tudo, gostaria de parabenizar o companheiro S\u00e9rgio, por sua lideran\u00e7a na Argentina, sua lideran\u00e7a na UNI Finan\u00e7as e por sua lideran\u00e7a na UNI Mundial\u201d, ressaltou Juvandia Moreira.<\/p>\n<p>A secret\u00e1ria de Rela\u00e7\u00f5es Internacionais da Contraf-CUT, Rita Berlofa, arrematou que os dois dias de evento foram fundamentais para a troca de experi\u00eancias entre trabalhadoras e trabalhadores das am\u00e9ricas.<\/p>\n<p>\u201cTemos consci\u00eancia de que os desafios s\u00e3o grandes, para que a economia seja solid\u00e1ria, sustent\u00e1vel e para que, como Juvandia colocou, o trabalhador esteja no centro. Mas tamb\u00e9m sa\u00edmos fortes, porque nossa linguagem \u00e9 a mesma e, com isso, refor\u00e7amos nossa unidade, sem a qual n\u00e3o conseguiremos enfrentar essa luta. A partir de amanh\u00e3, come\u00e7ar\u00e1 a 7\u00aa Confer\u00eancia Regional UNI Am\u00e9ricas Mulheres e a 6\u00aa Confer\u00eancia Regional da UNI Am\u00e9ricas Juventude, e por fim, vamos tamb\u00e9m participar da 6\u00aa Confer\u00eancia Regional da UNI Am\u00e9ricas, onde mais debates, importantes como foram esses, ser\u00e3o aprofundados\u201d, concluiu.<\/p>\n<p><strong>Fonte: Contraf-CUT<\/strong><\/p>\n","protected":false},"excerpt":{"rendered":"<p>Trabalhadoras e trabalhadores organizados de pa\u00edses de toda as am\u00e9ricas est\u00e3o reunidos desde segunda-feira (2), em La Falda, em C\u00f3rdoba, na Argentina, para quatro encontros seguidos. O primeiro, que come\u00e7ou na segunda (2) e termina nesta ter\u00e7a-feira (3), \u00e9 a\u00a06\u00aa Confer\u00eancia Regional UNI Am\u00e9ricas Finan\u00e7as. Nos pr\u00f3ximos dias, acontecer\u00e3o ainda a 7\u00aa Confer\u00eancia Regional da [&hellip;]<\/p>\n","protected":false},"author":2,"featured_media":15999,"comment_status":"","ping_status":"","sticky":false,"template":"","format":"standard","meta":{"footnotes":""},"categories":[3],"tags":[],"class_list":["post-16000","post","type-post","status-publish","format-standard","has-post-thumbnail","hentry","category-noticias"],"_links":{"self":[{"href":"https:\/\/hostnetart.com.br\/baixada\/wp-json\/wp\/v2\/posts\/16000","targetHints":{"allow":["GET"]}}],"collection":[{"href":"https:\/\/hostnetart.com.br\/baixada\/wp-json\/wp\/v2\/posts"}],"about":[{"href":"https:\/\/hostnetart.com.br\/baixada\/wp-json\/wp\/v2\/types\/post"}],"author":[{"embeddable":true,"href":"https:\/\/hostnetart.com.br\/baixada\/wp-json\/wp\/v2\/users\/2"}],"replies":[{"embeddable":true,"href":"https:\/\/hostnetart.com.br\/baixada\/wp-json\/wp\/v2\/comments?post=16000"}],"version-history":[{"count":0,"href":"https:\/\/hostnetart.com.br\/baixada\/wp-json\/wp\/v2\/posts\/16000\/revisions"}],"wp:featuredmedia":[{"embeddable":true,"href":"https:\/\/hostnetart.com.br\/baixada\/wp-json\/wp\/v2\/media\/15999"}],"wp:attachment":[{"href":"https:\/\/hostnetart.com.br\/baixada\/wp-json\/wp\/v2\/media?parent=16000"}],"wp:term":[{"taxonomy":"category","embeddable":true,"href":"https:\/\/hostnetart.com.br\/baixada\/wp-json\/wp\/v2\/categories?post=16000"},{"taxonomy":"post_tag","embeddable":true,"href":"https:\/\/hostnetart.com.br\/baixada\/wp-json\/wp\/v2\/tags?post=16000"}],"curies":[{"name":"wp","href":"https:\/\/api.w.org\/{rel}","templated":true}]}}