{"id":16,"date":"2017-05-15T12:43:56","date_gmt":"2017-05-15T15:43:56","guid":{"rendered":"https:\/\/hostnetart.com.br\/baixada\/quem-somos\/"},"modified":"2017-05-15T12:43:56","modified_gmt":"2017-05-15T15:43:56","slug":"quem-somos","status":"publish","type":"post","link":"https:\/\/hostnetart.com.br\/baixada\/quem-somos\/","title":{"rendered":"Quem Somos"},"content":{"rendered":"<p>Rela\u00e7\u00e3o atualizada da Diretoria do Sindicato (20\/07\/2022)<\/p>\n<p>\u00a0<\/p>\n<h2 class=\"topo\">Coordena\u00e7\u00e3o Geral<\/h2>\n<div class=\"span4\" style=\"text-align: center !important; margin: 0 auto !important; width: 33% !important;\">\u00a0 <\/p>\n<p style=\"text-align: center !important;\">Renata Macedo Soeiro<\/p>\n<\/div>\n<div class=\"span4\" style=\"text-align: center !important; margin: 0 auto !important; width: 33% !important;\">\u00a0<img decoding=\"async\" class=\" size-full wp-image-5\" title=\"Jos\u00e9 La\u00e9rcio\" src=\"https:\/\/hostnetart.com.br\/baixada\/wp-content\/uploads\/2017\/05\/foto10-jose-laercio-pinto-costa.jpg\" width=\"100\" height=\"150\" \/> <\/p>\n<p style=\"text-align: center !important;\">Jos\u00e9 La\u00e9rcio Pinto de Oliveira<\/p>\n<\/div>\n<div class=\"span4\" style=\"text-align: center !important; margin: 0 auto !important; width: 33% !important;\">\u00a0<img decoding=\"async\" class=\" size-full wp-image-6\" title=\"Pedro Batista\" src=\"https:\/\/hostnetart.com.br\/baixada\/wp-content\/uploads\/2017\/05\/foto03-pedro-batista-fraga-henriques.jpg\" width=\"100\" height=\"150\" \/> <\/p>\n<p style=\"text-align: center !important;\">Pedro Batista Fraga Henriques<\/p>\n<p>\u00a0<\/p>\n<\/div>\n<p>\u00a0<\/p>\n<h2 class=\"topo\">Secretaria de Organiza\u00e7\u00e3o<\/h2>\n<div class=\"span12\">\u00a0<img decoding=\"async\" class=\" size-full wp-image-7\" style=\"display: block; margin-left: auto; margin-right: auto;\" title=\"Membro titular: Newton Andrade\" src=\"https:\/\/hostnetart.com.br\/baixada\/wp-content\/uploads\/2017\/05\/foto02-niwton.jpg\" width=\"100\" height=\"150\" \/> <\/p>\n<p style=\"text-align: center;\">Newton Andrade Fran\u00e7a<\/p>\n<\/div>\n<p>\u00a0<\/p>\n<h2 class=\"topo\">Secretaria de Administra\u00e7\u00e3o e Finan\u00e7as<\/h2>\n<div class=\"span6\">\u00a0<img loading=\"lazy\" decoding=\"async\" class=\" size-full wp-image-8\" style=\"display: block; margin-left: auto; margin-right: auto;\" title=\"Coordenador: Roberto Domingos\" src=\"https:\/\/hostnetart.com.br\/baixada\/wp-content\/uploads\/2017\/05\/roberto.jpg\" width=\"102\" height=\"152\" \/> <\/p>\n<p style=\"text-align: center;\">Coordenador: Roberto Domingos de Paula<\/p>\n<\/div>\n<div class=\"span6\">\u00a0<img loading=\"lazy\" decoding=\"async\" class=\" size-full wp-image-9\" style=\"display: block; margin-left: auto; margin-right: auto;\" title=\"Membro titular: R\u00fabio Barros\" src=\"https:\/\/hostnetart.com.br\/baixada\/wp-content\/uploads\/2017\/05\/foto20-rubio.jpg\" width=\"100\" height=\"150\" \/> <\/p>\n<p style=\"text-align: center;\">Membro titular: R\u00fabio Barros Araujo<\/p>\n<\/div>\n<p>\u00a0<\/p>\n<h2 class=\"topo\">Secretaria de Assuntos Jur\u00eddicos<\/h2>\n<div class=\"span12\">\u00a0<img loading=\"lazy\" decoding=\"async\" class=\" size-full wp-image-10\" style=\"display: block; margin-left: auto; margin-right: auto;\" title=\"Cl\u00e1udio Leite\" src=\"https:\/\/hostnetart.com.br\/baixada\/wp-content\/uploads\/2017\/05\/claudio.jpg\" width=\"102\" height=\"152\" \/> <\/p>\n<p style=\"text-align: center;\">Claudio Leite Leal<\/p>\n<\/div>\n<p>\u00a0<\/p>\n<h2 class=\"topo\">Secretaria de Imprensa e Comunica\u00e7\u00e3o<\/h2>\n<div class=\"span6\">\n<p style=\"text-align: center;\">Os\u00e9ias Andr\u00e9 Herculano<\/p>\n<\/div>\n<div class=\"span6\">\n<p style=\"text-align: center;\">Solange Ribeiro Viana<\/p>\n<\/div>\n<p>\u00a0<\/p>\n<h2 class=\"topo\">Secretaria de Rela\u00e7\u00f5es Sindicais<\/h2>\n<div class=\"span6\">\u00a0<img loading=\"lazy\" decoding=\"async\" class=\" size-full wp-image-11\" style=\"display: block; margin-left: auto; margin-right: auto;\" title=\"Marcelo de Oliveira\" src=\"https:\/\/hostnetart.com.br\/baixada\/wp-content\/uploads\/2017\/05\/foto08-marcelo-de-oliveira-silva.jpg\" width=\"100\" height=\"150\" \/> <\/p>\n<p style=\"text-align: center;\">Marcelo de Oliveira Silva<\/p>\n<\/div>\n<div class=\"span6\">\u00a0<img loading=\"lazy\" decoding=\"async\" class=\" size-full wp-image-12\" style=\"display: block; margin-left: auto; margin-right: auto;\" title=\"Leila Pena\" src=\"https:\/\/hostnetart.com.br\/baixada\/wp-content\/uploads\/2017\/05\/fundo.png\" width=\"100\" height=\"150\" \/> <\/p>\n<p style=\"text-align: center;\">Gentil Nogueira Ramos<\/p>\n<\/div>\n<p>\u00a0<\/p>\n<h2 class=\"topo\">Secretaria de Forma\u00e7\u00e3o<\/h2>\n<div class=\"span12\">\u00a0<img loading=\"lazy\" decoding=\"async\" class=\" size-full wp-image-13\" style=\"display: block; margin-left: auto; margin-right: auto;\" title=\"Leila Pena\" src=\"https:\/\/hostnetart.com.br\/baixada\/wp-content\/uploads\/2017\/05\/dialas.jpg\" width=\"100\" height=\"150\" \/> <\/p>\n<p style=\"text-align: center;\">Di\u00e1las Coelho Filho<\/p>\n<\/div>\n<p>\u00a0<\/p>\n<h2 class=\"topo\">Secretaria de Cultura, Esporte e Lazer<\/h2>\n<div class=\"span12\">\u00a0<img loading=\"lazy\" decoding=\"async\" class=\" size-full wp-image-14\" style=\"display: block; margin-left: auto; margin-right: auto;\" title=\"Ricardo Santos\" src=\"https:\/\/hostnetart.com.br\/baixada\/wp-content\/uploads\/2017\/05\/ricardo.jpg\" width=\"102\" height=\"152\" \/> <\/p>\n<p style=\"text-align: center;\">Ricardo Santos de S\u00e1<\/p>\n<\/div>\n<p>\u00a0<\/p>\n<h2 class=\"topo\">Secretaria de Sa\u00fade e Seguran\u00e7a do Trabalho<\/h2>\n<div class=\"span12\">\u00a0<img loading=\"lazy\" decoding=\"async\" class=\" size-full wp-image-15\" style=\"display: block; margin-left: auto; margin-right: auto;\" title=\"Rosangela da Costa\" src=\"https:\/\/hostnetart.com.br\/baixada\/wp-content\/uploads\/2017\/05\/foto192-rosangela.jpg\" width=\"100\" height=\"150\" \/> <\/p>\n<p style=\"text-align: center;\">Ros\u00e2ngela da Costa Gon\u00e7alves<\/p>\n<\/div>\n<p>\u00a0<\/p>\n<h2 class=\"topo\">Conselho Fiscal<\/h2>\n<div class=\"span4\">\u00a0<\/p>\n<p style=\"text-align: center;\">Astrogildo Martins<\/p>\n<\/div>\n<div class=\"span4\">\u00a0<\/p>\n<p style=\"text-align: center;\">Milene Priegue<\/p>\n<\/div>\n<div class=\"span4\">\u00a0<\/p>\n<p style=\"text-align: center;\">Andr\u00e9 Fagundes<\/p>\n<\/div>\n<p>\u00a0<\/p>\n<p>\u00a0<\/p>\n<h2 class=\"topo\">Coordena\u00e7\u00e3o de \u00e1rea<\/h2>\n<p style=\"font-weight: 900;\">Nil\u00f3polis\/Belford Roxo\/Mesquita<\/p>\n<div class=\"span12\">\n<p>Jo\u00e3o Marcelo Pimentel<\/p>\n<\/div>\n<p>\u00a0<\/p>\n<p style=\"font-weight: 900;\">Mag\u00e9\/Guapimirim<\/p>\n<div class=\"span12\">\n<p>Marco Ant\u00f4nio Luiz dos Santos<\/p>\n<\/div>\n<p>\u00a0<\/p>\n<p style=\"font-weight: 900;\">Nova Igua\u00e7u\/Queimados\/Japeri<\/p>\n<div class=\"span12\">\n<p>Elizabeth Paradela Silva<\/p>\n<\/div>\n<p>\u00a0<\/p>\n<p style=\"font-weight: 900;\">Duque de Caxias<\/p>\n<div class=\"span12\">\n<p>Eliane de Castro Nascimento<\/p>\n<\/div>\n<p>\u00a0<\/p>\n<p style=\"font-weight: 900;\">S\u00e3o Jo\u00e3o de Meriti<\/p>\n<div class=\"span12\">\n<p>Jefferson Rodrigues Maia<\/p>\n<\/div>\n<p>\u00a0<\/p>\n<h2 class=\"topo\">Corpo de Suplentes<\/h2>\n<div class=\"span4\">\u00a0<\/p>\n<p style=\"text-align: center;\">Alexandro Rosa Pra\u00e7a<\/p>\n<\/div>\n<div class=\"span4\">\u00a0<\/p>\n<p style=\"text-align: center;\">Evandro Hydalgo Passeri<\/p>\n<\/div>\n<div class=\"span4\">\u00a0<\/p>\n<p style=\"text-align: center;\">Fernando Correia de S\u00e1<\/p>\n<\/div>\n<p>\u00a0<\/p>\n<div class=\"span4\">\u00a0<\/p>\n<p style=\"text-align: center;\">Gilmar Lemos da Silva<\/p>\n<\/div>\n<div class=\"span4\">\u00a0<\/p>\n<p style=\"text-align: center;\">Glaucia Cristina Haubrick Borges<\/p>\n<\/div>\n<div class=\"span4\">\u00a0<\/p>\n<p style=\"text-align: center;\">Jackson da Silva Siqueira<\/p>\n<\/div>\n<p>\u00a0<\/p>\n<div class=\"span4\">\u00a0<\/p>\n<p style=\"text-align: center;\">M\u00e1rcio Sarmento dos Santos<\/p>\n<\/div>\n<div class=\"span4\">\u00a0<\/p>\n<p style=\"text-align: center;\">Vander Alexandre de Menezes<\/p>\n<\/div>\n<p>\u00a0<\/p>\n","protected":false},"excerpt":{"rendered":"<p>Rela\u00e7\u00e3o atualizada da Diretoria do Sindicato (20\/07\/2022) \u00a0 Coordena\u00e7\u00e3o Geral \u00a0 Renata Macedo Soeiro \u00a0 Jos\u00e9 La\u00e9rcio Pinto de Oliveira \u00a0 Pedro Batista Fraga Henriques \u00a0 \u00a0 Secretaria de Organiza\u00e7\u00e3o \u00a0 Newton Andrade Fran\u00e7a \u00a0 Secretaria de Administra\u00e7\u00e3o e Finan\u00e7as \u00a0 Coordenador: Roberto Domingos de Paula \u00a0 Membro titular: R\u00fabio Barros Araujo \u00a0 Secretaria de [&hellip;]<\/p>\n","protected":false},"author":1,"featured_media":4,"comment_status":"","ping_status":"","sticky":false,"template":"","format":"standard","meta":{"footnotes":""},"categories":[4],"tags":[],"class_list":["post-16","post","type-post","status-publish","format-standard","has-post-thumbnail","hentry","category-geral"],"_links":{"self":[{"href":"https:\/\/hostnetart.com.br\/baixada\/wp-json\/wp\/v2\/posts\/16","targetHints":{"allow":["GET"]}}],"collection":[{"href":"https:\/\/hostnetart.com.br\/baixada\/wp-json\/wp\/v2\/posts"}],"about":[{"href":"https:\/\/hostnetart.com.br\/baixada\/wp-json\/wp\/v2\/types\/post"}],"author":[{"embeddable":true,"href":"https:\/\/hostnetart.com.br\/baixada\/wp-json\/wp\/v2\/users\/1"}],"replies":[{"embeddable":true,"href":"https:\/\/hostnetart.com.br\/baixada\/wp-json\/wp\/v2\/comments?post=16"}],"version-history":[{"count":0,"href":"https:\/\/hostnetart.com.br\/baixada\/wp-json\/wp\/v2\/posts\/16\/revisions"}],"wp:featuredmedia":[{"embeddable":true,"href":"https:\/\/hostnetart.com.br\/baixada\/wp-json\/wp\/v2\/media\/4"}],"wp:attachment":[{"href":"https:\/\/hostnetart.com.br\/baixada\/wp-json\/wp\/v2\/media?parent=16"}],"wp:term":[{"taxonomy":"category","embeddable":true,"href":"https:\/\/hostnetart.com.br\/baixada\/wp-json\/wp\/v2\/categories?post=16"},{"taxonomy":"post_tag","embeddable":true,"href":"https:\/\/hostnetart.com.br\/baixada\/wp-json\/wp\/v2\/tags?post=16"}],"curies":[{"name":"wp","href":"https:\/\/api.w.org\/{rel}","templated":true}]}}