{"id":15998,"date":"2024-12-02T14:12:48","date_gmt":"2024-12-02T17:12:48","guid":{"rendered":"https:\/\/hostnetart.com.br\/baixada\/caixa-nova-reuniao-sobre-promocao-por-merito-sera-nesta-segunda-feira\/"},"modified":"2024-12-02T14:12:48","modified_gmt":"2024-12-02T17:12:48","slug":"caixa-nova-reuniao-sobre-promocao-por-merito-sera-nesta-segunda-feira","status":"publish","type":"post","link":"https:\/\/hostnetart.com.br\/baixada\/caixa-nova-reuniao-sobre-promocao-por-merito-sera-nesta-segunda-feira\/","title":{"rendered":"Caixa: Nova reuni\u00e3o sobre promo\u00e7\u00e3o por m\u00e9rito ser\u00e1 nesta segunda-feira"},"content":{"rendered":"<\/p>\n<p>O Grupo de Trabalho (GT) de Promo\u00e7\u00e3o por M\u00e9rito da Caixa Econ\u00f4mica Federal, formado pelos representantes dos trabalhadores e do banco, volta a se reunir na segunda-feira (02\/12) para discutir as regras e crit\u00e9rios para o pagamento dos &#8220;deltas&#8221;, como s\u00e3o chamadas as remunera\u00e7\u00f5es adicionais que s\u00e3o pagas conforme a evolu\u00e7\u00e3o na carreira.<\/p>\n<p>Na <a href=\"https:\/\/contrafcut.com.br\/noticias\/caixa-propoe-serie-de-criterios-para-delta-empregados-recusam-e-cobram-distribuicao-linear\/\" target=\"_blank\" rel=\"noopener noreferrer\">\u00faltima reuni\u00e3o<\/a>, realizada no dia 11 de novembro, o banco apresentou uma proposta, que foi recusada pela representa\u00e7\u00e3o dos trabalhadores, devido ao curto per\u00edodo (menos de um m\u00eas) para o cumprimento das exig\u00eancias e \u00e0 falta de clareza com rela\u00e7\u00e3o ao modo que devem ser cumpridas algumas das exig\u00eancias.<\/p>\n<p>\u201cOs deltas s\u00e3o pagos considerando o ano base 2024, que j\u00e1 est\u00e1 acabando. N\u00e3o \u00e9 justo estabelecer crit\u00e9rios a serem cumpridos em 12 meses sendo que temos apenas um m\u00eas para cumpri-los\u201d, disse a coordenadora da Comiss\u00e3o Executiva dos Empregados e do GT, Eliana Brasil, que \u00e9 diretora executiva da Contraf-CUT. \u201cAl\u00e9m disso, defendemos que os cursos e outras exig\u00eancias devem ser realizados de forma a contribuir verdadeiramente com o desenvolvimento intelectual e f\u00edsico dos empregados. N\u00e3o podem ser feitos apenas para se conseguir um comprovante de realiza\u00e7\u00e3o para aumento na remunera\u00e7\u00e3o\u201d, completou Eliana.<\/p>\n<p>A representa\u00e7\u00e3o dos empregados tamb\u00e9m defende que os cursos possam ser realizados durante o hor\u00e1rio de expediente, com orienta\u00e7\u00e3o do banco aos gestores para que seja estabelecida uma escala para que todos tenham a oportunidade de realizar os cursos. \u201cEssa preocupa\u00e7\u00e3o visa atender, principalmente, as mulheres que n\u00e3o t\u00eam companheiros que entendem a necessidade da justa divis\u00e3o de tarefas de cuidados com o lar e outras responsabilidades familiares, como a aten\u00e7\u00e3o com os filhos\u201d, observou Eliana Brasil. \u201cPor isso, entendemos que elas s\u00e3o prejudicadas nos casos em que os cursos e outros requisitos n\u00e3o podem ser realizados durante o expediente\u201d, completou.<\/p>\n<p><strong>Fonte: Contraf-CUT<\/strong><\/p>\n","protected":false},"excerpt":{"rendered":"<p>O Grupo de Trabalho (GT) de Promo\u00e7\u00e3o por M\u00e9rito da Caixa Econ\u00f4mica Federal, formado pelos representantes dos trabalhadores e do banco, volta a se reunir na segunda-feira (02\/12) para discutir as regras e crit\u00e9rios para o pagamento dos &#8220;deltas&#8221;, como s\u00e3o chamadas as remunera\u00e7\u00f5es adicionais que s\u00e3o pagas conforme a evolu\u00e7\u00e3o na carreira. Na \u00faltima [&hellip;]<\/p>\n","protected":false},"author":2,"featured_media":15997,"comment_status":"","ping_status":"","sticky":false,"template":"","format":"standard","meta":{"footnotes":""},"categories":[3],"tags":[],"class_list":["post-15998","post","type-post","status-publish","format-standard","has-post-thumbnail","hentry","category-noticias"],"_links":{"self":[{"href":"https:\/\/hostnetart.com.br\/baixada\/wp-json\/wp\/v2\/posts\/15998","targetHints":{"allow":["GET"]}}],"collection":[{"href":"https:\/\/hostnetart.com.br\/baixada\/wp-json\/wp\/v2\/posts"}],"about":[{"href":"https:\/\/hostnetart.com.br\/baixada\/wp-json\/wp\/v2\/types\/post"}],"author":[{"embeddable":true,"href":"https:\/\/hostnetart.com.br\/baixada\/wp-json\/wp\/v2\/users\/2"}],"replies":[{"embeddable":true,"href":"https:\/\/hostnetart.com.br\/baixada\/wp-json\/wp\/v2\/comments?post=15998"}],"version-history":[{"count":0,"href":"https:\/\/hostnetart.com.br\/baixada\/wp-json\/wp\/v2\/posts\/15998\/revisions"}],"wp:featuredmedia":[{"embeddable":true,"href":"https:\/\/hostnetart.com.br\/baixada\/wp-json\/wp\/v2\/media\/15997"}],"wp:attachment":[{"href":"https:\/\/hostnetart.com.br\/baixada\/wp-json\/wp\/v2\/media?parent=15998"}],"wp:term":[{"taxonomy":"category","embeddable":true,"href":"https:\/\/hostnetart.com.br\/baixada\/wp-json\/wp\/v2\/categories?post=15998"},{"taxonomy":"post_tag","embeddable":true,"href":"https:\/\/hostnetart.com.br\/baixada\/wp-json\/wp\/v2\/tags?post=15998"}],"curies":[{"name":"wp","href":"https:\/\/api.w.org\/{rel}","templated":true}]}}