{"id":15996,"date":"2024-11-29T15:35:58","date_gmt":"2024-11-29T18:35:58","guid":{"rendered":"https:\/\/hostnetart.com.br\/baixada\/sem-anistia-movimentos-sociais-convocam-mobilizacoes-para-o-dia-10-de-dezembro\/"},"modified":"2024-11-29T15:35:58","modified_gmt":"2024-11-29T18:35:58","slug":"sem-anistia-movimentos-sociais-convocam-mobilizacoes-para-o-dia-10-de-dezembro","status":"publish","type":"post","link":"https:\/\/hostnetart.com.br\/baixada\/sem-anistia-movimentos-sociais-convocam-mobilizacoes-para-o-dia-10-de-dezembro\/","title":{"rendered":"Sem anistia: Movimentos sociais convocam mobiliza\u00e7\u00f5es para o dia 10 de dezembro"},"content":{"rendered":"<p>A Central \u00danica dos Trabalhadores (CUT), junto a outras centrais sindicais, convocam ato e mobiliza\u00e7\u00f5es para o pr\u00f3ximo dia 10 de dezembro, com o objetivo de fazer press\u00e3o popular para enterrar o Projeto de Lei da anistia e defender direitos e democracia.<\/p>\n<p>As manifesta\u00e7\u00f5es, que ocorrer\u00e3o em todo o Brasil, exigir\u00e1 a pris\u00e3o para os golpistas.<\/p>\n<p>As centrais refor\u00e7am import\u00e2ncia da classe trabalhadora participar dos atos.<\/p>\n<p>A convoca\u00e7\u00e3o \u00e9 do presidente nacional da CUT, S\u00e9rgio Nobre, para o ato nacional que ser\u00e1 realizado em 10 de dezembro, nas capitais brasileiras, organizado pelos movimentos sindicais, sociais e entidades do campo progressista. O ato ocorre no Dia Internacional dos Direitos Humanos.<\/p>\n<p>\u201c\u00c9 muito importante a press\u00e3o popular, e imprescind\u00edvel que a gente v\u00e1 para as ruas participar do ato nacional no dia 10 de dezembro, para exigir que esse processo seja esclarecido de forma c\u00e9lere, sem atropelar o rito processual, isso a gente n\u00e3o quer, porque esse rito tem de ser respeitado, mas precisa haver celeridade porque \u00e9 muito grave\u201d, convoca S\u00e9rgio Nobre.<\/p>\n<p>O l\u00edder cutista ressalta a gravidade dos crimes apontados, com riqueza de evid\u00eancias e provas, no inqu\u00e9rito da Pol\u00edcia Federal, que levou ao recente indiciamento de 37 pessoas, entre elas o ex-presidente ineleg\u00edvel, Jair Bolsonaro. Desse total, 25 golpistas s\u00e3o militares, dos quais seis generais, dois delegados da Pol\u00edcia Federal e tr\u00eas ex-ministros de Bolsonaro.<\/p>\n<p>Os indiciados, todos homens, se condenados podem pegar dezenas de anos de pris\u00e3o. Bolsonaro, seu ex-candidato a vice e ex-ministro, general Braga Netto, e outros integrantes do governo entre 2019 e 2022 foram indiciados por aboli\u00e7\u00e3o violenta do Estado democr\u00e1tico de Direito, golpe de Estado e organiza\u00e7\u00e3o criminosa. Al\u00e9m do golpe, planejaram tamb\u00e9m o assassinado do presidente eleito, Luiz In\u00e1cio Lula da Silva, seu vice, Geraldo Alckmin, e do ministro do STF (Supremo Tribunal Federal) Alexandre de Moraes. Crimes grav\u00edssimos.<\/p>\n<p>Para que haja julgamento, condena\u00e7\u00e3o e pris\u00e3o dos criminosos indiciados, a Procuradoria-Geral da Rep\u00fablica ter\u00e1 de avaliar o inqu\u00e9rito da Pol\u00edcia Federal e decidir o destino da investiga\u00e7\u00e3o, ou seja, se acusa formalmente os indiciados, apresentando e enviando a den\u00fancia ao STF.<\/p>\n<p>\u201cEsta hist\u00f3ria de anistia para golpistas tem que acabar, porque \u00e9 uma afronta \u00e0 democracia brasileira. Todos que tramaram o golpe contra o Estado brasileiro t\u00eam que ser punidos de forma exemplar. No dia 10 de dezembro, temos que falar isso nas ruas do pa\u00eds inteiro, para defender a nossa democracia, defender os direitos humanos, porque quando h\u00e1 golpe e uma ditadura a classe trabalhadora \u00e9 sempre a que mais sofre e perde direitos\u201d., completou S\u00e9rgio.<\/p>\n<p>A escolha da data ocorre em um contexto decisivo no qual Jair Bolsonaro e mais 36 respons\u00e1veis, foram indiciados pela Pol\u00edcia Federal por planejar uma tentativa golpe contra o estado e \u00e0 estabilidade de suas institui\u00e7\u00f5es democr\u00e1ticas.<\/p>\n<p>RIO DE JANEIRO<\/p>\n<p>No Rio de Janeiro, o ato se concertar\u00e1 no Largo da Carioca, no Centro, e ir\u00e1 caminhar at\u00e9 a Pra\u00e7a XV.<\/p>\n","protected":false},"excerpt":{"rendered":"<p>A Central \u00danica dos Trabalhadores (CUT), junto a outras centrais sindicais, convocam ato e mobiliza\u00e7\u00f5es para o pr\u00f3ximo dia 10 de dezembro, com o objetivo de fazer press\u00e3o popular para enterrar o Projeto de Lei da anistia e defender direitos e democracia. As manifesta\u00e7\u00f5es, que ocorrer\u00e3o em todo o Brasil, exigir\u00e1 a pris\u00e3o para os [&hellip;]<\/p>\n","protected":false},"author":2,"featured_media":15995,"comment_status":"","ping_status":"","sticky":false,"template":"","format":"standard","meta":{"footnotes":""},"categories":[3],"tags":[],"class_list":["post-15996","post","type-post","status-publish","format-standard","has-post-thumbnail","hentry","category-noticias"],"_links":{"self":[{"href":"https:\/\/hostnetart.com.br\/baixada\/wp-json\/wp\/v2\/posts\/15996","targetHints":{"allow":["GET"]}}],"collection":[{"href":"https:\/\/hostnetart.com.br\/baixada\/wp-json\/wp\/v2\/posts"}],"about":[{"href":"https:\/\/hostnetart.com.br\/baixada\/wp-json\/wp\/v2\/types\/post"}],"author":[{"embeddable":true,"href":"https:\/\/hostnetart.com.br\/baixada\/wp-json\/wp\/v2\/users\/2"}],"replies":[{"embeddable":true,"href":"https:\/\/hostnetart.com.br\/baixada\/wp-json\/wp\/v2\/comments?post=15996"}],"version-history":[{"count":0,"href":"https:\/\/hostnetart.com.br\/baixada\/wp-json\/wp\/v2\/posts\/15996\/revisions"}],"wp:featuredmedia":[{"embeddable":true,"href":"https:\/\/hostnetart.com.br\/baixada\/wp-json\/wp\/v2\/media\/15995"}],"wp:attachment":[{"href":"https:\/\/hostnetart.com.br\/baixada\/wp-json\/wp\/v2\/media?parent=15996"}],"wp:term":[{"taxonomy":"category","embeddable":true,"href":"https:\/\/hostnetart.com.br\/baixada\/wp-json\/wp\/v2\/categories?post=15996"},{"taxonomy":"post_tag","embeddable":true,"href":"https:\/\/hostnetart.com.br\/baixada\/wp-json\/wp\/v2\/tags?post=15996"}],"curies":[{"name":"wp","href":"https:\/\/api.w.org\/{rel}","templated":true}]}}