{"id":15994,"date":"2024-11-29T10:48:26","date_gmt":"2024-11-29T13:48:26","guid":{"rendered":"https:\/\/hostnetart.com.br\/baixada\/negociacoes-sao-retomadas-com-o-itau\/"},"modified":"2024-11-29T10:48:26","modified_gmt":"2024-11-29T13:48:26","slug":"negociacoes-sao-retomadas-com-o-itau","status":"publish","type":"post","link":"https:\/\/hostnetart.com.br\/baixada\/negociacoes-sao-retomadas-com-o-itau\/","title":{"rendered":"Negocia\u00e7\u00f5es s\u00e3o retomadas com o Ita\u00fa"},"content":{"rendered":"<\/p>\n<p>A Comiss\u00e3o de Organiza\u00e7\u00e3o dos Empregados (COE) do Ita\u00fa se reuniu, nesta quinta-feira (28), com o banco para retomar as negocia\u00e7\u00f5es sobre a pauta de reivindica\u00e7\u00f5es espec\u00edficas das suas funcion\u00e1rias e funcion\u00e1rios.<\/p>\n<p>Em of\u00edcio enviado ao banco, a Confedera\u00e7\u00e3o Nacional dos Trabalhadores do Ramo Financeiro (Contraf-CUT), apresentou uma pauta de reivindica\u00e7\u00f5es dos empregados do banco relacionadas a cinco temas centrais (emprego e condi\u00e7\u00f5es de trabalho; benef\u00edcios e remunera\u00e7\u00f5es; sa\u00fade e condi\u00e7\u00f5es de trabalho; diversidade; e seguran\u00e7a banc\u00e1ria) para serem debatidas nas reuni\u00f5es de negocia\u00e7\u00e3o e passarem a integrar o acordo coletivo espec\u00edfico do banco a ser celebrado entre as entidades sindicais e a institui\u00e7\u00e3o financeira.<\/p>\n<p>Em resposta ao of\u00edcio enviado pela Contraf-CUT, o banco afirmou que \u201cconsiderando a estrutura organizada da categoria sindical, com uma conven\u00e7\u00e3o coletiva de trabalho de abrang\u00eancia nacional e benef\u00edcios aplicados de forma equitativa a todos os colaboradores, entendemos que nossos acordos coletivos devem refletir essa universalidade e atender \u00e0s especificidades de nosso quadro funcional.\u201d<\/p>\n<p>\u201cO banco tem como atender a todas as reivindica\u00e7\u00f5es dos trabalhadores. A alta do lucro divulgada no \u00faltimo balan\u00e7o vem se repetindo trimestre ap\u00f3s trimestre, ano ap\u00f3s ano. O que mostra que \u00e9 poss\u00edvel valorizar quem trabalha para que estes resultados sejam poss\u00edveis, sem precarizar as condi\u00e7\u00f5es de trabalho, sem terceiriza\u00e7\u00f5es, sem fechar ag\u00eancias e ampliando o quadro de pessoal, para n\u00e3o haver sobrecarga e press\u00e3o abusiva pelo cumprimento de metas\u201d, disse a coordenadora da COE\/Ita\u00fa, Valeska Pincovai.<\/p>\n<p>Leia a \u00edntegra da <a href=\"https:\/\/contrafcut.lumis.com.br\/data\/files\/21\/66\/9A\/D8\/6747391014C7D239820808A8\/OF%2027924%20-%20Pauta%20de%20Reivindicacoes%20especificas%20dos%20Empregados%20do%20Banco%20Itau-Unibanco%202024.pdf\" target=\"_blank\" rel=\"noopener noreferrer\">pauta de reivindica\u00e7\u00f5es apresentada ao banco<\/a>.<\/p>\n<p><b>Fonte: Contraf-CUT<\/b><\/p>\n","protected":false},"excerpt":{"rendered":"<p>A Comiss\u00e3o de Organiza\u00e7\u00e3o dos Empregados (COE) do Ita\u00fa se reuniu, nesta quinta-feira (28), com o banco para retomar as negocia\u00e7\u00f5es sobre a pauta de reivindica\u00e7\u00f5es espec\u00edficas das suas funcion\u00e1rias e funcion\u00e1rios. Em of\u00edcio enviado ao banco, a Confedera\u00e7\u00e3o Nacional dos Trabalhadores do Ramo Financeiro (Contraf-CUT), apresentou uma pauta de reivindica\u00e7\u00f5es dos empregados do banco [&hellip;]<\/p>\n","protected":false},"author":2,"featured_media":15993,"comment_status":"","ping_status":"","sticky":false,"template":"","format":"standard","meta":{"footnotes":""},"categories":[3],"tags":[],"class_list":["post-15994","post","type-post","status-publish","format-standard","has-post-thumbnail","hentry","category-noticias"],"_links":{"self":[{"href":"https:\/\/hostnetart.com.br\/baixada\/wp-json\/wp\/v2\/posts\/15994","targetHints":{"allow":["GET"]}}],"collection":[{"href":"https:\/\/hostnetart.com.br\/baixada\/wp-json\/wp\/v2\/posts"}],"about":[{"href":"https:\/\/hostnetart.com.br\/baixada\/wp-json\/wp\/v2\/types\/post"}],"author":[{"embeddable":true,"href":"https:\/\/hostnetart.com.br\/baixada\/wp-json\/wp\/v2\/users\/2"}],"replies":[{"embeddable":true,"href":"https:\/\/hostnetart.com.br\/baixada\/wp-json\/wp\/v2\/comments?post=15994"}],"version-history":[{"count":0,"href":"https:\/\/hostnetart.com.br\/baixada\/wp-json\/wp\/v2\/posts\/15994\/revisions"}],"wp:featuredmedia":[{"embeddable":true,"href":"https:\/\/hostnetart.com.br\/baixada\/wp-json\/wp\/v2\/media\/15993"}],"wp:attachment":[{"href":"https:\/\/hostnetart.com.br\/baixada\/wp-json\/wp\/v2\/media?parent=15994"}],"wp:term":[{"taxonomy":"category","embeddable":true,"href":"https:\/\/hostnetart.com.br\/baixada\/wp-json\/wp\/v2\/categories?post=15994"},{"taxonomy":"post_tag","embeddable":true,"href":"https:\/\/hostnetart.com.br\/baixada\/wp-json\/wp\/v2\/tags?post=15994"}],"curies":[{"name":"wp","href":"https:\/\/api.w.org\/{rel}","templated":true}]}}