{"id":15992,"date":"2024-11-29T10:45:16","date_gmt":"2024-11-29T13:45:16","guid":{"rendered":"https:\/\/hostnetart.com.br\/baixada\/santander-promove-mais-um-ataque-contra-seus-empregados\/"},"modified":"2024-11-29T10:45:16","modified_gmt":"2024-11-29T13:45:16","slug":"santander-promove-mais-um-ataque-contra-seus-empregados","status":"publish","type":"post","link":"https:\/\/hostnetart.com.br\/baixada\/santander-promove-mais-um-ataque-contra-seus-empregados\/","title":{"rendered":"Santander promove mais um ataque contra seus empregados"},"content":{"rendered":"<\/p>\n<p>O banco anunciou mais uma mudan\u00e7a ne rotina de trabalho que pode prejudicar seus funcion\u00e1rios. Desta vez, os afetados fazem parte do segmento de gerentes de contas empresariais, chamadas contas PJ. O banco pretende abolir a marca\u00e7\u00e3o de ponto por esses funcion\u00e1rios, alegando que isso dar\u00e1 maior flexibilidade para que cada um gerencie sua rotina e hor\u00e1rios de trabalho para atender as demandas dos clientes.<\/p>\n<p>\u201c\u00c9 mais um ataque que o banco promove aos seus funcion\u00e1rios, sem qualquer negocia\u00e7\u00e3o ou comunica\u00e7\u00e3o pr\u00e9via \u00e0s entidades de representa\u00e7\u00e3o dos trabalhadores. O movimento sindical n\u00e3o compactua com esse absurdo, que pode trazer perdas financeiras, uma vez que as horas-extras, que ultrapassarem as oito horas da jornada estabelecida n\u00e3o ser\u00e3o pagas, e impactar tamb\u00e9m na sa\u00fade mental e f\u00edsica dos trabalhadores\u201d, explicou a coordenadora da Comiss\u00e3o de Organiza\u00e7\u00e3o dos Empregados (COE) do Santander, Wanessa Queiroz.<\/p>\n<p>Para a coordenadora da COE\/Santander, \u00e9 fundamental que os trabalhadores tenham sua jornada respeitada, mesmo em casos de visitas externas para atendimento aos clientes.<\/p>\n<p>\u201cVamos pedir para que o banco agende uma reuni\u00e3o para tratarmos sobre esta quest\u00e3o, que est\u00e1 deixando muitos funcion\u00e1rios apreensivos, e continuar cobrando o respeito \u00e0 Conven\u00e7\u00e3o Coletiva de Trabalho da categoria banc\u00e1ria e ao nosso Acordo Coletivo de Trabalho espec\u00edfico, para evitar preju\u00edzos aos trabalhadores e o respeito \u00e0s entidades de representa\u00e7\u00e3o sindical, que devem negociar antecipadamente todas as mudan\u00e7as de gest\u00e3o do banco que interfiram na rotina de trabalho e na vida dos trabalhadores\u201d, disse, ao informar que t\u00e3o logo a reuni\u00e3o seja agendada a Contraf-CUT informar\u00e1 aos trabalhadores.<\/p>\n<p><b>Fonte: Contraf-CUT<\/b><\/p>\n","protected":false},"excerpt":{"rendered":"<p>O banco anunciou mais uma mudan\u00e7a ne rotina de trabalho que pode prejudicar seus funcion\u00e1rios. Desta vez, os afetados fazem parte do segmento de gerentes de contas empresariais, chamadas contas PJ. O banco pretende abolir a marca\u00e7\u00e3o de ponto por esses funcion\u00e1rios, alegando que isso dar\u00e1 maior flexibilidade para que cada um gerencie sua rotina [&hellip;]<\/p>\n","protected":false},"author":2,"featured_media":15991,"comment_status":"","ping_status":"","sticky":false,"template":"","format":"standard","meta":{"footnotes":""},"categories":[3],"tags":[],"class_list":["post-15992","post","type-post","status-publish","format-standard","has-post-thumbnail","hentry","category-noticias"],"_links":{"self":[{"href":"https:\/\/hostnetart.com.br\/baixada\/wp-json\/wp\/v2\/posts\/15992","targetHints":{"allow":["GET"]}}],"collection":[{"href":"https:\/\/hostnetart.com.br\/baixada\/wp-json\/wp\/v2\/posts"}],"about":[{"href":"https:\/\/hostnetart.com.br\/baixada\/wp-json\/wp\/v2\/types\/post"}],"author":[{"embeddable":true,"href":"https:\/\/hostnetart.com.br\/baixada\/wp-json\/wp\/v2\/users\/2"}],"replies":[{"embeddable":true,"href":"https:\/\/hostnetart.com.br\/baixada\/wp-json\/wp\/v2\/comments?post=15992"}],"version-history":[{"count":0,"href":"https:\/\/hostnetart.com.br\/baixada\/wp-json\/wp\/v2\/posts\/15992\/revisions"}],"wp:featuredmedia":[{"embeddable":true,"href":"https:\/\/hostnetart.com.br\/baixada\/wp-json\/wp\/v2\/media\/15991"}],"wp:attachment":[{"href":"https:\/\/hostnetart.com.br\/baixada\/wp-json\/wp\/v2\/media?parent=15992"}],"wp:term":[{"taxonomy":"category","embeddable":true,"href":"https:\/\/hostnetart.com.br\/baixada\/wp-json\/wp\/v2\/categories?post=15992"},{"taxonomy":"post_tag","embeddable":true,"href":"https:\/\/hostnetart.com.br\/baixada\/wp-json\/wp\/v2\/tags?post=15992"}],"curies":[{"name":"wp","href":"https:\/\/api.w.org\/{rel}","templated":true}]}}