{"id":15990,"date":"2024-11-28T18:08:43","date_gmt":"2024-11-28T21:08:43","guid":{"rendered":"https:\/\/hostnetart.com.br\/baixada\/proposta-do-governo-para-isentar-quem-ganha-ate-r-5-mil-e-pauta-dos-movimentos-sindicais\/"},"modified":"2024-11-28T18:08:43","modified_gmt":"2024-11-28T21:08:43","slug":"proposta-do-governo-para-isentar-quem-ganha-ate-r-5-mil-e-pauta-dos-movimentos-sindicais","status":"publish","type":"post","link":"https:\/\/hostnetart.com.br\/baixada\/proposta-do-governo-para-isentar-quem-ganha-ate-r-5-mil-e-pauta-dos-movimentos-sindicais\/","title":{"rendered":"Proposta do governo para isentar quem ganha at\u00e9 R$ 5 mil \u00e9 pauta dos movimentos sindicais"},"content":{"rendered":"<p><strong>O governo Lula preparou uma proposta para que pessoas f\u00edsicas que ganham at\u00e9 R$ 5 mil tenham a isen\u00e7\u00e3o de Imposto de Renda<\/strong>. A not\u00edcia ser\u00e1 divulgada oficialmente pelo ministro da Fazenda, Fernando Haddad, nesta quarta-feira (27) em rede nacional, \u00e0s 20h30.<\/p>\n<p>Para a isen\u00e7\u00e3o valer precisar\u00e1 ser aprovada pelo Congresso Nacional. A proposta ser\u00e1 enviada para o legislativo junto com um pacote de cortes de gastos, que a equipe econ\u00f4mica de Haddad elabora desde o fim das elei\u00e7\u00f5es municipais.<\/p>\n<p>&#8220;<strong>Essa \u00e9 uma pauta dos movimentos sindicais<\/strong>, e que o presidente Lula se comprometeu em realizar na campanha eleitoral. O Brasil carrega uma distor\u00e7\u00e3o tribut\u00e1ria muito grave, em que os pobres s\u00e3o tributados para aliviar os mais ricos. \u00c9 claro que a maior parcela dos impostos pagos vem do consumo, mas essa proposta de isentar quem ganha at\u00e9 R$ 5 mil \u00e9 um importante passo para a justi\u00e7a econ\u00f4mica ao trabalhador e trabalhadora&#8221;, avalia Juvandia Moreira, presidenta da Confedera\u00e7\u00e3o Nacional dos Trabalhadores e Trabalhadoras do Ramo Financeiro (Contraf-CUT) e vice-presidenta da Central \u00danica dos Trabalhadores (CUT).<\/p>\n<p>Em entrevista sobre esse compromisso, feita no m\u00eas passado \u00e0 r\u00e1dio O Povo\/CNB de Fortaleza, o presidente Lula destacou que o governo espera conseguir ampliar, no futuro, a margem de isen\u00e7\u00e3o. &#8220;<strong>O povo trabalhador, proporcionalmente, paga mais imposto do que o rico<\/strong>. Ent\u00e3o, o que queremos \u00e9 isentar as pessoas que ganham at\u00e9 R$ 5 mil e no futuro isentar mais. Na minha cabe\u00e7a, sal\u00e1rio n\u00e3o \u00e9 renda. Renda \u00e9 o cara que vive de especula\u00e7\u00e3o. Esse, sim, deveria pagar Imposto de Renda&#8221;, pontuou.<\/p>\n<p>O secret\u00e1rio de Assuntos Socioecon\u00f4micos da Contraf-CUT, Walcir Previtale, explica que, de forma geral, os tributos, importantes para custear os servi\u00e7os p\u00fablicos, como educa\u00e7\u00e3o, sa\u00fade e seguran\u00e7a, incidem sobre tr\u00eas bases: renda, consumo e patrim\u00f4nio dos cidad\u00e3os e empresas. &#8220;As distor\u00e7\u00f5es tribut\u00e1rias est\u00e3o presentes em todos esses eixos, de forma a beneficiar os ricos e onerar mais aos pobres. Portanto, com essa proposta, do ministro Haddad, e que esperamos que seja aprovada pelo Congresso Nacional, vamos conseguir dar um passo importante para reduzir parte das distor\u00e7\u00f5es e beneficiar a popula\u00e7\u00e3o&#8221;.<\/p>\n<p><strong>Atualmente, quem ganha at\u00e9 R$ 2.259,20 de sal\u00e1rio n\u00e3o sofre tributa\u00e7\u00e3o<\/strong>. Desse valor, at\u00e9 R$ 2.826,65, cobra-se 7,5%. Em mar\u00e7o deste ano o governo federal editou uma medida provis\u00f3ria que cria um modelo simplificado para declara\u00e7\u00e3o e que passou a permitir que quem recebe at\u00e9 dois sal\u00e1rios-m\u00ednimos (R$ 2.824) n\u00e3o pague mais imposto de renda.<\/p>\n<p>Walcir alerta, por\u00e9m, que o movimento sindical ficar\u00e1 atento sobre os demais elementos que poder\u00e3o passar por ajustes e que ser\u00e3o discutidos no governo e no Congresso.\u00a0<strong>&#8220;N\u00f3s seguimos defendendo a taxa\u00e7\u00e3o dos super-ricos, temos que tributar os dividendos<\/strong>. Tamb\u00e9m avaliamos como positiva a proposta do governo de cortes nas alt\u00edssimas verbas previdenci\u00e1rias dos militares&#8221;, pontuou.<\/p>\n<p><em><strong>Fonte: Contraf-CUT<\/strong><\/em><\/p>\n","protected":false},"excerpt":{"rendered":"<p>O governo Lula preparou uma proposta para que pessoas f\u00edsicas que ganham at\u00e9 R$ 5 mil tenham a isen\u00e7\u00e3o de Imposto de Renda. A not\u00edcia ser\u00e1 divulgada oficialmente pelo ministro da Fazenda, Fernando Haddad, nesta quarta-feira (27) em rede nacional, \u00e0s 20h30. Para a isen\u00e7\u00e3o valer precisar\u00e1 ser aprovada pelo Congresso Nacional. A proposta ser\u00e1 [&hellip;]<\/p>\n","protected":false},"author":2,"featured_media":15989,"comment_status":"","ping_status":"","sticky":false,"template":"","format":"standard","meta":{"footnotes":""},"categories":[3],"tags":[],"class_list":["post-15990","post","type-post","status-publish","format-standard","has-post-thumbnail","hentry","category-noticias"],"_links":{"self":[{"href":"https:\/\/hostnetart.com.br\/baixada\/wp-json\/wp\/v2\/posts\/15990","targetHints":{"allow":["GET"]}}],"collection":[{"href":"https:\/\/hostnetart.com.br\/baixada\/wp-json\/wp\/v2\/posts"}],"about":[{"href":"https:\/\/hostnetart.com.br\/baixada\/wp-json\/wp\/v2\/types\/post"}],"author":[{"embeddable":true,"href":"https:\/\/hostnetart.com.br\/baixada\/wp-json\/wp\/v2\/users\/2"}],"replies":[{"embeddable":true,"href":"https:\/\/hostnetart.com.br\/baixada\/wp-json\/wp\/v2\/comments?post=15990"}],"version-history":[{"count":0,"href":"https:\/\/hostnetart.com.br\/baixada\/wp-json\/wp\/v2\/posts\/15990\/revisions"}],"wp:featuredmedia":[{"embeddable":true,"href":"https:\/\/hostnetart.com.br\/baixada\/wp-json\/wp\/v2\/media\/15989"}],"wp:attachment":[{"href":"https:\/\/hostnetart.com.br\/baixada\/wp-json\/wp\/v2\/media?parent=15990"}],"wp:term":[{"taxonomy":"category","embeddable":true,"href":"https:\/\/hostnetart.com.br\/baixada\/wp-json\/wp\/v2\/categories?post=15990"},{"taxonomy":"post_tag","embeddable":true,"href":"https:\/\/hostnetart.com.br\/baixada\/wp-json\/wp\/v2\/tags?post=15990"}],"curies":[{"name":"wp","href":"https:\/\/api.w.org\/{rel}","templated":true}]}}