{"id":1599,"date":"2014-07-28T00:00:00","date_gmt":"2014-07-28T03:00:00","guid":{"rendered":"https:\/\/hostnetart.com.br\/baixada\/bancarios-querem-12-5-mais-saude-e-emprego-e-o-fim-das-terceirizacoes\/"},"modified":"2014-07-28T00:00:00","modified_gmt":"2014-07-28T03:00:00","slug":"bancarios-querem-12-5-mais-saude-e-emprego-e-o-fim-das-terceirizacoes","status":"publish","type":"post","link":"https:\/\/hostnetart.com.br\/baixada\/bancarios-querem-12-5-mais-saude-e-emprego-e-o-fim-das-terceirizacoes\/","title":{"rendered":"Banc\u00e1rios querem 12,5%, mais sa\u00fade e emprego e o fim das terceiriza\u00e7\u00f5es"},"content":{"rendered":"<p><strong>Rede de Comunica\u00e7\u00e3o dos Banc\u00e1rios<\/strong><\/p>\n<p>\u00a0<\/p>\n<p>A 16\u00aa Confer\u00eancia Nacional dos Banc\u00e1rios aprovou na plen\u00e1ria final, realizada neste domingo 27 em Atibaia (SP), a estrat\u00e9gia, o calend\u00e1rio e a pauta de reivindica\u00e7\u00f5es da Campanha 2014, que ter\u00e1 como eixos centrais reajuste de 12,5%, valoriza\u00e7\u00e3o do piso salarial no valor do sal\u00e1rio m\u00ednimo calculado pelo Dieese (R$ 2.979,25 em junho), defesa do emprego, fim da terceiriza\u00e7\u00e3o e combate \u00e0s metas abusivas e ao ass\u00e9dio moral.<\/p>\n<p>\u00a0<\/p>\n<p>Participaram da Confer\u00eancia, aberta na sexta-feira 25 no hotel Bourbon Atibaia, 697 banc\u00e1rios de todo o pa\u00eds, dos quais 634 delegados eleitos nas confer\u00eancias regionais e estaduais (entre eles 442 homens e 192 mulheres), al\u00e9m de 63 observadores.<\/p>\n<p>\u00a0<\/p>\n<p>\u201cFoi uma confer\u00eancia extraordin\u00e1ria que n\u00f3s fizemos aqui em Atibaia, com a participa\u00e7\u00e3o de quase 700 banc\u00e1rios de todo o Brasil, mostrando que todos os estados est\u00e3o participando e querendo mais do que nunca mobilizar os banc\u00e1rios para que a gente possa fazer com que as condi\u00e7\u00f5es de trabalho nos bancos possam ser melhoradas, principalmente acabar com o ass\u00e9dio moral\u201d, avalia Carlos Cordeiro, presidente da Contraf-CUT e coordenador do Comando Nacional.<\/p>\n<p>\u00a0<\/p>\n<p>\u201cN\u00f3s queremos um emprego decente para acabar n\u00e3o s\u00f3 com a rotatividade perversa, que reduz sal\u00e1rios, mas acima de tudo queremos garantia de emprego e que todo o trabalhador tenha a tranquilidade de saber que vai continuar empregado pelo bom trabalho que faz dentro dos bancos. N\u00f3s sa\u00edmos daqui fortalecidos\u201d, acrescenta Cordeiro.<\/p>\n<p>\u00a0<\/p>\n<p>\u00a0<\/p>\n<p><strong>Principais reivindica\u00e7\u00f5es aprovadas na Confer\u00eancia<\/strong><\/p>\n<p>\u00a0<\/p>\n<p>&gt; Reajuste salarial de 12,5%.<\/p>\n<p>&gt; PLR: tr\u00eas sal\u00e1rios mais R$ 6.247.<\/p>\n<p>&gt; Piso: R$ 2.979,25 (equivalente ao sal\u00e1rio m\u00ednimo do Dieese em valores de junho \u00faltimo).<\/p>\n<p>&gt; Vales alimenta\u00e7\u00e3o, refei\u00e7\u00e3o, 13\u00aa cesta e aux\u00edlio-creche\/bab\u00e1: R$ 724,00 ao m\u00eas para cada (sal\u00e1rio m\u00ednimo nacional).<\/p>\n<p>&gt; Melhores condi\u00e7\u00f5es de trabalho com o fim das metas abusivas e do ass\u00e9dio moral que adoecem os banc\u00e1rios.<\/p>\n<p>&gt; Emprego: fim das demiss\u00f5es, mais contrata\u00e7\u00f5es, aumento da inclus\u00e3o banc\u00e1ria, fim da rotatividade, combate \u00e0s terceiriza\u00e7\u00f5es diante dos riscos de aprova\u00e7\u00e3o do PL 4330 na C\u00e2mara Federal, do PLS 087 no Senado e do julgamento de Recurso Extraordin\u00e1rio com Repercuss\u00e3o Geral no STF. Al\u00e9m da aprova\u00e7\u00e3o da Conven\u00e7\u00e3o 158 da OIT, que pro\u00edbe as dispensas imotivadas. Veja\u00a0<a href=\"http:\/\/contrafcut.org.br\/noticias.asp?CodNoticia=39078\" target=\"_blank\" rel=\"noopener noreferrer\">aqui<\/a>\u00a0a Carta de Atibaia, manifesto dos banc\u00e1rios contra a terceiriza\u00e7\u00e3o aprovado pela Confer\u00eancia.<\/p>\n<p>&gt; Plano de Cargos, Carreiras e Sal\u00e1rios (PCCS): para todos os banc\u00e1rios;<\/p>\n<p>&gt; Aux\u00edlio-educa\u00e7\u00e3o: pagamento para gradua\u00e7\u00e3o e p\u00f3s.<\/p>\n<p>&gt; Preven\u00e7\u00e3o contra assaltos e sequestros. Cumprimento da Lei 7.102\/83 que exige plano de seguran\u00e7a em ag\u00eancias e PABs, garantindo pelo menos dois vigilantes durante todo o hor\u00e1rio de funcionamento dos bancos. Instala\u00e7\u00e3o de portas girat\u00f3rias com detector de metais na entrada das \u00e1reas de autoatendimento das ag\u00eancias. Fim da guarda das chaves de cofres e ag\u00eancias por banc\u00e1rios.<\/p>\n<p>&gt; Igualdade de oportunidades para todos, pondo fim \u00e0s discrimina\u00e7\u00f5es nos sal\u00e1rios e na ascens\u00e3o profissional de mulheres, negros, gays, l\u00e9sbicas, transsexuais e pessoas com defici\u00eancia (PCDs).<\/p>\n<p>\u00a0<\/p>\n<p>\u00a0<\/p>\n<p><strong>Agenda pol\u00edtica\u00a0<\/strong><\/p>\n<p>\u00a0<\/p>\n<p>Os 634 delegados que participaram da 16\u00aa Confer\u00eancia tamb\u00e9m aprovaram uma agenda pol\u00edtica, com temas importantes da conjuntura nacional que precisam ser discutidos com os banc\u00e1rios e com a popula\u00e7\u00e3o, como marco regulat\u00f3rio da m\u00eddia visando democratizar as comunica\u00e7\u00f5es, Confer\u00eancia Nacional do Sistema Financeiro, Plebiscito Popular pela Constituinte Exclusiva e Soberana do Sistema Pol\u00edtico e defesa da plataforma da classe trabalhadora.<\/p>\n<p>\u00a0<\/p>\n<p>\u00a0<\/p>\n<p><strong>Calend\u00e1rio de luta<\/strong><\/p>\n<p>\u00a0<\/p>\n<p>O Comando Nacional dos Banc\u00e1rios se reunir\u00e1 nos pr\u00f3ximos dias para definir a data de entrega da pauta de reivindica\u00e7\u00f5es \u00e0 Fenaban e o calend\u00e1rio de negocia\u00e7\u00f5es, assim como as assembleias para aprova\u00e7\u00e3o da minuta e a data das seguintes atividades:<\/p>\n<p>\u00a0<\/p>\n<p>&gt; Dia Nacional de Luta pela Seguran\u00e7a.<\/p>\n<p>&gt; Dia Nacional de Luta contra a Terceiriza\u00e7\u00e3o.<\/p>\n<p>&gt; Dia Nacional de Luta pelo Emprego.<\/p>\n<p>&gt; Paralisa\u00e7\u00e3o nacional de duas horas contra as metas abusivas.<\/p>\n<p>&gt; Dia Nacional de Luta no Santander.<\/p>\n<p>&gt; Mobiliza\u00e7\u00e3o Nacional pelo Plebiscito da Reforma Pol\u00edtica.<\/p>\n<p>&gt; Mobiliza\u00e7\u00e3o Nacional pela Democratiza\u00e7\u00e3o da M\u00eddia.<\/p>\n<p>\u00a0<\/p>\n<p>\u00a0<\/p>\n<p><strong>14 e 15\/8<\/strong>\u00a0&#8211; Participa\u00e7\u00e3o massiva dos sindicatos no Semin\u00e1rio Nacional sobre \u201cA Terceiriza\u00e7\u00e3o no Brasil: Impactos, resist\u00eancias e lutas\u201d, em Bras\u00edlia.<\/p>\n<p>\u00a0<\/p>\n<p>\u00a0<\/p>\n<p><strong>Delegados aprovam apoio \u00e0 reelei\u00e7\u00e3o de Dilma<\/strong><\/p>\n<p>\u00a0<\/p>\n<p>A 16\u00aa Confer\u00eancia Nacional tamb\u00e9m aprovou resolu\u00e7\u00e3o de apoio \u00e0 reelei\u00e7\u00e3o da presidenta Dilma Roussef, por avaliar que ela representa a melhor op\u00e7\u00e3o para os trabalhadores dentre os dois projetos que estar\u00e3o em disputa na elei\u00e7\u00e3o de outubro.<\/p>\n<p>\u00a0<\/p>\n<p>O outro projeto representa o retorno ao governo das for\u00e7as conservadoras e neoliberais, as mesmas que na d\u00e9cada de 1990 privatizaram empresas p\u00fablicas, retiraram direitos, congelaram sal\u00e1rios e fizeram demiss\u00f5es em massa no BB e na Caixa, enfraquecendo seu papel de bancos p\u00fablicos voltados para o fomento do desenvolvimento econ\u00f4mico e social.<\/p>\n<p>\u00a0<\/p>\n<p>Al\u00e9m de dar o apoio, os banc\u00e1rios v\u00e3o cobrar da presidenta Dilma Roussef que mude a gest\u00e3o do Banco do Brasil, hoje mais voltado para o mercado tal qual o Ita\u00fa e o Bradesco, distante do seu papel de banco p\u00fablico, e fortale\u00e7a o seu papel de banco p\u00fablico. Tamb\u00e9m v\u00e3o exigir da presidenta que o BB melhore as condi\u00e7\u00f5es de trabalho e respeite mais seus trabalhadores.<\/p>\n","protected":false},"excerpt":{"rendered":"<p>Rede de Comunica\u00e7\u00e3o dos Banc\u00e1rios \u00a0 A 16\u00aa Confer\u00eancia Nacional dos Banc\u00e1rios aprovou na plen\u00e1ria final, realizada neste domingo 27 em Atibaia (SP), a estrat\u00e9gia, o calend\u00e1rio e a pauta de reivindica\u00e7\u00f5es da Campanha 2014, que ter\u00e1 como eixos centrais reajuste de 12,5%, valoriza\u00e7\u00e3o do piso salarial no valor do sal\u00e1rio m\u00ednimo calculado pelo Dieese [&hellip;]<\/p>\n","protected":false},"author":1,"featured_media":0,"comment_status":"","ping_status":"","sticky":false,"template":"","format":"standard","meta":{"footnotes":""},"categories":[3],"tags":[],"class_list":["post-1599","post","type-post","status-publish","format-standard","hentry","category-noticias"],"_links":{"self":[{"href":"https:\/\/hostnetart.com.br\/baixada\/wp-json\/wp\/v2\/posts\/1599","targetHints":{"allow":["GET"]}}],"collection":[{"href":"https:\/\/hostnetart.com.br\/baixada\/wp-json\/wp\/v2\/posts"}],"about":[{"href":"https:\/\/hostnetart.com.br\/baixada\/wp-json\/wp\/v2\/types\/post"}],"author":[{"embeddable":true,"href":"https:\/\/hostnetart.com.br\/baixada\/wp-json\/wp\/v2\/users\/1"}],"replies":[{"embeddable":true,"href":"https:\/\/hostnetart.com.br\/baixada\/wp-json\/wp\/v2\/comments?post=1599"}],"version-history":[{"count":0,"href":"https:\/\/hostnetart.com.br\/baixada\/wp-json\/wp\/v2\/posts\/1599\/revisions"}],"wp:attachment":[{"href":"https:\/\/hostnetart.com.br\/baixada\/wp-json\/wp\/v2\/media?parent=1599"}],"wp:term":[{"taxonomy":"category","embeddable":true,"href":"https:\/\/hostnetart.com.br\/baixada\/wp-json\/wp\/v2\/categories?post=1599"},{"taxonomy":"post_tag","embeddable":true,"href":"https:\/\/hostnetart.com.br\/baixada\/wp-json\/wp\/v2\/tags?post=1599"}],"curies":[{"name":"wp","href":"https:\/\/api.w.org\/{rel}","templated":true}]}}