{"id":15986,"date":"2024-11-27T13:41:36","date_gmt":"2024-11-27T16:41:36","guid":{"rendered":"https:\/\/hostnetart.com.br\/baixada\/bradesco-antecipa-vales-refeicao-e-alimentacao\/"},"modified":"2024-11-27T13:41:36","modified_gmt":"2024-11-27T16:41:36","slug":"bradesco-antecipa-vales-refeicao-e-alimentacao","status":"publish","type":"post","link":"https:\/\/hostnetart.com.br\/baixada\/bradesco-antecipa-vales-refeicao-e-alimentacao\/","title":{"rendered":"Bradesco antecipa vales refei\u00e7\u00e3o e alimenta\u00e7\u00e3o"},"content":{"rendered":"<p>O Banco Bradesco anunciou, nesta quarta-feira (27\/11), a <strong>antecipa\u00e7\u00e3o para o dia 20 de dezembro<\/strong> do cr\u00e9dito dos vales alimenta\u00e7\u00e3o e refei\u00e7\u00e3o (VA\/VR), que aconteceria no dia 27 de dezembro.<\/p>\n<p>&#8220;A l\u00f3gica \u00e9 antecipar os valores para antes da celebra\u00e7\u00e3o do Natal&#8221;, explica a coordenadora da Comiss\u00e3o de Organiza\u00e7\u00e3o dos Empregados (COE) do Bradesco, Erica Oliveira.<\/p>\n<p>No dia 20 de dezembro, o banco tamb\u00e9m creditar\u00e1 na conta dos funcion\u00e1rios e funcion\u00e1rias a <strong>segunda parcela do 13\u00ba sal\u00e1rio<\/strong>.<\/p>\n<p><i>Fonte: Contraf-CUT<\/i><\/p>\n","protected":false},"excerpt":{"rendered":"<p>O Banco Bradesco anunciou, nesta quarta-feira (27\/11), a antecipa\u00e7\u00e3o para o dia 20 de dezembro do cr\u00e9dito dos vales alimenta\u00e7\u00e3o e refei\u00e7\u00e3o (VA\/VR), que aconteceria no dia 27 de dezembro. &#8220;A l\u00f3gica \u00e9 antecipar os valores para antes da celebra\u00e7\u00e3o do Natal&#8221;, explica a coordenadora da Comiss\u00e3o de Organiza\u00e7\u00e3o dos Empregados (COE) do Bradesco, Erica [&hellip;]<\/p>\n","protected":false},"author":2,"featured_media":15985,"comment_status":"","ping_status":"","sticky":false,"template":"","format":"standard","meta":{"footnotes":""},"categories":[3],"tags":[],"class_list":["post-15986","post","type-post","status-publish","format-standard","has-post-thumbnail","hentry","category-noticias"],"_links":{"self":[{"href":"https:\/\/hostnetart.com.br\/baixada\/wp-json\/wp\/v2\/posts\/15986","targetHints":{"allow":["GET"]}}],"collection":[{"href":"https:\/\/hostnetart.com.br\/baixada\/wp-json\/wp\/v2\/posts"}],"about":[{"href":"https:\/\/hostnetart.com.br\/baixada\/wp-json\/wp\/v2\/types\/post"}],"author":[{"embeddable":true,"href":"https:\/\/hostnetart.com.br\/baixada\/wp-json\/wp\/v2\/users\/2"}],"replies":[{"embeddable":true,"href":"https:\/\/hostnetart.com.br\/baixada\/wp-json\/wp\/v2\/comments?post=15986"}],"version-history":[{"count":0,"href":"https:\/\/hostnetart.com.br\/baixada\/wp-json\/wp\/v2\/posts\/15986\/revisions"}],"wp:featuredmedia":[{"embeddable":true,"href":"https:\/\/hostnetart.com.br\/baixada\/wp-json\/wp\/v2\/media\/15985"}],"wp:attachment":[{"href":"https:\/\/hostnetart.com.br\/baixada\/wp-json\/wp\/v2\/media?parent=15986"}],"wp:term":[{"taxonomy":"category","embeddable":true,"href":"https:\/\/hostnetart.com.br\/baixada\/wp-json\/wp\/v2\/categories?post=15986"},{"taxonomy":"post_tag","embeddable":true,"href":"https:\/\/hostnetart.com.br\/baixada\/wp-json\/wp\/v2\/tags?post=15986"}],"curies":[{"name":"wp","href":"https:\/\/api.w.org\/{rel}","templated":true}]}}