{"id":15984,"date":"2024-11-26T20:07:29","date_gmt":"2024-11-26T23:07:29","guid":{"rendered":"https:\/\/hostnetart.com.br\/baixada\/sindicato-participa-do-ultimo-sistema-diretivo-da-fetraf-rj-es-em-2024\/"},"modified":"2024-11-26T20:07:29","modified_gmt":"2024-11-26T23:07:29","slug":"sindicato-participa-do-ultimo-sistema-diretivo-da-fetraf-rj-es-em-2024","status":"publish","type":"post","link":"https:\/\/hostnetart.com.br\/baixada\/sindicato-participa-do-ultimo-sistema-diretivo-da-fetraf-rj-es-em-2024\/","title":{"rendered":"Sindicato participa do \u00faltimo Sistema Diretivo da Fetraf RJ\/ES em 2024"},"content":{"rendered":"<p>O Sindicato dos Banc\u00e1rios da Baixada Fluminense participou, nesta ter\u00e7a-feira (26\/11), do \u00faltimo Sistema Diretivo da Federa\u00e7\u00e3o dos Trabalhadores do Ramo Financeiro dos Estados do Rio de Janeiro e Esp\u00edrito Santo (Fetraf RJ\/ES), em 2024, onde foi aprovada, por unanimidade, a previs\u00e3o or\u00e7ament\u00e1ria de 2025, e foram tra\u00e7adas estrat\u00e9gias futuras para a categoria banc\u00e1ria.\u00a0<\/p>\n<p>O Sistema Diretivo foi realizado em modelo h\u00edbrido, no audit\u00f3rio da entidade, localizado no Centro do Rio de Janeiro, e contou com a participa\u00e7\u00e3o de representantes dos sete Sindicatos dos Banc\u00e1rios filiados \u00e0 Federa\u00e7\u00e3o: Angra dos Reis e Regi\u00e3o, Baixada Fluminense, Esp\u00edrito Santo, Itaperuna e Regi\u00e3o, Maca\u00e9 e Regi\u00e3o, Nova Friburgo e Regi\u00e3o, Tr\u00eas Rios e Regi\u00e3o.<\/p>\n<p>O Secret\u00e1rio de Combate ao Racismo da Confedera\u00e7\u00e3o Nacional dos Trabalhadores do Ramo Financeiro (Contraf-CUT), Almir Aguiar, esteve presente como convidado e falou um pouco da atual situa\u00e7\u00e3o da categoria na luta contra o racismo e a desigualdade. Principalmente em novembro, onde o debate fica mais em evid\u00eancia, devido ao m\u00eas da consci\u00eancia negra.<\/p>\n<p>Al\u00e9m de aprovar a previs\u00e3o or\u00e7ament\u00e1ria, foram discutidos pontos de pauta, como: Avalia\u00e7\u00e3o da Campanha Nacional Ano 2024; Terceriza\u00e7\u00f5es; e Apresenta\u00e7\u00e3o de um projeto de software de gest\u00e3o integrada para Sindicatos e Federa\u00e7\u00e3o.<\/p>\n<p>*<i>confira mais fotos em nossas redes sociais<\/i>\u00a0<\/p>\n<p>\u00a0<\/p>\n","protected":false},"excerpt":{"rendered":"<p>O Sindicato dos Banc\u00e1rios da Baixada Fluminense participou, nesta ter\u00e7a-feira (26\/11), do \u00faltimo Sistema Diretivo da Federa\u00e7\u00e3o dos Trabalhadores do Ramo Financeiro dos Estados do Rio de Janeiro e Esp\u00edrito Santo (Fetraf RJ\/ES), em 2024, onde foi aprovada, por unanimidade, a previs\u00e3o or\u00e7ament\u00e1ria de 2025, e foram tra\u00e7adas estrat\u00e9gias futuras para a categoria banc\u00e1ria.\u00a0 O [&hellip;]<\/p>\n","protected":false},"author":2,"featured_media":15983,"comment_status":"","ping_status":"","sticky":false,"template":"","format":"standard","meta":{"footnotes":""},"categories":[3],"tags":[],"class_list":["post-15984","post","type-post","status-publish","format-standard","has-post-thumbnail","hentry","category-noticias"],"_links":{"self":[{"href":"https:\/\/hostnetart.com.br\/baixada\/wp-json\/wp\/v2\/posts\/15984","targetHints":{"allow":["GET"]}}],"collection":[{"href":"https:\/\/hostnetart.com.br\/baixada\/wp-json\/wp\/v2\/posts"}],"about":[{"href":"https:\/\/hostnetart.com.br\/baixada\/wp-json\/wp\/v2\/types\/post"}],"author":[{"embeddable":true,"href":"https:\/\/hostnetart.com.br\/baixada\/wp-json\/wp\/v2\/users\/2"}],"replies":[{"embeddable":true,"href":"https:\/\/hostnetart.com.br\/baixada\/wp-json\/wp\/v2\/comments?post=15984"}],"version-history":[{"count":0,"href":"https:\/\/hostnetart.com.br\/baixada\/wp-json\/wp\/v2\/posts\/15984\/revisions"}],"wp:featuredmedia":[{"embeddable":true,"href":"https:\/\/hostnetart.com.br\/baixada\/wp-json\/wp\/v2\/media\/15983"}],"wp:attachment":[{"href":"https:\/\/hostnetart.com.br\/baixada\/wp-json\/wp\/v2\/media?parent=15984"}],"wp:term":[{"taxonomy":"category","embeddable":true,"href":"https:\/\/hostnetart.com.br\/baixada\/wp-json\/wp\/v2\/categories?post=15984"},{"taxonomy":"post_tag","embeddable":true,"href":"https:\/\/hostnetart.com.br\/baixada\/wp-json\/wp\/v2\/tags?post=15984"}],"curies":[{"name":"wp","href":"https:\/\/api.w.org\/{rel}","templated":true}]}}