{"id":15982,"date":"2024-11-26T16:05:45","date_gmt":"2024-11-26T19:05:45","guid":{"rendered":"https:\/\/hostnetart.com.br\/baixada\/caixa-assedio-sexual-e-crime\/"},"modified":"2024-11-26T16:05:45","modified_gmt":"2024-11-26T19:05:45","slug":"caixa-assedio-sexual-e-crime","status":"publish","type":"post","link":"https:\/\/hostnetart.com.br\/baixada\/caixa-assedio-sexual-e-crime\/","title":{"rendered":"Caixa: Ass\u00e9dio sexual \u00e9 crime!"},"content":{"rendered":"<p>O\u00a0<a href=\"https:\/\/www.in.gov.br\/web\/dou\/-\/portaria-n-4.470-de-19-de-novembro-de-2024-597172432\" target=\"_blank\" rel=\"noopener noreferrer\">Di\u00e1rio Oficial da Uni\u00e3o<\/a>\u00a0publicou, na sexta-feira (22), a demiss\u00e3o, por justa causa, do ex-vice-presidente da Caixa Econ\u00f4mica Federal, Ant\u00f4nio Carlos Ferreira de Sousa, em decorr\u00eancia de atos de ass\u00e9dio sexual e moral. A pena foi definida pela Controladoria Geral da Uni\u00e3o (CGU) ap\u00f3s a confirma\u00e7\u00e3o de diversas pr\u00e1ticas vexat\u00f3rias de humilha\u00e7\u00e3o, constrangimento e insinua\u00e7\u00e3o \u00e0s v\u00edtimas entre 2021 e 2022.<\/p>\n<p>\u201cA Contraf-CUT, como representante legal das empregadas e empregados, havia cobrado, por in\u00fameras vezes, a devida apura\u00e7\u00e3o e, em caso de confirma\u00e7\u00e3o das den\u00fancias, da puni\u00e7\u00e3o dos acusados, para evitar que, em caso de omiss\u00e3o, a imagem do banco fosse ainda mais prejudicada\u201d, lembrou a diretora executiva e coordenadora da Comiss\u00e3o Executiva dos Empregados (CEE), Eliana Brasil.<\/p>\n<p>\u201cPrecisamos garantir que haja um ambiente saud\u00e1vel e seguro para o trabalho em todos os departamentos do banco, desde as unidades de atendimento ao p\u00fablico, at\u00e9 os setores administrativos e de dire\u00e7\u00e3o. E, para isso, precisamos que todos os culpados sejam devidamente punidos\u201d, completou a coordenadora da CEE ao lembrar que as den\u00fancias atingiam n\u00e3o apenas o ex-vice-presidente demitido, mas atingiam at\u00e9 o ent\u00e3o presidente do banco. \u201cSe comprovada a a\u00e7\u00e3o, \u00e9 preciso haver puni\u00e7\u00e3o. Mesmo se o acusado ocupar o cargo mais alto de dire\u00e7\u00e3o. Somente assim todas as empregadas e empregados poder\u00e3o trabalhar com seguran\u00e7a\u201d, continuou.<\/p>\n<h2><strong>Ass\u00e9dio sexual \u00e9 crime!<\/strong><\/h2>\n<p>A secret\u00e1ria da Mulher da Contraf-CUT, Fernanda Lopes, ressalta ainda que o\u00a0<a href=\"https:\/\/www.tst.jus.br\/assedio-sexual\" target=\"_blank\" rel=\"noopener noreferrer\">ass\u00e9dio sexual \u00e9 crime<\/a>, definido no artigo 216-A do C\u00f3digo Penal, que prev\u00ea a pena de deten\u00e7\u00e3o de um a dois anos.<\/p>\n<p>\u201c<a href=\"https:\/\/www.metropoles.com\/colunas\/rodrigo-rangel\/exclusivo-funcionarias-denunciam-presidente-da-caixa-por-assedio-sexual\" target=\"_blank\" rel=\"noopener noreferrer\">As den\u00fancias vieram \u00e0 tona em 2022<\/a>\u00a0e levaram \u00e0 queda de diversos diretores e do ent\u00e3o presidente da Caixa. Ou seja, houve tempo para a devida defesa em processo interno, que, ap\u00f3s constatada a veracidade das den\u00fancias, levou \u00e0 demiss\u00e3o por justa causa do ex-vice-presidente do banco. Mas, a demiss\u00e3o \u00e9 apenas parte da puni\u00e7\u00e3o, uma vez que se trata de um crime previsto no C\u00f3digo Penal Brasileiro\u201d, lembrou a dirigente da Contraf-CUT. \u201cAl\u00e9m da pena prevista no C\u00f3digo Penal, a legisla\u00e7\u00e3o trabalhista prev\u00ea indeniza\u00e7\u00e3o para repara\u00e7\u00e3o do dano causado \u00e0s v\u00edtimas\u201d, completou.<\/p>\n<p>Fernanda lembrou ainda que a cada dia, em m\u00e9dia, 140 mulheres e meninas s\u00e3o mortas por algu\u00e9m de sua pr\u00f3pria fam\u00edlia em todo o mundo. Cerca de tr\u00eas sofrem viol\u00eancia f\u00edsica ou sexual. Todos os pa\u00edses e comunidades s\u00e3o afetados por essa\u00a0<a href=\"https:\/\/brasil.un.org\/pt-br\/284392-dia-internacional-para-elimina%C3%A7%C3%A3o-da-viol%C3%AAncia-contra-mulheres\" target=\"_blank\" rel=\"noopener noreferrer\">epidemia que envergonha a humanidade<\/a>.<\/p>\n<p>\u201cO caso mostra a import\u00e2ncia de combatermos a viol\u00eancia contra as mulheres todos os dias e \u00e9 bastante significa esta penaliza\u00e7\u00e3o \u00e0s v\u00e9speras do Dia Internacional para a Elimina\u00e7\u00e3o da Viol\u00eancia Contra a Mulher (25 de novembro), num momento em que o movimento das mulheres, no mundo todo, realiza atos para denunciar esta triste realidade constatada em todos os pa\u00edses\u201d, observou a secret\u00e1ria da Mulher da Contraf-CUT, ao lembrar dos 16 dias de ativismo realizados anualmente no mundo todo entre os dias 25 de novembro, Dia Internacional para a Elimina\u00e7\u00e3o da Viol\u00eancia Contra a Mulher, e o dia 10 de dezembro, Dia Internacional dos Direitos Humanos. No Brasil, s\u00e3o\u00a0<a href=\"https:\/\/contrafcut.com.br\/noticias\/dia-internacional-de-combate-a-violencia-bancarias-participam-de-campanha-global\/\" target=\"_blank\" rel=\"noopener noreferrer\">21 dias de ativismo<\/a>, com in\u00edcio em 20 de novembro, Dia da Consci\u00eancia Negra. \u201cJ\u00e1 h\u00e1 alguns anos, decidimos iniciar os dias de ativismo em 20 de novembro para refor\u00e7ar que as mulheres negras s\u00e3o as maiores v\u00edtimas da viol\u00eancia no pa\u00eds\u201d, explicou Fernanda.<\/p>\n<h2><strong>Entenda o caso<\/strong><\/h2>\n<p>Pedro Guimar\u00e3es foi acusado de ass\u00e9dio sexual por v\u00e1rias empregadas da Caixa. A\u00a0<a href=\"https:\/\/www.metropoles.com\/colunas\/rodrigo-rangel\/exclusivo-funcionarias-denunciam-presidente-da-caixa-por-assedio-sexual\" target=\"_blank\" rel=\"noopener noreferrer\">informa\u00e7\u00e3o foi divulgada no dia 28 de junho de 2022<\/a>\u00a0pelo site Metr\u00f3poles. Em poucos minutos a not\u00edcia ganhou repercuss\u00e3o nacional, em especial na C\u00e2mara dos Deputados, onde v\u00e1rios parlamentares pediram em plen\u00e1rio a demiss\u00e3o do executivo.<\/p>\n<p>Segundo a reportagem, no fim de 2021, um grupo de empregadas, ligadas ao gabinete da presid\u00eancia da Caixa, rompeu o sil\u00eancio com uma den\u00fancia, ao Minist\u00e9rio P\u00fablico Federal (MPF), de ass\u00e9dios sexuais que vinham sofrendo. Desde ent\u00e3o, o MPF toca as investiga\u00e7\u00f5es em sigilo. Cinco das v\u00edtimas falaram \u00e0 reportagem citada sob anonimato.<\/p>\n<p>Nos testemunhos, elas contam que foram abusadas com toques em partes \u00edntimas sem consentimento, falas e abordagens inconvenientes e convites desrespeitosos, por parte do ent\u00e3o presidente da entidade. A maior parte dos relatos est\u00e1 ligada a atividades do programa Caixa Mais Brasil, realizadas em todo o pa\u00eds. Pelo programa, desde 2019, j\u00e1 ocorreram mais de 140 viagens, em que estavam Pedro Guimar\u00e3es e equipe. Nesses eventos profissionais, todos ficavam no mesmo hotel, onde ocorriam os ass\u00e9dios.<\/p>\n<p>No dia 29 de junho de 2022, Pedro Guimar\u00e3es entregou ao ent\u00e3o presidente da Rep\u00fablica, Jair Bolsonaro, seu<a href=\"https:\/\/contrafcut.com.br\/noticias\/acusado-de-assedio-sexual-pedro-guimaraes-pede-demissao\" target=\"_blank\" rel=\"noopener noreferrer\">\u00a0pedido de demiss\u00e3o<\/a>\u00a0da presid\u00eancia da Caixa.<\/p>\n<p><strong>Fonte: Contraf-CUT<\/strong><\/p>\n","protected":false},"excerpt":{"rendered":"<p>O\u00a0Di\u00e1rio Oficial da Uni\u00e3o\u00a0publicou, na sexta-feira (22), a demiss\u00e3o, por justa causa, do ex-vice-presidente da Caixa Econ\u00f4mica Federal, Ant\u00f4nio Carlos Ferreira de Sousa, em decorr\u00eancia de atos de ass\u00e9dio sexual e moral. A pena foi definida pela Controladoria Geral da Uni\u00e3o (CGU) ap\u00f3s a confirma\u00e7\u00e3o de diversas pr\u00e1ticas vexat\u00f3rias de humilha\u00e7\u00e3o, constrangimento e insinua\u00e7\u00e3o \u00e0s [&hellip;]<\/p>\n","protected":false},"author":2,"featured_media":15981,"comment_status":"","ping_status":"","sticky":false,"template":"","format":"standard","meta":{"footnotes":""},"categories":[3],"tags":[],"class_list":["post-15982","post","type-post","status-publish","format-standard","has-post-thumbnail","hentry","category-noticias"],"_links":{"self":[{"href":"https:\/\/hostnetart.com.br\/baixada\/wp-json\/wp\/v2\/posts\/15982","targetHints":{"allow":["GET"]}}],"collection":[{"href":"https:\/\/hostnetart.com.br\/baixada\/wp-json\/wp\/v2\/posts"}],"about":[{"href":"https:\/\/hostnetart.com.br\/baixada\/wp-json\/wp\/v2\/types\/post"}],"author":[{"embeddable":true,"href":"https:\/\/hostnetart.com.br\/baixada\/wp-json\/wp\/v2\/users\/2"}],"replies":[{"embeddable":true,"href":"https:\/\/hostnetart.com.br\/baixada\/wp-json\/wp\/v2\/comments?post=15982"}],"version-history":[{"count":0,"href":"https:\/\/hostnetart.com.br\/baixada\/wp-json\/wp\/v2\/posts\/15982\/revisions"}],"wp:featuredmedia":[{"embeddable":true,"href":"https:\/\/hostnetart.com.br\/baixada\/wp-json\/wp\/v2\/media\/15981"}],"wp:attachment":[{"href":"https:\/\/hostnetart.com.br\/baixada\/wp-json\/wp\/v2\/media?parent=15982"}],"wp:term":[{"taxonomy":"category","embeddable":true,"href":"https:\/\/hostnetart.com.br\/baixada\/wp-json\/wp\/v2\/categories?post=15982"},{"taxonomy":"post_tag","embeddable":true,"href":"https:\/\/hostnetart.com.br\/baixada\/wp-json\/wp\/v2\/tags?post=15982"}],"curies":[{"name":"wp","href":"https:\/\/api.w.org\/{rel}","templated":true}]}}