{"id":15980,"date":"2024-11-25T15:06:33","date_gmt":"2024-11-25T18:06:33","guid":{"rendered":"https:\/\/hostnetart.com.br\/baixada\/caixa-adia-negociacao-sobre-caixas-e-tesoureiros\/"},"modified":"2024-11-25T15:06:33","modified_gmt":"2024-11-25T18:06:33","slug":"caixa-adia-negociacao-sobre-caixas-e-tesoureiros","status":"publish","type":"post","link":"https:\/\/hostnetart.com.br\/baixada\/caixa-adia-negociacao-sobre-caixas-e-tesoureiros\/","title":{"rendered":"Caixa adia negocia\u00e7\u00e3o sobre caixas e tesoureiros"},"content":{"rendered":"<\/p>\n<p>A Caixa Econ\u00f4mica Federal cancelou a reuni\u00e3o que estava agendada para esta segunda-feira (25), a partir das 16h, para dar continuidade \u00e0s negocia\u00e7\u00f5es sobre quest\u00f5es espec\u00edficas sobre caixas e tesoureiros.<br \/>Em sua mensagem, o banco justificou o cancelamento afirmando que \u201cconsiderando situa\u00e7\u00e3o extraordin\u00e1ria, se far\u00e1 necess\u00e1rio o reagendamento da reuni\u00e3o de mesa de negocia\u00e7\u00e3o\u201d, sem definir uma nova data, afirmando apenas que \u201ct\u00e3o logo tenhamos a defini\u00e7\u00e3o de nova data, encaminharemos o agendamento.\u201d<br \/>Na mensagem, a Caixa reafirmou seu \u201ccompromisso e empenho para a continuidade das negocia\u00e7\u00f5es do tema.\u201d<\/p>\n<h2><strong>Manuten\u00e7\u00e3o dos direitos<\/strong><\/h2>\n<p>Na \u00faltima negocia\u00e7\u00e3o espec\u00edfica, ocorrida na ter\u00e7a-feira (19), a representa\u00e7\u00e3o dos empregados enfatizou que as propostas apresentadas pelo banco n\u00e3o contemplam os interesses dos trabalhadores, que preferem manter o que est\u00e1 definido no acordo em vig\u00eancia para n\u00e3o haver risco de perda de direitos e, ap\u00f3s uma pausa na reuni\u00e3o, apresentou uma proposta sem perda de direitos <em>(<a href=\"https:\/\/contrafcut.com.br\/noticias\/caixa-representacao-dos-empregados-apresenta-contraproposta-para-caixas-e-tesoureiros\/\" target=\"_blank\" rel=\"noopener noreferrer\">leia a proposta na \u00edntegra na mat\u00e9ria sobre a reuni\u00e3o passada<\/a>)<\/em>.<\/p>\n<p>\u201cTamb\u00e9m estamos \u00e0 disposi\u00e7\u00e3o para dar continuidade \u00e0s negocia\u00e7\u00f5es, desde que sejam mantidos os direitos das empregadas e empregados\u201d, ressaltou a diretora executiva da Confedera\u00e7\u00e3o Nacional dos Trabalhadores do Ramo Financeiro (Contraf-CUT) e coordenadora da Comiss\u00e3o Executiva dos Empregados (CEE) da Caixa, Eliana Brasil. \u201cEsperamos que a Caixa reagende a nova data e traga uma resposta favor\u00e1vel \u00e0 proposta que apresentamos com a manuten\u00e7\u00e3o dos direitos das colegas e dos colegas\u201d, concluiu.<\/p>\n<p>A Contraf-CUT informar\u00e1 a nova data, t\u00e3o logo seja reagendada a reuni\u00e3o negocia\u00e7\u00e3o.<\/p>\n<p><strong>Fonte: Contraf-CUT<\/strong><\/p>\n","protected":false},"excerpt":{"rendered":"<p>A Caixa Econ\u00f4mica Federal cancelou a reuni\u00e3o que estava agendada para esta segunda-feira (25), a partir das 16h, para dar continuidade \u00e0s negocia\u00e7\u00f5es sobre quest\u00f5es espec\u00edficas sobre caixas e tesoureiros.Em sua mensagem, o banco justificou o cancelamento afirmando que \u201cconsiderando situa\u00e7\u00e3o extraordin\u00e1ria, se far\u00e1 necess\u00e1rio o reagendamento da reuni\u00e3o de mesa de negocia\u00e7\u00e3o\u201d, sem definir [&hellip;]<\/p>\n","protected":false},"author":2,"featured_media":15979,"comment_status":"","ping_status":"","sticky":false,"template":"","format":"standard","meta":{"footnotes":""},"categories":[3],"tags":[],"class_list":["post-15980","post","type-post","status-publish","format-standard","has-post-thumbnail","hentry","category-noticias"],"_links":{"self":[{"href":"https:\/\/hostnetart.com.br\/baixada\/wp-json\/wp\/v2\/posts\/15980","targetHints":{"allow":["GET"]}}],"collection":[{"href":"https:\/\/hostnetart.com.br\/baixada\/wp-json\/wp\/v2\/posts"}],"about":[{"href":"https:\/\/hostnetart.com.br\/baixada\/wp-json\/wp\/v2\/types\/post"}],"author":[{"embeddable":true,"href":"https:\/\/hostnetart.com.br\/baixada\/wp-json\/wp\/v2\/users\/2"}],"replies":[{"embeddable":true,"href":"https:\/\/hostnetart.com.br\/baixada\/wp-json\/wp\/v2\/comments?post=15980"}],"version-history":[{"count":0,"href":"https:\/\/hostnetart.com.br\/baixada\/wp-json\/wp\/v2\/posts\/15980\/revisions"}],"wp:featuredmedia":[{"embeddable":true,"href":"https:\/\/hostnetart.com.br\/baixada\/wp-json\/wp\/v2\/media\/15979"}],"wp:attachment":[{"href":"https:\/\/hostnetart.com.br\/baixada\/wp-json\/wp\/v2\/media?parent=15980"}],"wp:term":[{"taxonomy":"category","embeddable":true,"href":"https:\/\/hostnetart.com.br\/baixada\/wp-json\/wp\/v2\/categories?post=15980"},{"taxonomy":"post_tag","embeddable":true,"href":"https:\/\/hostnetart.com.br\/baixada\/wp-json\/wp\/v2\/tags?post=15980"}],"curies":[{"name":"wp","href":"https:\/\/api.w.org\/{rel}","templated":true}]}}