{"id":1598,"date":"2014-07-28T00:00:00","date_gmt":"2014-07-28T03:00:00","guid":{"rendered":"https:\/\/hostnetart.com.br\/baixada\/apos-terrorismo-bancarios-aprovam-mocao-de-repudio-ao-santander\/"},"modified":"2014-07-28T00:00:00","modified_gmt":"2014-07-28T03:00:00","slug":"apos-terrorismo-bancarios-aprovam-mocao-de-repudio-ao-santander","status":"publish","type":"post","link":"https:\/\/hostnetart.com.br\/baixada\/apos-terrorismo-bancarios-aprovam-mocao-de-repudio-ao-santander\/","title":{"rendered":"Ap\u00f3s terrorismo, banc\u00e1rios aprovam mo\u00e7\u00e3o de rep\u00fadio ao Santander"},"content":{"rendered":"<p>Na plen\u00e1ria deste domingo (27) da 16\u00aa Confer\u00eancia Nacional dos Banc\u00e1rios, realizada em Atibaia (SP), os 634 delegados e delegadas aprovaram por unanimidade uma mo\u00e7\u00e3o de rep\u00fadio ao Santander, em resposta \u00e0 carta enviada no m\u00eas de julho aos clientes de alta renda (Select), que foi classificada como terrorismo pela Contraf-CUT, uma vez que atenta contra a economia, a democracia e o povo brasileiro.<\/p>\n<p>Em not\u00edcia publicada no blog de Fernando Rodrigues no portal do UOL na sexta-feira (25), o banco afirmou no extrato mensal aos clientes que o eventual sucesso eleitoral da presidente Dilma Rousseff ir\u00e1 piorar a economia do Brasil.<\/p>\n<p>Para o presidente da Contraf-CUT e coordenador do Comando Nacional dos Banc\u00e1rios, Carlos Cordeiro, \u201cum banco estrangeiro, que veio aqui e adquiriu bancos, sobretudo, na era das privatiza\u00e7\u00f5es do governo FHC, revela um profundo desrespeito com o Brasil e os brasileiros, piorando ainda mais a sua imagem junto aos trabalhadores e \u00e0 popula\u00e7\u00e3o\u201d.<\/p>\n<p>\u201cN\u00e3o permitiremos que atos terroristas de bancos, como o Santander, coloquem em risco a democracia no Brasil, que foi duramente conquistada ap\u00f3s muita luta e sangue nos \u00faltimos 50 anos\u201d, salientou o dirigente sindical.<\/p>\n<p>Segundo Cordeiro, \u201cmais do que pedir desculpas aos seus clientes, o Santander tem que passar a respeitar os clientes, os banc\u00e1rios e o Brasil, bem como mudar a sua gest\u00e3o equivocada no Pa\u00eds, onde o banco obteve 20% do lucro mundial no primeiro trimestre deste ano, mas os trabalhadores e os clientes n\u00e3o s\u00e3o ouvidos nem valorizados\u201d.<\/p>\n<p>Foram tamb\u00e9m aprovadas mo\u00e7\u00f5es de apoio ao aumento no n\u00famero de empregados na Caixa Econ\u00f4mica Federal, de rep\u00fadio \u00e0s demiss\u00f5es dos metrovi\u00e1rios de S\u00e3o Paulo, apoio \u00e0 greve dos professores da Universidade de S\u00e3o Paulo (USP), rep\u00fadio \u00e0 criminaliza\u00e7\u00e3o dos movimentos sociais e o assassinato em massa do povo palestino.<\/p>\n<p>Leia a \u00edntegra da mo\u00e7\u00e3o de rep\u00fadio aprovada:<\/p>\n<p><em><strong>MO\u00c7\u00c3O DE REP\u00daDIO AO BANCO SANTANDER<\/strong><\/em><\/p>\n<p>Os delegados reunidos na 16\u00aa Confer\u00eancia Nacional dos Banc\u00e1rios repudiam a postura do banco Santander Brasil ao enviar comunicado a clientes de renda alta, no qual afirma haver \u201cquebra de confian\u00e7a e pessimismo crescente em rela\u00e7\u00e3o ao Brasil\u201d, e que se a presidenta Dilma Rousseff \u201cse estabilizar ou voltar a subir nas pesquisas, um cen\u00e1rio de revers\u00e3o pode surgir. O c\u00e2mbio voltaria a se desvalorizar, juros longos retomariam alta e o \u00edndice da Bovespa cairia\u201d.<\/p>\n<p>Consideramos o gesto do banco \u201cirrespons\u00e1vel\u201d, n\u00e3o s\u00f3 com a economia, mas com a democracia brasileira. Uma institui\u00e7\u00e3o desse porte n\u00e3o pode, ainda que tenha prefer\u00eancia eleitoral, praticar especula\u00e7\u00e3o, agredir a imagem do pa\u00eds e p\u00f4r em d\u00favida a nossa estabilidade. Vivemos uma situa\u00e7\u00e3o de cen\u00e1rio mundial complicado, mas com crescimento sustent\u00e1vel, infla\u00e7\u00e3o controlada, juros est\u00e1veis, gera\u00e7\u00e3o de empregos e eleva\u00e7\u00e3o da renda.<\/p>\n<p>\u00c9 inaceit\u00e1vel essa inger\u00eancia do banco espanhol tentando influenciar a disputa eleitoral contra a vontade soberana do povo que ir\u00e1 \u00e0s urnas em 5 de outubro.<\/p>\n<p><strong>Delegados e delegadas presentes \u00e0 16\u00aa Confer\u00eancia Nacional dos Banc\u00e1rios\u00a0<\/strong><\/p>\n<p>Fonte: Contraf-CUT<\/p>\n","protected":false},"excerpt":{"rendered":"<p>Na plen\u00e1ria deste domingo (27) da 16\u00aa Confer\u00eancia Nacional dos Banc\u00e1rios, realizada em Atibaia (SP), os 634 delegados e delegadas aprovaram por unanimidade uma mo\u00e7\u00e3o de rep\u00fadio ao Santander, em resposta \u00e0 carta enviada no m\u00eas de julho aos clientes de alta renda (Select), que foi classificada como terrorismo pela Contraf-CUT, uma vez que atenta [&hellip;]<\/p>\n","protected":false},"author":1,"featured_media":1597,"comment_status":"","ping_status":"","sticky":false,"template":"","format":"standard","meta":{"footnotes":""},"categories":[3],"tags":[],"class_list":["post-1598","post","type-post","status-publish","format-standard","has-post-thumbnail","hentry","category-noticias"],"_links":{"self":[{"href":"https:\/\/hostnetart.com.br\/baixada\/wp-json\/wp\/v2\/posts\/1598","targetHints":{"allow":["GET"]}}],"collection":[{"href":"https:\/\/hostnetart.com.br\/baixada\/wp-json\/wp\/v2\/posts"}],"about":[{"href":"https:\/\/hostnetart.com.br\/baixada\/wp-json\/wp\/v2\/types\/post"}],"author":[{"embeddable":true,"href":"https:\/\/hostnetart.com.br\/baixada\/wp-json\/wp\/v2\/users\/1"}],"replies":[{"embeddable":true,"href":"https:\/\/hostnetart.com.br\/baixada\/wp-json\/wp\/v2\/comments?post=1598"}],"version-history":[{"count":0,"href":"https:\/\/hostnetart.com.br\/baixada\/wp-json\/wp\/v2\/posts\/1598\/revisions"}],"wp:featuredmedia":[{"embeddable":true,"href":"https:\/\/hostnetart.com.br\/baixada\/wp-json\/wp\/v2\/media\/1597"}],"wp:attachment":[{"href":"https:\/\/hostnetart.com.br\/baixada\/wp-json\/wp\/v2\/media?parent=1598"}],"wp:term":[{"taxonomy":"category","embeddable":true,"href":"https:\/\/hostnetart.com.br\/baixada\/wp-json\/wp\/v2\/categories?post=1598"},{"taxonomy":"post_tag","embeddable":true,"href":"https:\/\/hostnetart.com.br\/baixada\/wp-json\/wp\/v2\/tags?post=1598"}],"curies":[{"name":"wp","href":"https:\/\/api.w.org\/{rel}","templated":true}]}}