{"id":15978,"date":"2024-11-22T14:02:19","date_gmt":"2024-11-22T17:02:19","guid":{"rendered":"https:\/\/hostnetart.com.br\/baixada\/vitoria-da-construcao-g20-historico-abraca-pautas-do-g20-social\/"},"modified":"2024-11-22T14:02:19","modified_gmt":"2024-11-22T17:02:19","slug":"vitoria-da-construcao-g20-historico-abraca-pautas-do-g20-social","status":"publish","type":"post","link":"https:\/\/hostnetart.com.br\/baixada\/vitoria-da-construcao-g20-historico-abraca-pautas-do-g20-social\/","title":{"rendered":"Vit\u00f3ria da constru\u00e7\u00e3o: G20 hist\u00f3rico abra\u00e7a pautas do G20 Social"},"content":{"rendered":"<p>O Brasil sediou um G20 hist\u00f3rico e vitorioso. Pela primeira vez, a reuni\u00e3o realizada no Rio de Janeiro nos dias 18 e 19 de novembro, entre os l\u00edderes de pa\u00edses respons\u00e1veis pelas 20 maiores economias do mundo, foi precedida pelo G20 Social. Essa novidade da participa\u00e7\u00e3o popular foi anunciada pelo governo do presidente Luiz In\u00e1cio Lula da Silva na reuni\u00e3o do G20 na \u00cdndia, em 2023. E teve tamanha import\u00e2ncia que a amplia\u00e7\u00e3o das vozes cidad\u00e3s ter\u00e1 continuidade no ano que vem, na \u00c1frica do Sul, pr\u00f3ximo pa\u00eds a sediar o encontro.<\/p>\n<p>\u201cO que deu tom ao G20 foi toda essa pauta da sustentabilidade, da altern\u00e2ncia da governan\u00e7a global, das quest\u00f5es da emerg\u00eancia clim\u00e1tica, da taxa\u00e7\u00e3o das grandes fortunas no combate \u00e0 desigualdade, na import\u00e2ncia de criar empregos de qualidade e promover o trabalho digno para todos a fim de alcan\u00e7ar a inclus\u00e3o social. O documento final dos l\u00edderes destaca tudo isso que est\u00e1 na nossa Declara\u00e7\u00e3o do Rio de Janeiro\u201d, afirma a secret\u00e1ria de Pol\u00edticas Social da Contraf-CUT, Elaine Cutis, que participou do G20 Social.<\/p>\n<p>Ela refor\u00e7a que\u00a0<a href=\"https:\/\/contrafcut.com.br\/noticias\/a-pioneira-articulacao-de-politicas-globais-inclusivas\/\" target=\"_blank\" rel=\"noopener noreferrer\">tudo que foi debatido no G20 Social\u00a0<\/a>est\u00e1 no documento final do G20 (veja abaixo). \u201cNos debates, em que pese a resist\u00eancia da Argentina, o G20 conseguiu fazer um documento que contempla essas importantes pautas, o compromisso das maiores pot\u00eancias com essas tem\u00e1ticas debatidas por cidad\u00e3os do mundo inteiro no G20 Social.\u201d<\/p>\n<p>A presidenta da Contraf-CUT e vice-presidenta da CUT, Juvandia Moreira, ressalta esse protagonismo do G20 Social, que reuniu no Rio de Janeiro, entre 14 e 16 de novembro, cerca de 50 mil participantes com 300 temas em debate. \u201cO G20 Social levou pela primeira vez aos l\u00edderes do bloco temas discutidos com a sociedade. Ent\u00e3o, nossa Declara\u00e7\u00e3o do Rio de Janeiro est\u00e1 de certa forma ali no documento final. E tudo isso reflete essa democratiza\u00e7\u00e3o do processo constru\u00edda pelo presidente Lula.\u201d<\/p>\n<h2><span style=\"text-decoration: underline;\">Vit\u00f3ria da constru\u00e7\u00e3o<\/span><\/h2>\n<p>O professor de Rela\u00e7\u00f5es Internacionais, Leonardo Trevisan, destacou (<a href=\"https:\/\/www.youtube.com\/watch?v=kpemUunP62Q\" target=\"_blank\" rel=\"noopener noreferrer\">em entrevista ao Hora News<\/a>) o papel do Brasil para a reuni\u00e3o do G20 e sua import\u00e2ncia como negociador. \u201cFoi uma vit\u00f3ria da constru\u00e7\u00e3o, como disse o presidente Lula. Durante todo o \u00faltimo ano o Brasil fez um esfor\u00e7o na dire\u00e7\u00e3o do consenso, conseguir que a declara\u00e7\u00e3o do G20 fosse consensual. E isso foi alcan\u00e7ado.\u201d<\/p>\n<p>Trevisan lembrou que nas ultimas quatro reuni\u00f5es do G20, desde Osaka (em 2019, no Jap\u00e3o), n\u00e3o se consegue um consenso do grupo. \u201cMesmo na reuni\u00e3o passada, na poderosa \u00cdndia, n\u00e3o se conseguiu estabelecer para ter um documento final.\u201d\u00a0E, mais que ter um consenso, o professor salienta a import\u00e2ncia dos rumos desse acordo. \u201cFoi em dire\u00e7\u00e3o de enfrentar problemas bem reais. Como \u00e9 que algu\u00e9m pode negar, quando se constata que este ano 733 milh\u00f5es de pessoas est\u00e3o em inseguran\u00e7a alimentar absoluta? O sujeito vai dormir sem saber se ter\u00e1 comida no dia seguinte. E o mundo tem como alimentar todos eles. \u00c9 dessa vit\u00f3ria tanto do consenso quanto do tema: a desigualdade.\u201d<\/p>\n<p>O Brasil mudou, tamb\u00e9m, a operacionalidade do G20. \u201cE na reuni\u00e3o final n\u00e3o se falou s\u00f3 do que queremos, mas como vamos pagar isso\u201d, diz Trevisan. \u201cO caminho da taxa\u00e7\u00e3o dos super-ricos (s\u00e3o somente 3 mil bilion\u00e1rios em todo o planeta) vinha sendo desenhado h\u00e1 tempos. A taxa\u00e7\u00e3o de 2% anual no patrim\u00f4nio desses 3 mil vai ajudar principalmente nas mudan\u00e7as clim\u00e1ticas. Algo em torno de 200 a 250 bilh\u00f5es de d\u00f3lares anuais. E a maioria dos pa\u00edses ricos aceitaram porque t\u00eam muito claro o custo desse problema.\u201d<\/p>\n<h2><span style=\"text-decoration: underline;\">Consensos pela vida<\/span><\/h2>\n<p>A t<strong>axa\u00e7\u00e3o de grandes fortunas como uma das formas de financiar as mudan\u00e7as necess\u00e1rias no cen\u00e1rio internacional, \u00e9 um dos 85 pontos consensuados e expressos na declara\u00e7\u00e3o final da C\u00fapula do G20<\/strong>. O documento inclui prioridades da presid\u00eancia do Brasil \u00e0 frente do grupo. E reconhece que a desigualdade dentro dos pa\u00edses e entre eles est\u00e1 na raiz da maioria dos desafios globais.\u00a0<strong>Da\u00ed a import\u00e2ncia da constru\u00e7\u00e3o da Alian\u00e7a Global contra a Fome e a Pobreza<\/strong>\u00a0como consenso e que j\u00e1 tem em caixa 145 bilh\u00f5es de reais. O objetivo inicial da alian\u00e7a \u00e9 alcan\u00e7ar, at\u00e9 2030, 500 milh\u00f5es de pessoas, com transfer\u00eancia de renda; 150 milh\u00f5es de crian\u00e7as, com alimenta\u00e7\u00e3o escolar; 200 milh\u00f5es de mulheres e crian\u00e7as de at\u00e9 6 anos, com sa\u00fade e acompanhamento da gesta\u00e7\u00e3o e primeira inf\u00e2ncia; al\u00e9m de 100 milh\u00f5es de pessoas, com emprego e empreendedorismo.<\/p>\n<p>O documento final reafirma tamb\u00e9m o papel do G20 como f\u00f3rum de coopera\u00e7\u00e3o com voca\u00e7\u00e3o para apoiar pa\u00edses em desenvolvimento e atingir os Objetivos do Desenvolvimento Sustent\u00e1vel (ODS).<\/p>\n<p>D\u00e1 \u00eanfase \u00e0 transi\u00e7\u00e3o energ\u00e9tica e \u00e0 prem\u00eancia de a\u00e7\u00f5es ambientais. E ressalta a necessidade de reforma na governan\u00e7a de institui\u00e7\u00f5es multilaterais para dar efici\u00eancia aos esfor\u00e7os de paz e garantia de preserva\u00e7\u00e3o dos direitos humanos.<\/p>\n<p>\u201cN\u00f3s nos reunimos no ber\u00e7o da Agenda de Desenvolvimento Sustent\u00e1vel para reafirmar o nosso compromisso de construir um mundo justo e um planeta sustent\u00e1vel, sem deixar ningu\u00e9m para tr\u00e1s\u201d, afirma o documento.<\/p>\n<p><a href=\"https:\/\/www.gov.br\/planalto\/pt-br\/acompanhe-o-planalto\/g20-rio-de-janeiro-leaders-em-portugues.pdf\" target=\"_blank\" rel=\"noopener noreferrer\">&gt;&gt; Confira a \u00edntegra do texto<\/a><\/p>\n<p><em>*Com informa\u00e7\u00f5es da Ag\u00eancia Brasil<\/em><\/p>\n<p><strong>Fonte: Contraf-CUT<\/strong><\/p>\n","protected":false},"excerpt":{"rendered":"<p>O Brasil sediou um G20 hist\u00f3rico e vitorioso. Pela primeira vez, a reuni\u00e3o realizada no Rio de Janeiro nos dias 18 e 19 de novembro, entre os l\u00edderes de pa\u00edses respons\u00e1veis pelas 20 maiores economias do mundo, foi precedida pelo G20 Social. Essa novidade da participa\u00e7\u00e3o popular foi anunciada pelo governo do presidente Luiz In\u00e1cio [&hellip;]<\/p>\n","protected":false},"author":2,"featured_media":15977,"comment_status":"","ping_status":"","sticky":false,"template":"","format":"standard","meta":{"footnotes":""},"categories":[3],"tags":[],"class_list":["post-15978","post","type-post","status-publish","format-standard","has-post-thumbnail","hentry","category-noticias"],"_links":{"self":[{"href":"https:\/\/hostnetart.com.br\/baixada\/wp-json\/wp\/v2\/posts\/15978","targetHints":{"allow":["GET"]}}],"collection":[{"href":"https:\/\/hostnetart.com.br\/baixada\/wp-json\/wp\/v2\/posts"}],"about":[{"href":"https:\/\/hostnetart.com.br\/baixada\/wp-json\/wp\/v2\/types\/post"}],"author":[{"embeddable":true,"href":"https:\/\/hostnetart.com.br\/baixada\/wp-json\/wp\/v2\/users\/2"}],"replies":[{"embeddable":true,"href":"https:\/\/hostnetart.com.br\/baixada\/wp-json\/wp\/v2\/comments?post=15978"}],"version-history":[{"count":0,"href":"https:\/\/hostnetart.com.br\/baixada\/wp-json\/wp\/v2\/posts\/15978\/revisions"}],"wp:featuredmedia":[{"embeddable":true,"href":"https:\/\/hostnetart.com.br\/baixada\/wp-json\/wp\/v2\/media\/15977"}],"wp:attachment":[{"href":"https:\/\/hostnetart.com.br\/baixada\/wp-json\/wp\/v2\/media?parent=15978"}],"wp:term":[{"taxonomy":"category","embeddable":true,"href":"https:\/\/hostnetart.com.br\/baixada\/wp-json\/wp\/v2\/categories?post=15978"},{"taxonomy":"post_tag","embeddable":true,"href":"https:\/\/hostnetart.com.br\/baixada\/wp-json\/wp\/v2\/tags?post=15978"}],"curies":[{"name":"wp","href":"https:\/\/api.w.org\/{rel}","templated":true}]}}