{"id":15974,"date":"2024-11-21T13:07:40","date_gmt":"2024-11-21T16:07:40","guid":{"rendered":"https:\/\/hostnetart.com.br\/baixada\/fim-da-escala-6x1-e-tema-de-debate-do-coletivo-nacional-de-relacoes-do-trabalho-da-contraf-cut\/"},"modified":"2024-11-21T13:07:40","modified_gmt":"2024-11-21T16:07:40","slug":"fim-da-escala-6x1-e-tema-de-debate-do-coletivo-nacional-de-relacoes-do-trabalho-da-contraf-cut","status":"publish","type":"post","link":"https:\/\/hostnetart.com.br\/baixada\/fim-da-escala-6x1-e-tema-de-debate-do-coletivo-nacional-de-relacoes-do-trabalho-da-contraf-cut\/","title":{"rendered":"Fim da escala 6&#215;1 \u00e9 tema de debate do Coletivo Nacional de Rela\u00e7\u00f5es do Trabalho da Contraf-CUT"},"content":{"rendered":"<p>Na \u00faltima quarta-feira (13), o Coletivo Nacional de Rela\u00e7\u00f5es do Trabalho, da Confedera\u00e7\u00e3o Nacional dos Trabalhadores do Ramo Financeiro (Contraf-CUT), realizou um debate sobre o fim da escala 6&#215;1, com a participa\u00e7\u00e3o dos deputados Reginaldo Lopes (PT-MG) e Erika Kokay (PT-DF), al\u00e9m de an\u00e1lise de conjuntura do ex-ministro do Trabalho, Ricardo Berzoini, e do analista do Departamento Intersindical de Assessoria Parlamentar (Diap), Neuriberg Dias.<\/p>\n<p>O assunto da jornada de trabalho voltou a ser impulsionado pela Proposta de Emenda \u00e0 Constitui\u00e7\u00e3o (PEC), da deputada \u00c9rika Hilton (PSOL-PT), para reduzir de 44h para 36h a jornada semanal, numa escala de 4&#215;3. At\u00e9 a \u00faltima sexta-feira (15), a\u00a0<a href=\"https:\/\/www.terra.com.br\/noticias\/videos\/estamos-chegando-a-quase-250-assinaturas-diz-erika-hilton-sobre-pec-contra-escala-6x1,cd38c6139f660423143d8b77e394369c8y7vzaob.html\" target=\"_blank\" rel=\"noopener noreferrer\">PEC j\u00e1 estava com 250 assinaturas<\/a>, ou seja, 79 a mais do que o m\u00ednimo necess\u00e1rio para tramitar na C\u00e2mara.<\/p>\n<p>&#8220;N\u00f3s que acompanhamos de perto, h\u00e1 anos, na C\u00e2mara pautas de interesse \u00e0 classe trabalhadora, ficamos admirados com o impacto que essa PEC est\u00e1 tendo em toda a sociedade neste momento, apesar de ser\u00a0<strong>uma pauta hist\u00f3rica da CUT e de n\u00e3o ser a primeira vez que surge no Congress<\/strong>o&#8221;, explicou Jeferson Meira, o Jef\u00e3o, secret\u00e1rio de Rela\u00e7\u00f5es do Trabalho e respons\u00e1vel da Contraf-CUT pelo acompanhamento da tramita\u00e7\u00e3o de pautas de interesse dos trabalhadores no Congresso Nacional. \u201cDiante disso, temos a oportunidade de n\u00e3o deixar morrer esse debate, na busca por essa mudan\u00e7a\u201d, completou Jef\u00e3o, que coordenou a reuni\u00e3o do Coletivo Nacional de rela\u00e7\u00f5es do Trabalho.<\/p>\n<p>O deputado Reginaldo Lopes (PT-MG) \u00e9 autor da PEC 221, que tamb\u00e9m aborda a redu\u00e7\u00e3o da jornada semanal no Brasil, mas apresentada em 2019. &#8220;Na \u00e9poca, tivemos repercuss\u00e3o do tema e, rapidamente, assinaturas suficientes para protocolar a mat\u00e9ria na C\u00e2mara dos Deputados&#8221;, relembrou o parlamentar. Atualmente, o PEC 221 est\u00e1 na Comiss\u00e3o de Constitui\u00e7\u00e3o de Justi\u00e7a (CCJ).<\/p>\n<p>&#8220;Ao longo desses dias,\u00a0<strong>estamos nos reunindo com a deputada Hilton para tra\u00e7ar um plano e um roteiro de trabalho juntos<\/strong>. No caso da nossa PEC (do PT),\u00a0 efendemos um per\u00edodo de transi\u00e7\u00e3o para que os setores se adequem e trabalhamos com duas vertentes: que a maior carga hor\u00e1ria seja de 36h semanais e, que a escala m\u00e1xima seja 5&#215;2 e n\u00e3o mais 6&#215;1&#8243;, explicou.<\/p>\n<p>Ricardo Berzoini destacou que, quando foi ministro do Trabalho, entre 2004 e 2005, levou o debate da redu\u00e7\u00e3o da jornada para a Organiza\u00e7\u00e3o Internacional do Trabalho (OIT). &#8220;Propus, na \u00e9poca, ao ent\u00e3o diretor-geral que fiz\u00e9ssemos um debate mundial sobre a jornada, mas conseguimos promover um semin\u00e1rio. Desde ent\u00e3o,\u00a0<strong>j<\/strong><strong>\u00e1 enfrent\u00e1vamos uma resist\u00eancia \u00e0 redu\u00e7\u00e3o de horas de trabalho, argumentos fr\u00e1geis<\/strong>, que temos que combater, como, por exemplo, de que poderia prejudicar a competitividade do Brasil e tornar o pa\u00eds menos vantajoso para investimentos&#8221;, contou. Para o ex-ministro, com a retomada da pauta hoje, a esquerda do campo popular tem, mais uma vez, a oportunidade de &#8220;entrar em disputa direta com a direita mais tosca e liberal&#8221;, revelando \u00e0 sociedade as falhas de argumentos do outro lado.<\/p>\n<p>Entre os representantes dessa &#8220;direita mais tosca e liberal&#8221; temos Roberto Campos Neto, presidente do Banco Central, entidade respons\u00e1vel por\u00a0<a href=\"https:\/\/contrafcut.com.br\/noticias\/banco-central-eleva-taxa-de-juros-e-aumenta-aperto-financeiro-a-populacao-e-empresas\/\" target=\"_blank\" rel=\"noopener noreferrer\">manter as taxas de juros altas no Brasil<\/a>, em preju\u00edzo ao crescimento econ\u00f4mico e gera\u00e7\u00e3o de emprego. Na \u00faltima semana,\u00a0<a href=\"https:\/\/www.cnnbrasil.com.br\/economia\/macroeconomia\/campos-neto-diz-que-fim-da-escala-6x1-vai-contra-flexibilidade-no-mercado-de-trabalho\/\" target=\"_blank\" rel=\"noopener noreferrer\">ele se posicionou afirmando que a redu\u00e7\u00e3o da jornada<\/a>\u00a0poderia gerar desemprego e sal\u00e1rios menores.\u00a0<\/p>\n<p>Mas, essas afirma\u00e7\u00f5es n\u00e3o possuem base hist\u00f3rica, como revela o artigo\u00a0<a href=\"https:\/\/www.scielo.br\/j\/rbe\/a\/VcHZsYRpkCyNxRSxnMP7WWv\/\" target=\"_blank\" rel=\"noopener noreferrer\">&#8220;Os efeitos da redu\u00e7\u00e3o da jornada de trabalho de 48h para 44h semanais em 1988&#8221;<\/a>, produzido pelos pesquisadores Gustavo M. Gonzaga e Jos\u00e9 M\u00e1rcio Camargo, do Departamento de Economia da PUC-Rio, e Na\u00e9rcio Aquino Menezes Filho, do Instituto de Pesquisas Econ\u00f4micas (IPE) da USP.<\/p>\n<p>Segundo eles, no curto prazo de 12 meses, p\u00f3s Constitui\u00e7\u00e3o Federal de 1988,\u00a0<strong>&#8220;a redu\u00e7\u00e3o da jornada n\u00e3o teve efeitos negativos sobre o emprego&#8221;, al\u00e9m disso, a mudan\u00e7a n\u00e3o aumentou a probabilidade de os trabalhadores ficarem desempregados e resultou em aumento salarial real<\/strong>.<\/p>\n<p>A parlamentar Erika Kokay (PT-DF), que tamb\u00e9m esteve no encontro do coletivo, acrescentou que os colegas da \u00e1rea progressista est\u00e3o trabalhando para que o debate da jornada siga avan\u00e7ando no Congresso e para que \u201cseja amarrado com uma legisla\u00e7\u00e3o que garanta os direitos trabalhistas\u201d j\u00e1 alcan\u00e7ados.<\/p>\n<p>&#8220;Podemos estar frente a uma oportunidade para tamb\u00e9m rever pontos da Reforma Trabalhista (de 2017) que facilitaram a terceiriza\u00e7\u00e3o, a pejotiza\u00e7\u00e3o e a uberiza\u00e7\u00e3o&#8221;, observou. &#8220;<strong>Quando falamos de jornada estamos falando de dom\u00ednio dos corpos que chega a escalas muito intensas na din\u00e2mica capitalista<\/strong>. O trabalhador, para garantir sustento, \u00e9 obrigado a ocupar grande parte do seu tempo de vida no trabalho, e isso inclui o tempo nos transportes. Ent\u00e3o, a redu\u00e7\u00e3o da jornada \u00e9 fundamental, para criarmos par\u00e2metros de enfrentamento a esse cen\u00e1rio&#8221;, concluiu.<\/p>\n<h2><span style=\"text-decoration: underline;\">IA e crise ambiental imp\u00f5e redu\u00e7\u00e3o da jornada<\/span><\/h2>\n<p>Estudo\u00a0<a href=\"https:\/\/contrafcut.com.br\/noticias\/inteligencia-artificial-afetara-entre-40-e-80-dos-empregos-segundo-estudos\/\" target=\"_blank\" rel=\"noopener noreferrer\">divulgado neste ano pelo Fundo Monet\u00e1rio Internacional (FMI)<\/a>\u00a0apontou que a Intelig\u00eancia Artificial (IA) ir\u00e1 afetar 40% dos empregos em todo o mundo e, com isso, reduzir vagas de emprego em diversos setores. Uma avalia\u00e7\u00e3o mais recente, do especialista em tecnologia disruptiva e investidor de grandes empresas, como Amazon e Google, Vinod Khosla, \u00e9 de que a\u00a0<strong>IA ir\u00e1 substituir 80% dos empregos nas pr\u00f3ximas d\u00e9cada<\/strong>s.<\/p>\n<p>Paralelo a esse fator, a crise clim\u00e1tica est\u00e1 exigindo dos governos mudan\u00e7as r\u00e1pidas para conter os desastres ambientais e uma das alternativas estudadas \u00e9 a redu\u00e7\u00e3o das jornadas de trabalho. An\u00e1lise da Universidade Amherst de Massachusetts, nos EUA,\u00a0<a href=\"https:\/\/www.bbc.com\/portuguese\/revista-52959580\" target=\"_blank\" rel=\"noopener noreferrer\">divulgada em 2020, pela BBC<\/a>, aponta que<strong>\u00a010% menos tempo trabalhando pode reduzir em 14,6% na emiss\u00e3o de carbono<\/strong>\u00a0por pessoa, e isso &#8220;em grade parte devido \u00e0 diminui\u00e7\u00e3o dos descolamentos di\u00e1rios e do consumo de alimentos processados nos intervalos&#8221;, explica o artigo.<\/p>\n<p>Esses dois temas est\u00e3o entre os elementos abordados pelo movimento sindical no Brasil para refor\u00e7ar o debate pelo fim da escala 6&#215;1. &#8220;\u00c9 sintom\u00e1tico a propor\u00e7\u00e3o que esse debate tomou nos \u00faltimos dias, confirmando que a jornada de trabalho de 44 horas semanais \u00e9 considerada excessiva para grande parcela da popula\u00e7\u00e3o.\u00a0<strong>O Brasil est\u00e1 entre os pa\u00edses com a jornada mais extensa<\/strong>&#8220;, destacou a Presidenta da Contraf-CUT e vice-presidenta da Central \u00danica dos Trabalhadores (CUT), Juvandia Moreira. &#8220;Isso resulta em uma s\u00e9rie de dificuldades para a popula\u00e7\u00e3o, na quest\u00e3o de distribui\u00e7\u00e3o de tempo entre trabalho e n\u00e3o trabalho, na qualidade de vida e nas rela\u00e7\u00f5es interpessoais com a fam\u00edlia&#8221;, observou. De fato, o Brasil est\u00e1 entre os pa\u00edses com a jornada de trabalho maior, perdendo para poucas na\u00e7\u00f5es de desenvolvimento semelhante, como \u00cdndia (46,7) e China (46,1). A m\u00e9dia europeia \u00e9 37 horas.<\/p>\n<p>A economista do Departamento Intersindical de Estat\u00edstica e Estudos Socioecon\u00f4micos (Dieese), Vivian Machado, aponta que esse dado revela a \u201crela\u00e7\u00e3o entre poder aquisitivo e jornada\u201d, ou seja,\u00a0<strong>quanto maior o poder aquisitivo da popula\u00e7\u00e3o, menor a jornada de trabalho<\/strong>\u201d, pontuou. \u201cMas \u00e9 preciso cuidado para n\u00e3o pensar que, somente porque o Brasil n\u00e3o alcan\u00e7ou o desenvolvimento econ\u00f4mico de pa\u00edses europeus, n\u00f3s n\u00e3o podemos reduzir a jornada. Nos pa\u00edses europeus os direitos trabalhistas e sociais s\u00e3o mais fortes. A an\u00e1lise que podemos fazer, portanto, \u00e9 que\u00a0<strong>a menor desigualdade entre o capital e o trabalho \u00e9 o que tem proporcionado ali o crescimento econ\u00f4mico com ganhos sociais para todos<\/strong>\u201d.<\/p>\n<p>A\u00a0<strong>categoria banc\u00e1ria, conquistou, em 1957, a jornada di\u00e1ria de 6h e semanal de 5&#215;2<\/strong>\u00a0(cinco dias trabalhados e dois dias de descanso). \u201cDesde ent\u00e3o, a jornada dos banc\u00e1rios foi atacada de diversas maneiras, nas mesas de negocia\u00e7\u00f5es e no Congresso Nacional, mas resistimos com muita luta\u201d, lembrou Jeferson Meira. \u201cAgora, diante dos ganhos produtivos permitidos pelos avan\u00e7os tecnol\u00f3gicos, com redu\u00e7\u00e3o da gera\u00e7\u00e3o de postos de trabalho, temos levado \u00e0s mesas de negocia\u00e7\u00e3o a reivindica\u00e7\u00e3o pela escala 4&#215;3&#8243;, disse Jef\u00e3o, ao completar, com base em estudo do Dieese, que a implementa\u00e7\u00e3o da jornada de quatro dias, entre os banc\u00e1rios que hoje realizam a jornada m\u00e9dia de 37 horas semanais, teria o potencial de criar mais de 108 mil vagas no setor, ou 25% do total de vagas que existem atualmente.<\/p>\n<p><strong>Fonte: Contraf-CUT<\/strong><\/p>\n","protected":false},"excerpt":{"rendered":"<p>Na \u00faltima quarta-feira (13), o Coletivo Nacional de Rela\u00e7\u00f5es do Trabalho, da Confedera\u00e7\u00e3o Nacional dos Trabalhadores do Ramo Financeiro (Contraf-CUT), realizou um debate sobre o fim da escala 6&#215;1, com a participa\u00e7\u00e3o dos deputados Reginaldo Lopes (PT-MG) e Erika Kokay (PT-DF), al\u00e9m de an\u00e1lise de conjuntura do ex-ministro do Trabalho, Ricardo Berzoini, e do analista [&hellip;]<\/p>\n","protected":false},"author":2,"featured_media":15973,"comment_status":"","ping_status":"","sticky":false,"template":"","format":"standard","meta":{"footnotes":""},"categories":[3],"tags":[],"class_list":["post-15974","post","type-post","status-publish","format-standard","has-post-thumbnail","hentry","category-noticias"],"_links":{"self":[{"href":"https:\/\/hostnetart.com.br\/baixada\/wp-json\/wp\/v2\/posts\/15974","targetHints":{"allow":["GET"]}}],"collection":[{"href":"https:\/\/hostnetart.com.br\/baixada\/wp-json\/wp\/v2\/posts"}],"about":[{"href":"https:\/\/hostnetart.com.br\/baixada\/wp-json\/wp\/v2\/types\/post"}],"author":[{"embeddable":true,"href":"https:\/\/hostnetart.com.br\/baixada\/wp-json\/wp\/v2\/users\/2"}],"replies":[{"embeddable":true,"href":"https:\/\/hostnetart.com.br\/baixada\/wp-json\/wp\/v2\/comments?post=15974"}],"version-history":[{"count":0,"href":"https:\/\/hostnetart.com.br\/baixada\/wp-json\/wp\/v2\/posts\/15974\/revisions"}],"wp:featuredmedia":[{"embeddable":true,"href":"https:\/\/hostnetart.com.br\/baixada\/wp-json\/wp\/v2\/media\/15973"}],"wp:attachment":[{"href":"https:\/\/hostnetart.com.br\/baixada\/wp-json\/wp\/v2\/media?parent=15974"}],"wp:term":[{"taxonomy":"category","embeddable":true,"href":"https:\/\/hostnetart.com.br\/baixada\/wp-json\/wp\/v2\/categories?post=15974"},{"taxonomy":"post_tag","embeddable":true,"href":"https:\/\/hostnetart.com.br\/baixada\/wp-json\/wp\/v2\/tags?post=15974"}],"curies":[{"name":"wp","href":"https:\/\/api.w.org\/{rel}","templated":true}]}}