{"id":15972,"date":"2024-11-19T22:53:11","date_gmt":"2024-11-20T01:53:11","guid":{"rendered":"https:\/\/hostnetart.com.br\/baixada\/caixa-representacao-dos-empregados-entrega-contraproposta-para-caixas-e-tesoureiros\/"},"modified":"2024-11-19T22:53:11","modified_gmt":"2024-11-20T01:53:11","slug":"caixa-representacao-dos-empregados-entrega-contraproposta-para-caixas-e-tesoureiros","status":"publish","type":"post","link":"https:\/\/hostnetart.com.br\/baixada\/caixa-representacao-dos-empregados-entrega-contraproposta-para-caixas-e-tesoureiros\/","title":{"rendered":"Caixa: Representa\u00e7\u00e3o dos empregados entrega contraproposta para caixas e tesoureiros"},"content":{"rendered":"<\/p>\n<p>A Caixa Econ\u00f4mica Federal voltou \u00e0s negocia\u00e7\u00f5es sobre quest\u00f5es espec\u00edficas de caixas e tesoureiros, nesta ter\u00e7a-feira (19), sem apresentar avan\u00e7os no debate: somente releu os pontos que j\u00e1 haviam sido apresentados nas \u00faltimas duas reuni\u00f5es sobre o tema, de 1\u00ba e 5 de novembro (<a href=\"https:\/\/contrafcut.com.br\/noticias\/caixa-apresenta-proposta-para-caixas-e-tesoureiros\/\" target=\"_blank\" rel=\"noopener noreferrer\"><strong>clique aqui<\/strong><\/a>).<\/p>\n<p>&#8220;<strong>As propostas da Caixa n\u00e3o contemplam os empregados<\/strong>. Diante do que vem sendo apresentado, o que estamos escutando das bases \u00e9 que eles preferem ficar como est\u00e3o, para n\u00e3o correrem o risco de perderem remunera\u00e7\u00e3o&#8221;, destacou a coordenadora da Comiss\u00e3o Executiva dos Empregados (CEE) da Caixa e diretora executiva da Contraf-CUT, Eliana Brasil.<\/p>\n<p>Entre as propostas insistidas pela Caixa est\u00e1 que os <strong>novos nomeados para as fun\u00e7\u00f5es de caixas e tesoureiros, cerca de 750, renunciem o direito de irem \u00e0 Justi\u00e7a para terem quebra de caixa<\/strong>. &#8220;Os empregados n\u00e3o se sentem seguros com rela\u00e7\u00e3o a um acordo com esses termos. Isso \u00e9 inaceit\u00e1vel renunciar o direito de ir \u00e0 Justi\u00e7a&#8221;, pontuou o representante da Fetrafi-MG na CEE, L\u00edvio Santos.<\/p>\n<p>S\u00e9rgio Amorim, representante da Federa-RJ na CEE, arrematou que, <strong>mais uma vez, a Caixa n\u00e3o trouxe o n\u00famero total dos colegas que ser\u00e3o atingidos<\/strong>. &#8220;A proposta da Caixa \u00e9 que o movimento sindical abra m\u00e3o de uma s\u00e9rie de expectativas de direitos alcan\u00e7ados com sucesso na Justi\u00e7a, sobre a 7\u00aa e 8\u00aa horas, para tesoureiros, e a 10\/50 da garantia de pagamento desses valores no passado. Ou seja, \u00e9 renunciar a isso tudo em fun\u00e7\u00e3o da nomea\u00e7\u00e3o de 750 empregados como caixas e tesoureiros. Isso n\u00e3o est\u00e1 certo&#8221;, pontuou.<\/p>\n<p>&#8220;<strong>N\u00e3o vamos trocar 750 nomea\u00e7\u00f5es por perdas de direitos aos nossos colegas&#8221;<\/strong>, ressaltou o representante da Fetrafi-SC, Edson Heemann. &#8220;Quem criou esse passivo 10\/50 e, na mesma l\u00f3gica, a quebra de caixa, 7\u00aa e 8\u00aa horas, historicamente, foi a empresa, n\u00e3o foram os trabalhadores nas mesas de negocia\u00e7\u00f5es. Ent\u00e3o, estamos aqui para resolver uma necessidade da Caixa. Mas n\u00e3o aceitamos a realiza\u00e7\u00e3o de um p\u00e9ssimo acordo&#8221;, completou.<\/p>\n<p>Diante do quadro, a representa\u00e7\u00e3o dos empregados pediu uma pausa da reuni\u00e3o e, ap\u00f3s o per\u00edodo, retornou com a <strong>contraproposta a seguir<\/strong>:<\/p>\n<p><img decoding=\"async\" src=\"https:\/\/contrafcut.com.br\/data\/files\/B9\/03\/B8\/99\/F164391014C7D239820808A8\/tabela.jpg\" srcset=\"https:\/\/contrafcut.com.br\/data\/files\/B9\/03\/B8\/99\/F164391014C7D239820808A8\/img_tabela_gd.webp 640w, https:\/\/contrafcut.com.br\/data\/files\/B9\/03\/B8\/99\/F164391014C7D239820808A8\/img_tabela_md.webp 480w, https:\/\/contrafcut.com.br\/data\/files\/B9\/03\/B8\/99\/F164391014C7D239820808A8\/img_tabela_pq.webp 320w, https:\/\/contrafcut.com.br\/data\/files\/B9\/03\/B8\/99\/F164391014C7D239820808A8\/tabela.jpg\" alt=\"tabela.jpg\" \/><\/p>\n<h2>Pr\u00f3xima reuni\u00e3o<\/h2>\n<p>A Caixa disse que ir\u00e1 avaliar a contraproposta e <strong>nova reuni\u00e3o foi agendada para segunda-feira (25), \u00e0s 16h.<\/strong><\/p>\n<p>&#8220;A Caixa n\u00e3o pode insistir em criar fun\u00e7\u00f5es e for\u00e7ar o pessoal a migrar, com risco de perda de direitos. Ent\u00e3o, apresentar uma contraproposta foi a melhor sa\u00edda&#8221;, concluiu Chay C\u00e2ndida, representante da Fetrafi-NE na CEE.<\/p>\n<p><strong>Fonte: Contraf-CUT<\/strong><\/p>\n","protected":false},"excerpt":{"rendered":"<p>A Caixa Econ\u00f4mica Federal voltou \u00e0s negocia\u00e7\u00f5es sobre quest\u00f5es espec\u00edficas de caixas e tesoureiros, nesta ter\u00e7a-feira (19), sem apresentar avan\u00e7os no debate: somente releu os pontos que j\u00e1 haviam sido apresentados nas \u00faltimas duas reuni\u00f5es sobre o tema, de 1\u00ba e 5 de novembro (clique aqui). &#8220;As propostas da Caixa n\u00e3o contemplam os empregados. Diante [&hellip;]<\/p>\n","protected":false},"author":2,"featured_media":15971,"comment_status":"","ping_status":"","sticky":false,"template":"","format":"standard","meta":{"footnotes":""},"categories":[3],"tags":[],"class_list":["post-15972","post","type-post","status-publish","format-standard","has-post-thumbnail","hentry","category-noticias"],"_links":{"self":[{"href":"https:\/\/hostnetart.com.br\/baixada\/wp-json\/wp\/v2\/posts\/15972","targetHints":{"allow":["GET"]}}],"collection":[{"href":"https:\/\/hostnetart.com.br\/baixada\/wp-json\/wp\/v2\/posts"}],"about":[{"href":"https:\/\/hostnetart.com.br\/baixada\/wp-json\/wp\/v2\/types\/post"}],"author":[{"embeddable":true,"href":"https:\/\/hostnetart.com.br\/baixada\/wp-json\/wp\/v2\/users\/2"}],"replies":[{"embeddable":true,"href":"https:\/\/hostnetart.com.br\/baixada\/wp-json\/wp\/v2\/comments?post=15972"}],"version-history":[{"count":0,"href":"https:\/\/hostnetart.com.br\/baixada\/wp-json\/wp\/v2\/posts\/15972\/revisions"}],"wp:featuredmedia":[{"embeddable":true,"href":"https:\/\/hostnetart.com.br\/baixada\/wp-json\/wp\/v2\/media\/15971"}],"wp:attachment":[{"href":"https:\/\/hostnetart.com.br\/baixada\/wp-json\/wp\/v2\/media?parent=15972"}],"wp:term":[{"taxonomy":"category","embeddable":true,"href":"https:\/\/hostnetart.com.br\/baixada\/wp-json\/wp\/v2\/categories?post=15972"},{"taxonomy":"post_tag","embeddable":true,"href":"https:\/\/hostnetart.com.br\/baixada\/wp-json\/wp\/v2\/tags?post=15972"}],"curies":[{"name":"wp","href":"https:\/\/api.w.org\/{rel}","templated":true}]}}