{"id":15962,"date":"2024-11-13T15:03:19","date_gmt":"2024-11-13T18:03:19","guid":{"rendered":"https:\/\/hostnetart.com.br\/baixada\/conquista-no-act-santander-suspensao-das-metas-para-quem-retorna-de-licenca-saude\/"},"modified":"2024-11-13T15:03:19","modified_gmt":"2024-11-13T18:03:19","slug":"conquista-no-act-santander-suspensao-das-metas-para-quem-retorna-de-licenca-saude","status":"publish","type":"post","link":"https:\/\/hostnetart.com.br\/baixada\/conquista-no-act-santander-suspensao-das-metas-para-quem-retorna-de-licenca-saude\/","title":{"rendered":"Conquista no ACT Santander: suspens\u00e3o das metas para quem retorna de licen\u00e7a sa\u00fade"},"content":{"rendered":"<p>Conquista da luta dos trabalhadores, o Acordo Coletivo de Trabalho (ACT) do Santander 2024-2026, assinado em 15 de outubro, garante aos empregados do banco espanhol uma s\u00e9rie de direitos que muitas vezes v\u00e3o al\u00e9m do que determina a legisla\u00e7\u00e3o trabalhista e a pr\u00f3pria Conven\u00e7\u00e3o Coletiva de Trabalho (CCT) da categoria banc\u00e1ria.<\/p>\n<p>Um deles \u00e9 a cl\u00e1usula 22\u00aa do ACT, que suspende as metas por 30 dias para trabalhadores que retornarem de afastamentos superiores a 180 dias por motivos de sa\u00fade, doen\u00e7a ou licen\u00e7a-maternidade, garantindo uma readapta\u00e7\u00e3o mais adequada ao ritmo de trabalho.<\/p>\n<p>Para Wanessa Queiroz, essa importante conquista possibilitar\u00e1 uma melhor adapta\u00e7\u00e3o e maior cuidado no retorno ao trabalho, al\u00e9m de promover a sa\u00fade mental dos colegas que voltam de licen\u00e7a superior a 180 dias, incluindo as funcion\u00e1rias que retornam de licen\u00e7a-maternidade. \u201c\u00c9 essencial que todos tenham pleno conhecimento e valorizem essa importante conquista em nosso aditivo.\u201d<\/p>\n<p>Resultado de uma dura negocia\u00e7\u00e3o entre o movimento sindical e o banco e da mobiliza\u00e7\u00e3o dos trabalhadores, o ACT Santander traz ainda outras novas conquistas, como a isen\u00e7\u00e3o da coparticipa\u00e7\u00e3o no plano de sa\u00fade para Pessoas com Defici\u00eancia (PCDs) na ativa, al\u00e9m de manter todas as conquistas que j\u00e1 constavam no acordo anterior, como as regras da PPRS e a oferta de 2.500 bolsas de estudo para primeira gradua\u00e7\u00e3o, p\u00f3s-gradua\u00e7\u00e3o e MBA.<\/p>\n<p><strong>Fonte: Contraf-CUT<\/strong><\/p>\n","protected":false},"excerpt":{"rendered":"<p>Conquista da luta dos trabalhadores, o Acordo Coletivo de Trabalho (ACT) do Santander 2024-2026, assinado em 15 de outubro, garante aos empregados do banco espanhol uma s\u00e9rie de direitos que muitas vezes v\u00e3o al\u00e9m do que determina a legisla\u00e7\u00e3o trabalhista e a pr\u00f3pria Conven\u00e7\u00e3o Coletiva de Trabalho (CCT) da categoria banc\u00e1ria. Um deles \u00e9 a [&hellip;]<\/p>\n","protected":false},"author":2,"featured_media":15961,"comment_status":"","ping_status":"","sticky":false,"template":"","format":"standard","meta":{"footnotes":""},"categories":[3],"tags":[],"class_list":["post-15962","post","type-post","status-publish","format-standard","has-post-thumbnail","hentry","category-noticias"],"_links":{"self":[{"href":"https:\/\/hostnetart.com.br\/baixada\/wp-json\/wp\/v2\/posts\/15962","targetHints":{"allow":["GET"]}}],"collection":[{"href":"https:\/\/hostnetart.com.br\/baixada\/wp-json\/wp\/v2\/posts"}],"about":[{"href":"https:\/\/hostnetart.com.br\/baixada\/wp-json\/wp\/v2\/types\/post"}],"author":[{"embeddable":true,"href":"https:\/\/hostnetart.com.br\/baixada\/wp-json\/wp\/v2\/users\/2"}],"replies":[{"embeddable":true,"href":"https:\/\/hostnetart.com.br\/baixada\/wp-json\/wp\/v2\/comments?post=15962"}],"version-history":[{"count":0,"href":"https:\/\/hostnetart.com.br\/baixada\/wp-json\/wp\/v2\/posts\/15962\/revisions"}],"wp:featuredmedia":[{"embeddable":true,"href":"https:\/\/hostnetart.com.br\/baixada\/wp-json\/wp\/v2\/media\/15961"}],"wp:attachment":[{"href":"https:\/\/hostnetart.com.br\/baixada\/wp-json\/wp\/v2\/media?parent=15962"}],"wp:term":[{"taxonomy":"category","embeddable":true,"href":"https:\/\/hostnetart.com.br\/baixada\/wp-json\/wp\/v2\/categories?post=15962"},{"taxonomy":"post_tag","embeddable":true,"href":"https:\/\/hostnetart.com.br\/baixada\/wp-json\/wp\/v2\/tags?post=15962"}],"curies":[{"name":"wp","href":"https:\/\/api.w.org\/{rel}","templated":true}]}}