{"id":15958,"date":"2024-11-13T12:59:20","date_gmt":"2024-11-13T15:59:20","guid":{"rendered":"https:\/\/hostnetart.com.br\/baixada\/caixa-propoe-serie-de-criterios-para-delta-empregados-recusam-e-cobram-distribuicao-linear\/"},"modified":"2024-11-13T12:59:20","modified_gmt":"2024-11-13T15:59:20","slug":"caixa-propoe-serie-de-criterios-para-delta-empregados-recusam-e-cobram-distribuicao-linear","status":"publish","type":"post","link":"https:\/\/hostnetart.com.br\/baixada\/caixa-propoe-serie-de-criterios-para-delta-empregados-recusam-e-cobram-distribuicao-linear\/","title":{"rendered":"Caixa prop\u00f5e s\u00e9rie de crit\u00e9rios para delta; empregados recusam e cobram distribui\u00e7\u00e3o linear"},"content":{"rendered":"<\/p>\n<p>O Grupo de Trabalho (GT) de Promo\u00e7\u00e3o por M\u00e9rito da Caixa Econ\u00f4mica Federal, formado pelos representantes dos trabalhadores e do banco, voltou a se reunir nesta \u00faltima segunda-feira (11) para discutir as regras e crit\u00e9rios dos &#8220;deltas&#8221;, como s\u00e3o chamadas as remunera\u00e7\u00f5es adicionais que s\u00e3o pagas conforme a evolu\u00e7\u00e3o na carreira.<\/p>\n<p>Apesar de na \u00faltima reuni\u00e3o, realizada no dia 15 de outubro, os trabalhadores terem cobrado a distribui\u00e7\u00e3o linear (o mesmo percentual para todos) do <strong>1\u00ba delta<\/strong>, o <strong>banco prop\u00f4s seis itens <\/strong>que precisariam ser alcan\u00e7ados pelos empregados, para a remunera\u00e7\u00e3o adicional:<\/p>\n<p>1 &#8211; Certifica\u00e7\u00e3o Agir Certo Sempre (2023) ou Agir Certo Caixa (2024);<br \/>2 &#8211; Certifica\u00e7\u00e3o Cultura Digital;<br \/>3 &#8211; 1 curso finalizado no Coursera;<br \/>4 &#8211; 1 curso em andamento ou finalizado no Busuu (plataforma para aprendizado de l\u00ednguas estrangeiras);<br \/>5 &#8211; 1 curso de iniciativa pessoal na Universidade Caixa;<br \/>6 &#8211; Participa\u00e7\u00e3o em 1 a\u00e7\u00e3o do Programa Qualidade de Vida. Essa a\u00e7\u00e3o poder\u00e1 ser desde imuniza\u00e7\u00e3o na campanha de vacina\u00e7\u00e3o antigripal, conv\u00eanio com Gympass ativo no plano gratuito, at\u00e9 participa\u00e7\u00e3o no Programa de Nutri\u00e7\u00e3o e H\u00e1bitos Saud\u00e1veis ou cadastro no aplicativo Caixa em Movimento.<\/p>\n<p><strong>Para ser eleg\u00edvel ao 2\u00ba delta<\/strong>, a Caixa prop\u00f4s que o empregado ter\u00e1 que ter, pelo menos, 300 dias do ano atuando em unidade com nota final 100 no Resultado.Caixa, sendo que o 2\u00ba delta ser\u00e1 distribu\u00eddo para 20% dos que ganharem o 1\u00ba delta.<\/p>\n<h3><strong>&gt; Representantes dos empregados recusam e refor\u00e7am princ\u00edpios fundamentais<\/strong><\/h3>\n<p>Os representantes dos empregados <strong>mantiveram a exig\u00eancia para que o delta seja linear<\/strong>, como explica a representante da Fetrafi-NE no GT, Chay C\u00e2ndida: &#8220;Faltam cerca de 50 dias apenas para o final do ano e s\u00e3o seis crit\u00e9rios que o banco est\u00e1 propondo. O tempo \u00e9 muito curto. Insistimos na cobran\u00e7a pela distribui\u00e7\u00e3o linear do 1\u00ba delta e propomos debater crit\u00e9rios mais justos para a distribui\u00e7\u00e3o do 2\u00ba delta\u201d.<\/p>\n<p>Dois dos itens propostos para a conquista do 1\u00ba delta envolvem cursos \u00e0 dist\u00e2ncia &#8211; Coursera e Busuu. &#8220;Faltou a Caixa esclarecer se os cursos poder\u00e3o ser feitos dentro da jornada de trabalho ou fora dela, bem como a efetiva utilidade de curso de l\u00ednguas no desenvolvimento dos trabalhos rotineiros de uma unidade da Caixa&#8221;, observa Tesifon Quevedo Neto, representante da Feeb\/SP-MS no GT.<\/p>\n<p>Sobre os crit\u00e9rios apresentados hoje pelo banco para o 2\u00ba delta, o representante da Fetec\/CN no GT, Guilherme Gon\u00e7alves Sim\u00f5es, ressaltou que a obrigatoriedade de 300 dias de lota\u00e7\u00e3o em unidade com nota anual a partir de 100 \u00e9 preocupante. &#8220;Estimula a pr\u00e1tica de competitividade entre os colegas, com isso, piora o clima organizacional, pois a press\u00e3o aumenta o adoecimento f\u00edsico e mental na categoria\u201d.<\/p>\n<p>&#8220;Temos dois pontos fundamentais nesta mesa: um deles que o 1\u00ba delta seja linear, ao contr\u00e1rio desta proposta que a Caixa trouxe hoje, que prejudica todos os empregados, primeiro, porque j\u00e1 estamos no final do ano e, segundo, porque prejudica especialmente os que atuam na rede. A proposta, portanto, \u00e9 excludente para pessoas que v\u00e3o entrar em f\u00e9rias ou licen\u00e7a m\u00e9dica neste final de ano e que n\u00e3o ter\u00e3o nenhuma condi\u00e7\u00e3o de cumprir os crit\u00e9rios. Os empregados n\u00e3o podem ser penalizados pelo fato de a Caixa ter demorado a sentar-se em mesa de negocia\u00e7\u00e3o&#8221;, destaca Luiza Hansen, diretora do Sindicato dos Banc\u00e1rios de S\u00e3o Paulo e membro do GT.\u00a0<\/p>\n<p>&#8220;<strong>Tamb\u00e9m \u00e9 inegoci\u00e1vel que volte a existir o 2\u00ba delta<\/strong>. A Caixa n\u00e3o paga h\u00e1 dois anos o 2\u00ba delta e esse or\u00e7amento, que est\u00e1 previsto para ser pago em promo\u00e7\u00e3o por m\u00e9rito e antiguidade, precisa ser destinado em sua totalidade para esse fim.&#8221; completa.\u00a0<\/p>\n<p><strong>Outra exig\u00eancia dos trabalhadores \u00e9\u00a0a utiliza\u00e7\u00e3o integral do 1% do or\u00e7amento<\/strong>previsto para as pessoas contempladas tanto com o 1\u00ba quanto com o 2\u00ba delta.<\/p>\n<p>Os empregados tamb\u00e9m <strong>pediram para que, em 2025, a Caixa inicie as discuss\u00f5es de crit\u00e9rios para o delta antecipadamente<\/strong>. \u201cOs crit\u00e9rios apresentados na mesa de hoje n\u00e3o s\u00e3o ruins, s\u00e3o importantes para a sa\u00fade e forma\u00e7\u00e3o dos colegas. Entretanto, pelo per\u00edodo curto que temos at\u00e9 terminar o ano, fica muito puxado para que consigam cumprir. Como educadora, digo que \u00e9 necess\u00e1rio ter planejamento did\u00e1tico, para que as pessoas n\u00e3o sejam incentivadas a atingirem esses crit\u00e9rios por interesse financeiro, mas sim para o seu crescimento&#8221;, destaca Sonia Eymard, Diretora de Bancos P\u00fablicos do Sindicato do Rio de Janeiro.<\/p>\n<p>Sobre essa reivindica\u00e7\u00e3o para que, no pr\u00f3ximo ano, os crit\u00e9rios sejam discutidos mais cedo, os representantes da Caixa se comprometeram a iniciar o debate no primeiro trimestre.<\/p>\n<h3><strong>&gt; Dados<\/strong><\/h3>\n<p>Os representantes da Caixa trouxeram informa\u00e7\u00f5es sobre as regras de distribui\u00e7\u00e3o nos \u00faltimos cinco anos:<\/p>\n<p>Em <strong>2020<\/strong>, para o 1\u00ba delta os empregados tiveram que somar no ano anterior 40 pontos na sistem\u00e1tica, cujos crit\u00e9rios foram o Programa de Controle M\u00e9dico de Sa\u00fade Ocupacional (PCMSO), frequ\u00eancia, capacita\u00e7\u00e3o, iniciativa de autodesenvolvimento e avalia\u00e7\u00e3o de compet\u00eancias. Para o 2\u00ba delta, os crit\u00e9rios foram as maiores pontua\u00e7\u00f5es na sistem\u00e1tica.<\/p>\n<p>Em <strong>2021<\/strong>, o 1\u00ba delta foi linear, ou seja, o mesmo percentual para todos. O 2\u00ba delta, por sua vez, foi entregue aos empregados com desempenho &#8220;excepcional&#8221; no ciclo do programa Gest\u00e3o de Desempenho de Pessoas (GDP), sistem\u00e1tica considerada ruim, pois o programa, introduzido na administra\u00e7\u00e3o de Pedro Guimar\u00e3es, contribuiu para o adoecimento na categoria por press\u00e3o por metas.<\/p>\n<p>Em <strong>2022<\/strong>, o 1\u00ba delta foi linear. No 2\u00ba o banco manteve o requisito pelo desempenho &#8220;excelente&#8221; no GDP.<\/p>\n<p>Finalmente, nos \u00faltimos dois anos, <strong>2023 e 2024<\/strong>, a distribui\u00e7\u00e3o foi linear. Contudo, n\u00e3o teve pagamento de 2\u00ba delta.<\/p>\n<h3><strong>&gt; Calend\u00e1rio<\/strong><\/h3>\n<p>A Caixa ficou de avaliar as reivindica\u00e7\u00f5es dos trabalhadores para que o 1\u00ba delta seja linear e para que os crit\u00e9rios do 2\u00ba delta sejam mais justos e discutidos no GT.<\/p>\n<p>A data da pr\u00f3xima reuni\u00e3o ainda ser\u00e1 avaliada e divulgada nas pr\u00f3ximas semanas.<\/p>\n<p>\u201cEstamos no limite do tempo para que a Caixa responda as reivindica\u00e7\u00f5es da categoria. O delta n\u00e3o \u00e9 apenas um dos temas mais aguardados pelos colegas, depois de terminada a campanha nacional, e sim porque mostra o quanto o banco valoriza o trabalho e a produtividade de cada empregada e empregado\u201d, conclui Chay C\u00e2ndida.<\/p>\n<p><strong>Fonte: Contraf-CUT<\/strong><\/p>\n","protected":false},"excerpt":{"rendered":"<p>O Grupo de Trabalho (GT) de Promo\u00e7\u00e3o por M\u00e9rito da Caixa Econ\u00f4mica Federal, formado pelos representantes dos trabalhadores e do banco, voltou a se reunir nesta \u00faltima segunda-feira (11) para discutir as regras e crit\u00e9rios dos &#8220;deltas&#8221;, como s\u00e3o chamadas as remunera\u00e7\u00f5es adicionais que s\u00e3o pagas conforme a evolu\u00e7\u00e3o na carreira. Apesar de na \u00faltima [&hellip;]<\/p>\n","protected":false},"author":2,"featured_media":15957,"comment_status":"","ping_status":"","sticky":false,"template":"","format":"standard","meta":{"footnotes":""},"categories":[3],"tags":[],"class_list":["post-15958","post","type-post","status-publish","format-standard","has-post-thumbnail","hentry","category-noticias"],"_links":{"self":[{"href":"https:\/\/hostnetart.com.br\/baixada\/wp-json\/wp\/v2\/posts\/15958","targetHints":{"allow":["GET"]}}],"collection":[{"href":"https:\/\/hostnetart.com.br\/baixada\/wp-json\/wp\/v2\/posts"}],"about":[{"href":"https:\/\/hostnetart.com.br\/baixada\/wp-json\/wp\/v2\/types\/post"}],"author":[{"embeddable":true,"href":"https:\/\/hostnetart.com.br\/baixada\/wp-json\/wp\/v2\/users\/2"}],"replies":[{"embeddable":true,"href":"https:\/\/hostnetart.com.br\/baixada\/wp-json\/wp\/v2\/comments?post=15958"}],"version-history":[{"count":0,"href":"https:\/\/hostnetart.com.br\/baixada\/wp-json\/wp\/v2\/posts\/15958\/revisions"}],"wp:featuredmedia":[{"embeddable":true,"href":"https:\/\/hostnetart.com.br\/baixada\/wp-json\/wp\/v2\/media\/15957"}],"wp:attachment":[{"href":"https:\/\/hostnetart.com.br\/baixada\/wp-json\/wp\/v2\/media?parent=15958"}],"wp:term":[{"taxonomy":"category","embeddable":true,"href":"https:\/\/hostnetart.com.br\/baixada\/wp-json\/wp\/v2\/categories?post=15958"},{"taxonomy":"post_tag","embeddable":true,"href":"https:\/\/hostnetart.com.br\/baixada\/wp-json\/wp\/v2\/tags?post=15958"}],"curies":[{"name":"wp","href":"https:\/\/api.w.org\/{rel}","templated":true}]}}