{"id":15952,"date":"2024-11-12T14:17:07","date_gmt":"2024-11-12T17:17:07","guid":{"rendered":"https:\/\/hostnetart.com.br\/baixada\/apos-visita-do-sindicato-agencia-do-itau-em-sao-joao-de-meriti-tem-refrigeracao-normalizada\/"},"modified":"2024-11-12T14:17:07","modified_gmt":"2024-11-12T17:17:07","slug":"apos-visita-do-sindicato-agencia-do-itau-em-sao-joao-de-meriti-tem-refrigeracao-normalizada","status":"publish","type":"post","link":"https:\/\/hostnetart.com.br\/baixada\/apos-visita-do-sindicato-agencia-do-itau-em-sao-joao-de-meriti-tem-refrigeracao-normalizada\/","title":{"rendered":"Ap\u00f3s visita do Sindicato, ag\u00eancia do Ita\u00fa em S\u00e3o Jo\u00e3o de Meriti tem refrigera\u00e7\u00e3o normalizada"},"content":{"rendered":"<p>Depois de diversas visitas do Sindicato dos Banc\u00e1rios da Baixada Fluminense \u00e0s ag\u00eancias banc\u00e1rias de S\u00e3o Jo\u00e3o de Meriti, uma boa not\u00edcia: o ar condicionado do Banco Ita\u00fa voltou a funcionar normalmente,\u00a0nesta ter\u00e7a-feira (12\/11).<\/p>\n<p>A ag\u00eancia 6031 vinha sofrendo com reiterados furtos de cabos de energia, tubula\u00e7\u00e3o e condensadora do sistema de ar condicionado, impactando no trabalho dos banc\u00e1rios, tornando o ambiente insalubre e obrigando o fechamento provis\u00f3rio do local.<\/p>\n<p>Inclusive, no \u00faltimo dia 7 de novembro, o Sindicato protocolou na 64\u00aa Delegacia Policial, um pedido onde solicita, em car\u00e1ter de urg\u00eancia, uma pronta investiga\u00e7\u00e3o sobre estes casos.<\/p>\n<p>O Sindicato continuar\u00e1 fiscalizando as condi\u00e7\u00f5es de trabalho nas ag\u00eancias e postos de trabalho banc\u00e1rio, em sua regi\u00e3o.<\/p>\n","protected":false},"excerpt":{"rendered":"<p>Depois de diversas visitas do Sindicato dos Banc\u00e1rios da Baixada Fluminense \u00e0s ag\u00eancias banc\u00e1rias de S\u00e3o Jo\u00e3o de Meriti, uma boa not\u00edcia: o ar condicionado do Banco Ita\u00fa voltou a funcionar normalmente,\u00a0nesta ter\u00e7a-feira (12\/11). A ag\u00eancia 6031 vinha sofrendo com reiterados furtos de cabos de energia, tubula\u00e7\u00e3o e condensadora do sistema de ar condicionado, impactando [&hellip;]<\/p>\n","protected":false},"author":2,"featured_media":15951,"comment_status":"","ping_status":"","sticky":false,"template":"","format":"standard","meta":{"footnotes":""},"categories":[3],"tags":[],"class_list":["post-15952","post","type-post","status-publish","format-standard","has-post-thumbnail","hentry","category-noticias"],"_links":{"self":[{"href":"https:\/\/hostnetart.com.br\/baixada\/wp-json\/wp\/v2\/posts\/15952","targetHints":{"allow":["GET"]}}],"collection":[{"href":"https:\/\/hostnetart.com.br\/baixada\/wp-json\/wp\/v2\/posts"}],"about":[{"href":"https:\/\/hostnetart.com.br\/baixada\/wp-json\/wp\/v2\/types\/post"}],"author":[{"embeddable":true,"href":"https:\/\/hostnetart.com.br\/baixada\/wp-json\/wp\/v2\/users\/2"}],"replies":[{"embeddable":true,"href":"https:\/\/hostnetart.com.br\/baixada\/wp-json\/wp\/v2\/comments?post=15952"}],"version-history":[{"count":0,"href":"https:\/\/hostnetart.com.br\/baixada\/wp-json\/wp\/v2\/posts\/15952\/revisions"}],"wp:featuredmedia":[{"embeddable":true,"href":"https:\/\/hostnetart.com.br\/baixada\/wp-json\/wp\/v2\/media\/15951"}],"wp:attachment":[{"href":"https:\/\/hostnetart.com.br\/baixada\/wp-json\/wp\/v2\/media?parent=15952"}],"wp:term":[{"taxonomy":"category","embeddable":true,"href":"https:\/\/hostnetart.com.br\/baixada\/wp-json\/wp\/v2\/categories?post=15952"},{"taxonomy":"post_tag","embeddable":true,"href":"https:\/\/hostnetart.com.br\/baixada\/wp-json\/wp\/v2\/tags?post=15952"}],"curies":[{"name":"wp","href":"https:\/\/api.w.org\/{rel}","templated":true}]}}