{"id":15936,"date":"2024-11-07T16:19:10","date_gmt":"2024-11-07T19:19:10","guid":{"rendered":"https:\/\/hostnetart.com.br\/baixada\/coordenador-geral-do-sindicato-participa-de-reuniao-do-coletivo-de-seguranca-bancaria-em-sao-paulo\/"},"modified":"2024-11-07T16:19:10","modified_gmt":"2024-11-07T19:19:10","slug":"coordenador-geral-do-sindicato-participa-de-reuniao-do-coletivo-de-seguranca-bancaria-em-sao-paulo","status":"publish","type":"post","link":"https:\/\/hostnetart.com.br\/baixada\/coordenador-geral-do-sindicato-participa-de-reuniao-do-coletivo-de-seguranca-bancaria-em-sao-paulo\/","title":{"rendered":"Coordenador Geral do Sindicato participa de reuni\u00e3o do Coletivo de Seguran\u00e7a Banc\u00e1ria em S\u00e3o Paulo"},"content":{"rendered":"<p>Nesta \u00faltima quarta-feira, 6 de novembro,\u00a0<strong>Pedro Batista<\/strong>, Coordenador do Sindicato dos Banc\u00e1rios da Baixada Fluminense, esteve presente na reuni\u00e3o do\u00a0<strong>Coletivo de Seguran\u00e7a Banc\u00e1ria<\/strong>\u00a0da Confedera\u00e7\u00e3o Nacional dos Trabalhadores do Ramo Financeiro (<strong>Contraf-CUT<\/strong>), em S\u00e3o Paulo,\u00a0para\u00a0<strong>debater<\/strong>\u00a0propostas para a\u00a0<strong>regulamenta\u00e7\u00e3o do Estatuto de Seguran\u00e7a Privada<\/strong>.<\/p>\n<p>Pedro representou a Federa\u00e7\u00e3o dos Trabalhadores do Ramo Financeiro dos Estados do Rio de Janeiro e Esp\u00edrito Santo (<strong>Fetraf RJ\/ES<\/strong>), onde \u00e9 Vice-Presidente.<\/p>\n<p>As propostas ser\u00e3o apresentadas na pr\u00f3xima reuni\u00e3o da Comiss\u00e3o Consultiva para Assuntos de Seguran\u00e7a Privada (CCASP), que ser\u00e1 realizada de 10 a 12 de dezembro, em Bras\u00edlia.<\/p>\n<p>\u201cQuem sofre com esse descaso s\u00e3o os aposentados, pensionistas e correntistas que ficam horas do lado de fora da ag\u00eancia, pois os bancos, praticamente, extinguiram os caixas, s\u00f3 dando nenhum tipo de prote\u00e7\u00e3o e cuidado para quem precisa. Triste.\u201d, comentou Pedro.<\/p>\n<p>Al\u00e9m da Contraf-CUT, a Confedera\u00e7\u00e3o Nacional dos Vigilantes tamb\u00e9m participar\u00e1 da reuni\u00e3o da CCASP.<\/p>\n<p>\u201c\u00c9 importante chegarmos organizados para esta reuni\u00e3o, pois representantes do setor patronal e da Pol\u00edcia Federal tamb\u00e9m v\u00e3o participar desta reuni\u00e3o para darmos a reda\u00e7\u00e3o final ao Estatuto de Seguran\u00e7a Privada, que j\u00e1 foi aprovado pelo Congresso Nacional\u201d, disse o coordenador do Coletivo Nacional de Seguran\u00e7a Banc\u00e1ria da Contraf-CUT, Jair Alves. \u201cNossa inten\u00e7\u00e3o \u00e9 garantir a seguran\u00e7a, a sa\u00fade e a vida dos trabalhadores e clientes dos bancos. Al\u00e9m do emprego dos vigilantes\u201d, completou Jair, ao lembrar que os bancos est\u00e3o retirando as portas de seguran\u00e7a e os vigilantes das ag\u00eancias.<\/p>\n<h2><strong>Consulta \u00e0 categoria<\/strong><\/h2>\n<p>O Coletivo de Seguran\u00e7a Banc\u00e1ria vai apresentar \u00e0 dire\u00e7\u00e3o executiva da Contraf-CUT uma proposta de Consulta Nacional \u00e0 categoria sobre o tema. \u201cNossa inten\u00e7\u00e3o \u00e9 apurar como a categoria v\u00ea a quest\u00e3o da retirada das portas de seguran\u00e7a e dos vigilantes das ag\u00eancias e qual a sensa\u00e7\u00e3o de seguran\u00e7a e condi\u00e7\u00f5es de trabalho ap\u00f3s essas medidas\u201d, explicou o coordenador do Coletivo de Seguran\u00e7a Banc\u00e1ria.<\/p>\n<h2><strong>Seguran\u00e7a em debate<\/strong><\/h2>\n<p>O Coletivo vai propor \u00e0 Contraf-CUT que, com os dados da consulta em m\u00e3os, seja realizado um semin\u00e1rio para debater a situa\u00e7\u00e3o da seguran\u00e7a banc\u00e1ria no pa\u00eds e elaborada uma revista para levar o tema \u00e0s entidades e dirigentes sindicais, \u00e0 categoria e \u00e0 sociedade como um todo.<\/p>\n<p>\u201c\u00c9 um tema que envolve a sa\u00fade, o emprego e at\u00e9 a vida das pessoas. Os bancos e demais empresas que necessitam de seguran\u00e7a privada n\u00e3o podem monopolizar as decis\u00f5es. O debate precisa ser mais amplo\u201d, defende Jair. \u201cEstamos apenas aguardando a aprova\u00e7\u00e3o da diretoria executiva da Contraf-CUT para defini\u00e7\u00e3o das datas e do cronograma da Consulta, do semin\u00e1rio e da publica\u00e7\u00e3o da revista\u201d, completou.<\/p>\n<p><img fetchpriority=\"high\" decoding=\"async\" class=\"alignnone size-full wp-image-25918\" src=\"https:\/\/fetrafrjes.org.br\/wp-content\/uploads\/2024\/11\/IMG_8405.webp\" sizes=\"(max-width: 640px) 100vw, 640px\" srcset=\"https:\/\/fetrafrjes.org.br\/wp-content\/uploads\/2024\/11\/IMG_8405.webp 640w, https:\/\/fetrafrjes.org.br\/wp-content\/uploads\/2024\/11\/IMG_8405-600x336.webp 600w\" alt=\"\" width=\"640\" height=\"358\" \/><\/p>\n<p>*<em>com informa\u00e7\u00f5es da Fetraf RJ\/ES e Contraf-CUT<\/em><\/p>\n","protected":false},"excerpt":{"rendered":"<p>Nesta \u00faltima quarta-feira, 6 de novembro,\u00a0Pedro Batista, Coordenador do Sindicato dos Banc\u00e1rios da Baixada Fluminense, esteve presente na reuni\u00e3o do\u00a0Coletivo de Seguran\u00e7a Banc\u00e1ria\u00a0da Confedera\u00e7\u00e3o Nacional dos Trabalhadores do Ramo Financeiro (Contraf-CUT), em S\u00e3o Paulo,\u00a0para\u00a0debater\u00a0propostas para a\u00a0regulamenta\u00e7\u00e3o do Estatuto de Seguran\u00e7a Privada. Pedro representou a Federa\u00e7\u00e3o dos Trabalhadores do Ramo Financeiro dos Estados do Rio de [&hellip;]<\/p>\n","protected":false},"author":2,"featured_media":15935,"comment_status":"","ping_status":"","sticky":false,"template":"","format":"standard","meta":{"footnotes":""},"categories":[3],"tags":[],"class_list":["post-15936","post","type-post","status-publish","format-standard","has-post-thumbnail","hentry","category-noticias"],"_links":{"self":[{"href":"https:\/\/hostnetart.com.br\/baixada\/wp-json\/wp\/v2\/posts\/15936","targetHints":{"allow":["GET"]}}],"collection":[{"href":"https:\/\/hostnetart.com.br\/baixada\/wp-json\/wp\/v2\/posts"}],"about":[{"href":"https:\/\/hostnetart.com.br\/baixada\/wp-json\/wp\/v2\/types\/post"}],"author":[{"embeddable":true,"href":"https:\/\/hostnetart.com.br\/baixada\/wp-json\/wp\/v2\/users\/2"}],"replies":[{"embeddable":true,"href":"https:\/\/hostnetart.com.br\/baixada\/wp-json\/wp\/v2\/comments?post=15936"}],"version-history":[{"count":0,"href":"https:\/\/hostnetart.com.br\/baixada\/wp-json\/wp\/v2\/posts\/15936\/revisions"}],"wp:featuredmedia":[{"embeddable":true,"href":"https:\/\/hostnetart.com.br\/baixada\/wp-json\/wp\/v2\/media\/15935"}],"wp:attachment":[{"href":"https:\/\/hostnetart.com.br\/baixada\/wp-json\/wp\/v2\/media?parent=15936"}],"wp:term":[{"taxonomy":"category","embeddable":true,"href":"https:\/\/hostnetart.com.br\/baixada\/wp-json\/wp\/v2\/categories?post=15936"},{"taxonomy":"post_tag","embeddable":true,"href":"https:\/\/hostnetart.com.br\/baixada\/wp-json\/wp\/v2\/tags?post=15936"}],"curies":[{"name":"wp","href":"https:\/\/api.w.org\/{rel}","templated":true}]}}