{"id":15934,"date":"2024-11-07T13:59:18","date_gmt":"2024-11-07T16:59:18","guid":{"rendered":"https:\/\/hostnetart.com.br\/baixada\/banco-central-eleva-taxa-de-juros-e-aumenta-aperto-financeiro-a-populacao-e-empresas\/"},"modified":"2024-11-07T13:59:18","modified_gmt":"2024-11-07T16:59:18","slug":"banco-central-eleva-taxa-de-juros-e-aumenta-aperto-financeiro-a-populacao-e-empresas","status":"publish","type":"post","link":"https:\/\/hostnetart.com.br\/baixada\/banco-central-eleva-taxa-de-juros-e-aumenta-aperto-financeiro-a-populacao-e-empresas\/","title":{"rendered":"Banco Central eleva taxa de juros e aumenta aperto financeiro \u00e0 popula\u00e7\u00e3o e empresas"},"content":{"rendered":"<section class=\"page-wrapper\">\n<div class=\"page-wrapper__container container\">\n<article class=\"article-content\">\n<section class=\"news-details\">\n<div class=\"news-details__body\">\n<div class=\"news-details__main-content\">\n<div class=\"news-details__main-text visible\">\n<p><a href=\"https:\/\/www.bcb.gov.br\/detalhenoticia\/20393\/nota\" target=\"_blank\" rel=\"noopener noreferrer\">Com a decis\u00e3o do Comit\u00ea de Pol\u00edtica Monet\u00e1ria (Copom)<\/a>, do Banco Central, nesta quarta-feira (6) de aumentar a j\u00e1 elevad\u00edssima taxa b\u00e1sica de juros do pa\u00eds (Selic) de 10,75% para 11,25% ao ano a entidade volta a reafirmar que s\u00e3o os rentistas da d\u00edvida p\u00fablica que determinam o \u00edndice e n\u00e3o a popula\u00e7\u00e3o.\u00a0<\/p>\n<p>O aumento de 0,5 ponto percentual (p.p.) mant\u00e9m Brasil entre os maiores pagadores da taxa b\u00e1sica real de juros do mundo (resultado da Selic menos a infla\u00e7\u00e3o): na ordem 6,5% com base na infla\u00e7\u00e3o acumulada nos \u00faltimos 12 meses.<\/p>\n<p>&#8220;As consequ\u00eancias dessa pol\u00edtica monet\u00e1ria, que vem sendo praticada pelo Banco Central nos \u00faltimos anos, s\u00e3o danos irrepar\u00e1veis ao desenvolvimento do Brasil, porque trava toda a economia. Tem impactos nas taxas de juros de todo o sistema financeiro, ou seja, aumenta o custo do dinheiro para as fam\u00edlias e empresas, aumentando tamb\u00e9m o endividamento de quem precisa de empr\u00e9stimos mas n\u00e3o consegue mais pagar, porque a taxa torna muito caro o custo do dinheiro no Brasil&#8221;, critica a presidenta da Confedera\u00e7\u00e3o Nacional dos Trabalhadores e Trabalhadoras do Ramo Financeiro (Contraf-CUT), Juvandia Moreira, entidade que faz parte de uma campanha nacional, promovida por movimentos sociais, contra a Selic elevada.<\/p>\n<p>O secret\u00e1rio de Assuntos Socioecon\u00f4micos da Contraf-CUT, Walcir Previlate, completa que o cr\u00e9dito \u00e9 uma \u201cferramenta fundamental\u201d para o desenvolvimento e crescimento econ\u00f4mico. \u201cCom essa medida, al\u00e9m de impor mais aperto financeiro para as fam\u00edlias e empresas, o Banco Central aumenta significativamente as despesas com juros para a esfera p\u00fablica. S\u00f3 em 2023, a Uni\u00e3o pagou mais de R$ 732 bilh\u00f5es com juros dos t\u00edtulos que, em sua maioria, est\u00e3o nas m\u00e3os dos grandes especuladores do mercado financeiro, que dita as decis\u00f5es do Copom. Esse montante, que acaba no bolso de poucos, \u00e9 investimento retirado de setores fundamentais para toda a popula\u00e7\u00e3o, como Educa\u00e7\u00e3o e Sa\u00fade&#8221;, completa.\u00a0<em>Veja tabela no final da mat\u00e9ria<\/em>.<\/p>\n<p>Segundo c\u00e1lculos do Departamento Intersindical de Estat\u00edstica e Estudos Socioecon\u00f4micos (Dieese), a eleva\u00e7\u00e3o de 0,5 p.p na Selic aumentar\u00e1 em R$ 26 bilh\u00f5es os gastos da Uni\u00e3o com os juros dos t\u00edtulos p\u00fablicos emitidos pelo Tesouro Nacional.<\/p>\n<h3><strong>Recorde de empresas em recupera\u00e7\u00e3o judicial<\/strong><\/h3>\n<p>Um balan\u00e7o feito pela Serasa Experian e<a href=\"https:\/\/www.estadao.com.br\/brasil\/estadao-podcasts\/noticia-no-seu-tempo-recuperacoes-judiciais-batem-recorde-juros-altos-sao-viloes\/\" target=\"_blank\" rel=\"noopener noreferrer\">\u00a0divulgado nesta semana<\/a>\u00a0revelou que o Brasil bateu recorde nos pedidos de empresas para recupera\u00e7\u00e3o judicial neste ano: 1,7 mil at\u00e9 setembro, maior n\u00famero em 19 anos e 73% a mais em rela\u00e7\u00e3o ao mesmo per\u00edodo de 2023.<\/p>\n<p>Quando perguntados sobre o principal motivo para fecharem as portas, os empres\u00e1rios apontaram os juros altos, seguido por inadimpl\u00eancia dos consumidores. \u201cOs dois motivos est\u00e3o ligados \u00e0 pol\u00edtica de aperto monet\u00e1rio praticada pelo Banco Central e que est\u00e1 causando perdas irrepar\u00e1veis para o desenvolvimento do pa\u00eds: o fechamento de empresas n\u00e3o s\u00f3 provoca demiss\u00f5es, mas tamb\u00e9m desindustrializa\u00e7\u00e3o\u201d, observa Juvandia Moreira. \u201cPrecisamos tratar isso como um crime socioecon\u00f4mico\u201d, completa.<\/p>\n<p>Sobre o principal argumento utilizado pelo Copom, de usar a Selic como \u00fanica ferramenta para inibir o consumo e, com isso, controlar a infla\u00e7\u00e3o para que atinja o centro da meta, o economista do Dieese Gustavo Cavarzan avalia que a entidade n\u00e3o deveria considerar apenas as avalia\u00e7\u00f5es do mercado.<\/p>\n<p>\u201cExiste um v\u00edcio do Copom em justificar as decis\u00f5es com base nas orienta\u00e7\u00f5es do mercado, que exagera em suas expectativas pessimistas em rela\u00e7\u00e3o \u00e0 infla\u00e7\u00e3o no pa\u00eds, na medida em que se beneficia da alta dos juros. Com isso, entramos num ciclo vicioso onde as movimenta\u00e7\u00f5es dos juros perdem rela\u00e7\u00e3o com as causas reais da infla\u00e7\u00e3o e passam a ser determinada unicamente pela vontade do mercado\u201d, pontua, acrescentado que existem outras ferramentas para o controle da infla\u00e7\u00e3o, al\u00e9m da Selic, a exemplo da recomposi\u00e7\u00e3o dos estoques reguladores de alimentos para amenizar varia\u00e7\u00f5es sazonais de pre\u00e7os.<\/p>\n<\/div>\n<\/div>\n<\/div>\n<\/section>\n<\/article>\n<div id=\"lumIId2C9580848F88EB85018F88EF653F0133\"><img fetchpriority=\"high\" decoding=\"async\" class=\"alignnone size-full wp-image-25929\" src=\"https:\/\/fetrafrjes.org.br\/wp-content\/uploads\/2024\/11\/Banco-Central-eleva-taxa-de-juros-e-aumenta-aperto-financeiro-a-populacao-e-empresas-2.jpeg\" alt=\"\" width=\"1280\" height=\"545\" \/><\/div>\n<\/div>\n<\/section>\n<p><strong>Fonte: Contraf-CUT<\/strong><\/p>\n","protected":false},"excerpt":{"rendered":"<p>Com a decis\u00e3o do Comit\u00ea de Pol\u00edtica Monet\u00e1ria (Copom), do Banco Central, nesta quarta-feira (6) de aumentar a j\u00e1 elevad\u00edssima taxa b\u00e1sica de juros do pa\u00eds (Selic) de 10,75% para 11,25% ao ano a entidade volta a reafirmar que s\u00e3o os rentistas da d\u00edvida p\u00fablica que determinam o \u00edndice e n\u00e3o a popula\u00e7\u00e3o.\u00a0 O aumento [&hellip;]<\/p>\n","protected":false},"author":2,"featured_media":15933,"comment_status":"","ping_status":"","sticky":false,"template":"","format":"standard","meta":{"footnotes":""},"categories":[3],"tags":[],"class_list":["post-15934","post","type-post","status-publish","format-standard","has-post-thumbnail","hentry","category-noticias"],"_links":{"self":[{"href":"https:\/\/hostnetart.com.br\/baixada\/wp-json\/wp\/v2\/posts\/15934","targetHints":{"allow":["GET"]}}],"collection":[{"href":"https:\/\/hostnetart.com.br\/baixada\/wp-json\/wp\/v2\/posts"}],"about":[{"href":"https:\/\/hostnetart.com.br\/baixada\/wp-json\/wp\/v2\/types\/post"}],"author":[{"embeddable":true,"href":"https:\/\/hostnetart.com.br\/baixada\/wp-json\/wp\/v2\/users\/2"}],"replies":[{"embeddable":true,"href":"https:\/\/hostnetart.com.br\/baixada\/wp-json\/wp\/v2\/comments?post=15934"}],"version-history":[{"count":0,"href":"https:\/\/hostnetart.com.br\/baixada\/wp-json\/wp\/v2\/posts\/15934\/revisions"}],"wp:featuredmedia":[{"embeddable":true,"href":"https:\/\/hostnetart.com.br\/baixada\/wp-json\/wp\/v2\/media\/15933"}],"wp:attachment":[{"href":"https:\/\/hostnetart.com.br\/baixada\/wp-json\/wp\/v2\/media?parent=15934"}],"wp:term":[{"taxonomy":"category","embeddable":true,"href":"https:\/\/hostnetart.com.br\/baixada\/wp-json\/wp\/v2\/categories?post=15934"},{"taxonomy":"post_tag","embeddable":true,"href":"https:\/\/hostnetart.com.br\/baixada\/wp-json\/wp\/v2\/tags?post=15934"}],"curies":[{"name":"wp","href":"https:\/\/api.w.org\/{rel}","templated":true}]}}