{"id":15928,"date":"2024-11-05T19:07:05","date_gmt":"2024-11-05T22:07:05","guid":{"rendered":"https:\/\/hostnetart.com.br\/baixada\/itau-lucra-r-30-5-bi-nos-primeiros-nove-meses-de-2024\/"},"modified":"2024-11-05T19:07:05","modified_gmt":"2024-11-05T22:07:05","slug":"itau-lucra-r-30-5-bi-nos-primeiros-nove-meses-de-2024","status":"publish","type":"post","link":"https:\/\/hostnetart.com.br\/baixada\/itau-lucra-r-30-5-bi-nos-primeiros-nove-meses-de-2024\/","title":{"rendered":"Ita\u00fa lucra R$ 30,5 bi nos primeiros nove meses de 2024"},"content":{"rendered":"<section class=\"page-wrapper\">\n<div class=\"page-wrapper__container container\">\n<article class=\"article-content\">\n<section class=\"news-details\">\n<div class=\"news-details__body\">\n<div class=\"news-details__main-content\">\n<div class=\"news-details__main-text visible\">\n<p>O Ita\u00fa Unibanco obteve Lucro L\u00edquido Recorrente Gerencial de R$ 30,518 bilh\u00f5es no acumulado dos nove primeiros meses de 2024, alta de 16,4% em rela\u00e7\u00e3o ao mesmo per\u00edodo de 2023. O c\u00e1lculo exclui efeitos extraordin\u00e1rios.<\/p>\n<p>Considerando apenas o terceiro trimestre, o lucro l\u00edquido gerencial foi de R$ 10,675 bilh\u00f5es, alta de 6% em\u00a0<a href=\"https:\/\/contrafcut.com.br\/noticias\/itau-unibanco-lucro-recorde-e-falta-de-respeito-aos-trabalhadores\/\" target=\"_blank\" rel=\"noopener noreferrer\">rela\u00e7\u00e3o ao trimestre imediatamente anterior<\/a>, quando o resultado recorrente foi de R$ 10,072 bilh\u00f5es. A rentabilidade (retorno recorrente consolidado sobre o Patrim\u00f4nio L\u00edquido m\u00e9dio anualizado do pa\u00eds \u2013 ROE) foi de 23,3% no per\u00edodo, com alta de 1,8 pontos percentuais (p.p.), em doze meses.<\/p>\n<p>\u201cO crescimento da margem financeira com clientes em 6,7%, somado \u00e0 alta da margem com o mercado e \u00e0 redu\u00e7\u00e3o do custo do cr\u00e9dito, explicam, em parte, o crescimento do lucro em doze meses\u201d, diz o texto de an\u00e1lise do relat\u00f3rio financeiro do banco elaborado pelo Departamento Intersindical de Estat\u00edstica e Estudos Socioecon\u00f4micos (Dieese). \u201cSoma-se a isso a alta de 7,6% nas receitas de presta\u00e7\u00e3o de servi\u00e7os e seguros e de 13,8% no resultado com previd\u00eancia e capitaliza\u00e7\u00e3o\u201d, continua o Texto do Dieese.<\/p>\n<h2><strong>Futuro sombrio<\/strong><\/h2>\n<p>\u201c\u00c9 impressionante que mesmo com estes resultados o banco ainda continue demitindo funcion\u00e1rios e fechando ag\u00eancias banc\u00e1rias\u201d, disse a coordenadora da Comiss\u00e3o de Organiza\u00e7\u00e3o dos Empregados (COE) Valeska Pincovai. \u201cOs funcion\u00e1rios que continuam empregados ficam sobrecarregados e sofrem press\u00e3o e ass\u00e9dio\u201d, acrescentou.<\/p>\n<p>Em alus\u00e3o \u00e0 mais atual campanha de publicidade do banco, Valeska observou que, \u201cj\u00e1 que o banco gosta de falar em futuro, precisamos ressaltar que n\u00e3o ser\u00e1 preciso nem a metade dos 100 anos, propalado pela campanha do banco, para que n\u00e3o haja empregos e nem ag\u00eancias f\u00edsicas para atender a popula\u00e7\u00e3o que n\u00e3o tem acesso \u00e0 internet, ou aos celulares que est\u00e3o cada vez mais caros, ou \u00e0queles que preferem ser atendidos por um ser humano\u201d, completou.<\/p>\n<p>Ao final do 3\u00ba trimestre de 2024, a holding contava com 86.863 empregados no pa\u00eds, 334 postos de trabalho a menos em doze meses. Neste mesmo per\u00edodo, foram fechadas 207 ag\u00eancias f\u00edsicas no Brasil.<\/p>\n<p>\u201cEsse \u00e9 o futuro que o banco oferece para a sociedade? Um futuro de desemprego e exclus\u00e3o social?\u201d, questiona Valeska ao observar que apenas com a receita secund\u00e1ria obtida com a presta\u00e7\u00e3o de servi\u00e7os e tarifas banc\u00e1rias, que chegou a R$ 36,7 bilh\u00f5es no terceiro trimestre, o banco consegue cobrir toda a despesa que tem com o quadro de pessoal no mesmo per\u00edodo, que foi de R$ 23 bilh\u00f5es. A receita com estas rubricas, irris\u00f3rias se comparadas com as obtidas com outras transa\u00e7\u00f5es financeiras do banco, cobre o total da despesa com o pessoal e ainda sobra 59,6% do valor.<\/p>\n<h2><strong>Carteira<\/strong><\/h2>\n<p>A carteira de cr\u00e9dito do banco cresceu 9,9% em doze meses e 1,9% no trimestre, atingindo R$ 1.278 bilh\u00e3o. As opera\u00e7\u00f5es com pessoas f\u00edsicas (PF) no pa\u00eds cresceram 4,8% em doze meses, totalizando R$ 428,1 bilh\u00f5es, com destaque para o cr\u00e9dito ve\u00edculos (+9,5%), cr\u00e9dito pessoal (+8,2%) e imobili\u00e1rio (+5,4%).<\/p>\n<p>As opera\u00e7\u00f5es com pessoa jur\u00eddica tiveram alta de 8,4% no per\u00edodo, totalizando R$ 325,8 bilh\u00f5es. Destaques para BNDES\/Repasses (+23,3%), Financiamento \u00e0 Exporta\u00e7\u00e3o\/Importa\u00e7\u00e3o (+22,4%) e Cr\u00e9dito Rural (+20,6%).<\/p>\n<p>A carteira de cr\u00e9dito para a Am\u00e9rica Latina apresentou crescimento de 8,2% em doze meses, atingindo R$ 207,9 bilh\u00f5es.<\/p>\n<p>O \u00cdndice de Inadimpl\u00eancia superior a 90 dias, no pa\u00eds, caiu 0,6 p.p. em doze meses, ficando em 2,9% no 3\u00ba trimestre do ano. As despesas com provis\u00e3o para devedores duvidosos (PDD) tamb\u00e9m apresentou queda, que foi de 13% em rela\u00e7\u00e3o ao mesmo per\u00edodo de 2023, totalizando R$ 23,9 bilh\u00f5es em setembro de 2024.<\/p>\n<p>Veja abaixo a tabela resumo do balan\u00e7o do Ita\u00fa ou, se preferir, leia a\u00a0<a href=\"https:\/\/contrafcut.lumis.com.br\/data\/files\/CD\/17\/A4\/FC\/38DF29109C9D9F29820808A8\/Destaques%20do%20Banco%20Itau_3tri2024_final.pdf\" target=\"_blank\" rel=\"noopener noreferrer\">\u00edntegra da an\u00e1lise<\/a>, ambas elaboradas pelo Dieese.<\/p>\n<p><img fetchpriority=\"high\" decoding=\"async\" class=\"alignnone size-full wp-image-25907\" src=\"https:\/\/fetrafrjes.org.br\/wp-content\/uploads\/2024\/11\/Itau-lucra-R-305-bi-nos-primeiros-nove-meses-de-2024-2.jpeg\" alt=\"\" width=\"1214\" height=\"924\" \/><\/p>\n<\/div>\n<\/div>\n<\/div>\n<\/section>\n<\/article>\n<\/div>\n<\/section>\n<section class=\"similar-news\">\n<div class=\"similar-news__container container\">\n<div class=\"similar-news__content\">\n<div class=\"default-title\">\n<p>Fonte: Contraf-CUT<\/p>\n<\/div>\n<\/div>\n<\/div>\n<\/section>\n","protected":false},"excerpt":{"rendered":"<p>O Ita\u00fa Unibanco obteve Lucro L\u00edquido Recorrente Gerencial de R$ 30,518 bilh\u00f5es no acumulado dos nove primeiros meses de 2024, alta de 16,4% em rela\u00e7\u00e3o ao mesmo per\u00edodo de 2023. O c\u00e1lculo exclui efeitos extraordin\u00e1rios. Considerando apenas o terceiro trimestre, o lucro l\u00edquido gerencial foi de R$ 10,675 bilh\u00f5es, alta de 6% em\u00a0rela\u00e7\u00e3o ao trimestre [&hellip;]<\/p>\n","protected":false},"author":2,"featured_media":15927,"comment_status":"","ping_status":"","sticky":false,"template":"","format":"standard","meta":{"footnotes":""},"categories":[3],"tags":[],"class_list":["post-15928","post","type-post","status-publish","format-standard","has-post-thumbnail","hentry","category-noticias"],"_links":{"self":[{"href":"https:\/\/hostnetart.com.br\/baixada\/wp-json\/wp\/v2\/posts\/15928","targetHints":{"allow":["GET"]}}],"collection":[{"href":"https:\/\/hostnetart.com.br\/baixada\/wp-json\/wp\/v2\/posts"}],"about":[{"href":"https:\/\/hostnetart.com.br\/baixada\/wp-json\/wp\/v2\/types\/post"}],"author":[{"embeddable":true,"href":"https:\/\/hostnetart.com.br\/baixada\/wp-json\/wp\/v2\/users\/2"}],"replies":[{"embeddable":true,"href":"https:\/\/hostnetart.com.br\/baixada\/wp-json\/wp\/v2\/comments?post=15928"}],"version-history":[{"count":0,"href":"https:\/\/hostnetart.com.br\/baixada\/wp-json\/wp\/v2\/posts\/15928\/revisions"}],"wp:featuredmedia":[{"embeddable":true,"href":"https:\/\/hostnetart.com.br\/baixada\/wp-json\/wp\/v2\/media\/15927"}],"wp:attachment":[{"href":"https:\/\/hostnetart.com.br\/baixada\/wp-json\/wp\/v2\/media?parent=15928"}],"wp:term":[{"taxonomy":"category","embeddable":true,"href":"https:\/\/hostnetart.com.br\/baixada\/wp-json\/wp\/v2\/categories?post=15928"},{"taxonomy":"post_tag","embeddable":true,"href":"https:\/\/hostnetart.com.br\/baixada\/wp-json\/wp\/v2\/tags?post=15928"}],"curies":[{"name":"wp","href":"https:\/\/api.w.org\/{rel}","templated":true}]}}