{"id":15910,"date":"2024-10-30T17:43:06","date_gmt":"2024-10-30T20:43:06","guid":{"rendered":"https:\/\/hostnetart.com.br\/baixada\/movimento-sindical-esta-acompanhando-casos-de-demissoes-no-banco-do-brasil\/"},"modified":"2024-10-30T17:43:06","modified_gmt":"2024-10-30T20:43:06","slug":"movimento-sindical-esta-acompanhando-casos-de-demissoes-no-banco-do-brasil","status":"publish","type":"post","link":"https:\/\/hostnetart.com.br\/baixada\/movimento-sindical-esta-acompanhando-casos-de-demissoes-no-banco-do-brasil\/","title":{"rendered":"Movimento Sindical est\u00e1 acompanhando casos de demiss\u00f5es no Banco do Brasil"},"content":{"rendered":"<p>A Confedera\u00e7\u00e3o Nacional dos Trabalhadores e Trabalhadoras do Ramo Financeiro (Contraf-CUT) e a Comiss\u00e3o de Empresa dos Funcion\u00e1rios do Banco do Brasil (CEBB) est\u00e3o acompanhando os casos de demiss\u00f5es por justa causa, que est\u00e3o em processo dentro do BB.\u00a0Para a representa\u00e7\u00e3o do movimento sindical, o banco informou que todos os ritos internos foram seguidos.<\/p>\n<p>\u201cEstamos acompanhando de perto para n\u00e3o haver injusti\u00e7a e qualquer a\u00e7\u00e3o, por parte do banco, que n\u00e3o siga corretamente todos os ritos internos, o que inclui o direito de ampla defesa. Caso o banc\u00e1rio tenha alguma d\u00favida, sinta-se prejudicado sobre algum procedimento, solicitamos que procure seu sindicato, onde poder\u00e1 ter apoio jur\u00eddico necess\u00e1rio\u201d, explica a coordenadora da Comiss\u00e3o de Empresa dos Funcion\u00e1rios do Banco do Brasil (CEBB) e diretora da Contraf-CUT, Fernanda Lopes.<\/p>\n<p>A entidade sindical refor\u00e7a tamb\u00e9m que, al\u00e9m do apoio jur\u00eddico aos banc\u00e1rios que est\u00e3o sendo afastados, \u00e9 contr\u00e1ria a qualquer atitude racista, homof\u00f3bica, assediadora ou que aprofunde desigualdades de g\u00eanero dentro do BB e na sociedade. \u201c\u00c9 importante que todos n\u00f3s, da categoria, estejamos atentos que esse tipo de viol\u00eancia n\u00e3o fere apenas o c\u00f3digo de \u00e9tica do BB, tamb\u00e9m se configura crime, conforme a legisla\u00e7\u00e3o do pa\u00eds\u201d, completa Fernanda Lopes.<\/p>\n<p><strong>Fonte: Contraf-CUT<\/strong><\/p>\n","protected":false},"excerpt":{"rendered":"<p>A Confedera\u00e7\u00e3o Nacional dos Trabalhadores e Trabalhadoras do Ramo Financeiro (Contraf-CUT) e a Comiss\u00e3o de Empresa dos Funcion\u00e1rios do Banco do Brasil (CEBB) est\u00e3o acompanhando os casos de demiss\u00f5es por justa causa, que est\u00e3o em processo dentro do BB.\u00a0Para a representa\u00e7\u00e3o do movimento sindical, o banco informou que todos os ritos internos foram seguidos. \u201cEstamos [&hellip;]<\/p>\n","protected":false},"author":2,"featured_media":15909,"comment_status":"","ping_status":"","sticky":false,"template":"","format":"standard","meta":{"footnotes":""},"categories":[3],"tags":[],"class_list":["post-15910","post","type-post","status-publish","format-standard","has-post-thumbnail","hentry","category-noticias"],"_links":{"self":[{"href":"https:\/\/hostnetart.com.br\/baixada\/wp-json\/wp\/v2\/posts\/15910","targetHints":{"allow":["GET"]}}],"collection":[{"href":"https:\/\/hostnetart.com.br\/baixada\/wp-json\/wp\/v2\/posts"}],"about":[{"href":"https:\/\/hostnetart.com.br\/baixada\/wp-json\/wp\/v2\/types\/post"}],"author":[{"embeddable":true,"href":"https:\/\/hostnetart.com.br\/baixada\/wp-json\/wp\/v2\/users\/2"}],"replies":[{"embeddable":true,"href":"https:\/\/hostnetart.com.br\/baixada\/wp-json\/wp\/v2\/comments?post=15910"}],"version-history":[{"count":0,"href":"https:\/\/hostnetart.com.br\/baixada\/wp-json\/wp\/v2\/posts\/15910\/revisions"}],"wp:featuredmedia":[{"embeddable":true,"href":"https:\/\/hostnetart.com.br\/baixada\/wp-json\/wp\/v2\/media\/15909"}],"wp:attachment":[{"href":"https:\/\/hostnetart.com.br\/baixada\/wp-json\/wp\/v2\/media?parent=15910"}],"wp:term":[{"taxonomy":"category","embeddable":true,"href":"https:\/\/hostnetart.com.br\/baixada\/wp-json\/wp\/v2\/categories?post=15910"},{"taxonomy":"post_tag","embeddable":true,"href":"https:\/\/hostnetart.com.br\/baixada\/wp-json\/wp\/v2\/tags?post=15910"}],"curies":[{"name":"wp","href":"https:\/\/api.w.org\/{rel}","templated":true}]}}