{"id":15904,"date":"2024-10-30T12:56:04","date_gmt":"2024-10-30T15:56:04","guid":{"rendered":"https:\/\/hostnetart.com.br\/baixada\/bndes-act-e-aprovado-com-74-dos-votos\/"},"modified":"2024-10-30T12:56:04","modified_gmt":"2024-10-30T15:56:04","slug":"bndes-act-e-aprovado-com-74-dos-votos","status":"publish","type":"post","link":"https:\/\/hostnetart.com.br\/baixada\/bndes-act-e-aprovado-com-74-dos-votos\/","title":{"rendered":"BNDES: ACT \u00e9 aprovado com 74% dos votos"},"content":{"rendered":"<\/p>\n<p>Os funcion\u00e1rios do sistema BNDES aprovaram, em assembleias realizadas nesta segunda (28) e ter\u00e7a-feira (29) pelos sindicatos dos banc\u00e1rios de Bras\u00edlia, Pernambuco, Rio de Janeiro e S\u00e3o Paulo, o Acordo Coletivo de Trabalho (ACT). Do total de votos, 74% foram pela aprova\u00e7\u00e3o do ACT. Os votos contr\u00e1rios somaram 25,57% do total. As absten\u00e7\u00f5es somaram 0,43%.<\/p>\n<p>\u201cConseguimos que o banco recuasse na tentativa de ampliar o n\u00famero de assessores externos da presid\u00eancia. Ou seja, ser\u00e1 mantido o percentual de 50% dos assessores do quadro de pessoal permanente das empresas do sistema BNDES\u201d, disse o vice-presidente da Contraf-CUT, Vin\u00edcius Assump\u00e7\u00e3o, que representa a entidade na mesa de negocia\u00e7\u00f5es com o banco. \u201cAl\u00e9m disso, houve avan\u00e7os importantes, como o aprimoramento da cl\u00e1usula de prote\u00e7\u00e3o contra a despedida arbitr\u00e1ria; a melhoria da cl\u00e1usula que trata do afastamento especial em caso de interna\u00e7\u00e3o hospitalar da m\u00e3e e\/ou do rec\u00e9m-nascido; e o compromisso com a constru\u00e7\u00e3o conjunta para a valoriza\u00e7\u00e3o da comunica\u00e7\u00e3o das empresas do sistema. Por isso, foi importante a aprova\u00e7\u00e3o\u201d, completou ao ressaltar que todos os demais direitos e conquistas hist\u00f3ricas foram preservados.<\/p>\n<p><strong>&gt;&gt;&gt;&gt;&gt;<\/strong> <a href=\"https:\/\/contrafcut.lumis.com.br\/data\/files\/B5\/93\/6C\/47\/04AD291059921929820808A8\/BNDES%20-%20Proposta%20ACT%202024-2026%20-%20vfinal.pdf\" target=\"_blank\" rel=\"noopener noreferrer\">Leia a \u00edntegra do ACT aprovado<\/a><\/p>\n<p><strong>Fonte: Contraf-CUT<\/strong><\/p>\n","protected":false},"excerpt":{"rendered":"<p>Os funcion\u00e1rios do sistema BNDES aprovaram, em assembleias realizadas nesta segunda (28) e ter\u00e7a-feira (29) pelos sindicatos dos banc\u00e1rios de Bras\u00edlia, Pernambuco, Rio de Janeiro e S\u00e3o Paulo, o Acordo Coletivo de Trabalho (ACT). Do total de votos, 74% foram pela aprova\u00e7\u00e3o do ACT. Os votos contr\u00e1rios somaram 25,57% do total. As absten\u00e7\u00f5es somaram 0,43%. [&hellip;]<\/p>\n","protected":false},"author":2,"featured_media":15903,"comment_status":"","ping_status":"","sticky":false,"template":"","format":"standard","meta":{"footnotes":""},"categories":[3],"tags":[],"class_list":["post-15904","post","type-post","status-publish","format-standard","has-post-thumbnail","hentry","category-noticias"],"_links":{"self":[{"href":"https:\/\/hostnetart.com.br\/baixada\/wp-json\/wp\/v2\/posts\/15904","targetHints":{"allow":["GET"]}}],"collection":[{"href":"https:\/\/hostnetart.com.br\/baixada\/wp-json\/wp\/v2\/posts"}],"about":[{"href":"https:\/\/hostnetart.com.br\/baixada\/wp-json\/wp\/v2\/types\/post"}],"author":[{"embeddable":true,"href":"https:\/\/hostnetart.com.br\/baixada\/wp-json\/wp\/v2\/users\/2"}],"replies":[{"embeddable":true,"href":"https:\/\/hostnetart.com.br\/baixada\/wp-json\/wp\/v2\/comments?post=15904"}],"version-history":[{"count":0,"href":"https:\/\/hostnetart.com.br\/baixada\/wp-json\/wp\/v2\/posts\/15904\/revisions"}],"wp:featuredmedia":[{"embeddable":true,"href":"https:\/\/hostnetart.com.br\/baixada\/wp-json\/wp\/v2\/media\/15903"}],"wp:attachment":[{"href":"https:\/\/hostnetart.com.br\/baixada\/wp-json\/wp\/v2\/media?parent=15904"}],"wp:term":[{"taxonomy":"category","embeddable":true,"href":"https:\/\/hostnetart.com.br\/baixada\/wp-json\/wp\/v2\/categories?post=15904"},{"taxonomy":"post_tag","embeddable":true,"href":"https:\/\/hostnetart.com.br\/baixada\/wp-json\/wp\/v2\/tags?post=15904"}],"curies":[{"name":"wp","href":"https:\/\/api.w.org\/{rel}","templated":true}]}}