{"id":15896,"date":"2024-10-25T03:31:21","date_gmt":"2024-10-25T06:31:21","guid":{"rendered":"https:\/\/hostnetart.com.br\/baixada\/jogo-de-informacoes-o-que-o-jornal-nacional-nao-te-contou-sobre-as-contas-das-estatais\/"},"modified":"2024-10-25T03:31:21","modified_gmt":"2024-10-25T06:31:21","slug":"jogo-de-informacoes-o-que-o-jornal-nacional-nao-te-contou-sobre-as-contas-das-estatais","status":"publish","type":"post","link":"https:\/\/hostnetart.com.br\/baixada\/jogo-de-informacoes-o-que-o-jornal-nacional-nao-te-contou-sobre-as-contas-das-estatais\/","title":{"rendered":"Jogo de informa\u00e7\u00f5es: o que o Jornal Nacional n\u00e3o te contou sobre as contas das estatais"},"content":{"rendered":"<\/p>\n<p>Mat\u00e9ria veiculada pela rede Globo, na edi\u00e7\u00e3o do Jornal Nacional de 22 de outubro, indicou que as estatais federais devem fechar o ano com d\u00e9ficit de R$ 3,7 bilh\u00f5es. A reportagem, entretanto, deixou de fora do grupo de cerca de 100 entidades analisadas a Petrobras, Eletrobr\u00e1s e os bancos p\u00fablicos. Em 2023, as estatais, incluindo essas empresas, tiveram resultado l\u00edquido positivo de R$ 197,9 bilh\u00f5es. Os bancos p\u00fablicos federais, sozinhos, contribu\u00edram com R$ 71 bilh\u00f5es desse montante.<\/p>\n<p>\u201c\u00c9 preocupante a divulga\u00e7\u00e3o desse tipo de mat\u00e9ria, que deixa de considerar fatores muito importantes, como as principais empresas p\u00fablicas do pa\u00eds. Com isso, gera inseguran\u00e7a na popula\u00e7\u00e3o e no mercado, tanto em rela\u00e7\u00e3o ao papel e import\u00e2ncia das estatais para a economia, concorr\u00eancia e desenvolvimento do pa\u00eds, quanto em rela\u00e7\u00e3o \u00e0 gest\u00e3o de despesas do governo\u201d, observa a presidenta da Confedera\u00e7\u00e3o Nacional dos Trabalhadores do Ramo Financeiro (Contraf-CUT) e vice-presidenta da Central \u00danica dos Trabalhadores (CUT), Juvandia Moreira.<\/p>\n<p>Outro ponto da reportagem que chamou aten\u00e7\u00e3o \u00e9 que o \u201cd\u00e9ficit\u201d est\u00e1 concentrado em poucas empresas: Emgepron (Empresa Gerencial de Projetos Navais), Correios, EMGEA, Infraero e Dataprev. Sobre essas estatais, o Minist\u00e9rio de Gest\u00e3o e Inova\u00e7\u00e3o respondeu ao Jornal Nacional que o balan\u00e7o est\u00e1 relacionado ao aumento de investimentos, como em m\u00e1quinas e tecnologias, e que n\u00e3o impactam nas despesas p\u00fablicas, porque est\u00e3o sendo arcadas com recursos das pr\u00f3prias empresas, n\u00e3o do Tesouro.<\/p>\n<p>No caso Emgepron, por exemplo, que registrou o maior d\u00e9ficit do grupo de estatais (de R$ 2,5 bilh\u00f5es), a explica\u00e7\u00e3o est\u00e1 na pol\u00edtica de defesa nacional, com os investimentos na constru\u00e7\u00e3o de navios para a Marinha.\u00a0<\/p>\n<h3><strong>Impacto das estatais para economia<\/strong><\/h3>\n<p>Al\u00e9m do resultado l\u00edquido positivo de quase R$ 200 bilh\u00f5es, em 2023, as estatais federais pagaram R$ 128,1 bilh\u00f5es aos acionistas, na forma de dividendos e juros sobre o capital pr\u00f3prio, sendo R$ 49,4 bilh\u00f5es para a Uni\u00e3o.<\/p>\n<p>\u201cEsses dados mostram a import\u00e2ncia das estatais para o desempenho econ\u00f4mico do pa\u00eds, al\u00e9m do fato de muitas estarem em setores estrat\u00e9gicos, em que \u00e9 importante atuarem para direcionar o desenvolvimento e garantir que haja o melhor ganho social poss\u00edvel\u201d, explica Juvandia Moreira. \u201dA manuten\u00e7\u00e3o e reestatiza\u00e7\u00e3o de empresas p\u00fablicas \u00e9 uma realidade em todo o mundo, inclusive nos pa\u00edses desenvolvidos\u201d, completou, lembrando que o movimento de privatiza\u00e7\u00e3o que est\u00e1 ocorrendo em alguns estados brasileiros, como no caso da Companhia de Saneamento B\u00e1sico do Estado de S\u00e3o Paulo (Sabesp), est\u00e1 na contram\u00e3o da tend\u00eancia global.<\/p>\n<p>Em 2023, a Fran\u00e7a, por exemplo, <a href=\"https:\/\/www.brasildefato.com.br\/2023\/06\/13\/franca-conclui-reestatizacao-de-sua-maior-empresa-de-energia\" target=\"_blank\" rel=\"noopener noreferrer\">concluiu a reestatiza\u00e7\u00e3o da maior empresa de energia<\/a>daquele pa\u00eds, voltando a ter 99,9% da propriedade da \u00c9lectricit\u00e9 de France (EDF). J\u00e1, segundo o Public Future, banco de dados coordenado pelo Instituto Transnacional (TNI), da Universidade de Glasgow, na Holanda, <a href=\"https:\/\/jornal.usp.br\/radio-usp\/privatizacao-da-sabesp-esta-na-contramao-da-tendencia-global\/\" target=\"_blank\" rel=\"noopener noreferrer\">cerca de 90% dos sistemas de \u00e1gua do mundo s\u00e3o de gest\u00e3o p\u00fablica<\/a>, atualmente. O trabalho revela ainda que, entre 2000 e 2019, ocorreram mais de 1.400 casos de reestatiza\u00e7\u00e3o no mundo, a maioria concentrados na Europa.<\/p>\n<h3><strong>Jogo de informa\u00e7\u00f5es<\/strong><\/h3>\n<p>\u201cComo sociedade civil, eleitores e consumidores de not\u00edcias, precisamos estar atentos ao jogo de informa\u00e7\u00f5es nas m\u00eddias\u201d, ressalta o secret\u00e1rio de Comunica\u00e7\u00e3o da Contraf-CUT, Elias Jord\u00e3o, pontuando que, ao omitir o papel das estatais na realiza\u00e7\u00e3o de investimentos importantes para a economia e para a popula\u00e7\u00e3o brasileira, a reportagem do Jornal Nacional acaba servindo ao ponto de vista do mercado, onde se concentram os maiores interessados pela privatiza\u00e7\u00e3o de companhias p\u00fablicas.<\/p>\n<p>\u201cQuando narrativas sobre piora do cen\u00e1rio fiscal como essas s\u00e3o sustentadas, voc\u00ea ajuda a justificar, inclusive, os interesses do mercado para a eleva\u00e7\u00e3o da taxa b\u00e1sica de juros no pa\u00eds, al\u00e9m, \u00e9 claro, de enfraquecer a imagem das empresas p\u00fablicas, para preparar a popula\u00e7\u00e3o para que sejam privatizadas, ou seja, deixem de ser geridas pelo Estado e passem a ser controladas pela iniciativa privada, que n\u00e3o garante boa gest\u00e3o e atendimento de qualidade, como estamos vendo hoje, em S\u00e3o Paulo, onde grande parte da popula\u00e7\u00e3o ficou por dias sem energia ap\u00f3s tempestade, porque a companhia que comprou a Eletropaulo n\u00e3o teve capacidade de reestabelecer de maneira c\u00e9lere os atendimentos\u201d, concluiu.<\/p>\n<p><b>Fonte: Contraf-CUT<\/b><\/p>\n","protected":false},"excerpt":{"rendered":"<p>Mat\u00e9ria veiculada pela rede Globo, na edi\u00e7\u00e3o do Jornal Nacional de 22 de outubro, indicou que as estatais federais devem fechar o ano com d\u00e9ficit de R$ 3,7 bilh\u00f5es. A reportagem, entretanto, deixou de fora do grupo de cerca de 100 entidades analisadas a Petrobras, Eletrobr\u00e1s e os bancos p\u00fablicos. Em 2023, as estatais, incluindo [&hellip;]<\/p>\n","protected":false},"author":2,"featured_media":15895,"comment_status":"","ping_status":"","sticky":false,"template":"","format":"standard","meta":{"footnotes":""},"categories":[3],"tags":[],"class_list":["post-15896","post","type-post","status-publish","format-standard","has-post-thumbnail","hentry","category-noticias"],"_links":{"self":[{"href":"https:\/\/hostnetart.com.br\/baixada\/wp-json\/wp\/v2\/posts\/15896","targetHints":{"allow":["GET"]}}],"collection":[{"href":"https:\/\/hostnetart.com.br\/baixada\/wp-json\/wp\/v2\/posts"}],"about":[{"href":"https:\/\/hostnetart.com.br\/baixada\/wp-json\/wp\/v2\/types\/post"}],"author":[{"embeddable":true,"href":"https:\/\/hostnetart.com.br\/baixada\/wp-json\/wp\/v2\/users\/2"}],"replies":[{"embeddable":true,"href":"https:\/\/hostnetart.com.br\/baixada\/wp-json\/wp\/v2\/comments?post=15896"}],"version-history":[{"count":0,"href":"https:\/\/hostnetart.com.br\/baixada\/wp-json\/wp\/v2\/posts\/15896\/revisions"}],"wp:featuredmedia":[{"embeddable":true,"href":"https:\/\/hostnetart.com.br\/baixada\/wp-json\/wp\/v2\/media\/15895"}],"wp:attachment":[{"href":"https:\/\/hostnetart.com.br\/baixada\/wp-json\/wp\/v2\/media?parent=15896"}],"wp:term":[{"taxonomy":"category","embeddable":true,"href":"https:\/\/hostnetart.com.br\/baixada\/wp-json\/wp\/v2\/categories?post=15896"},{"taxonomy":"post_tag","embeddable":true,"href":"https:\/\/hostnetart.com.br\/baixada\/wp-json\/wp\/v2\/tags?post=15896"}],"curies":[{"name":"wp","href":"https:\/\/api.w.org\/{rel}","templated":true}]}}