{"id":1589,"date":"2013-10-10T00:00:00","date_gmt":"2013-10-10T03:00:00","guid":{"rendered":"https:\/\/hostnetart.com.br\/baixada\/na-avaliacao-da-cut-agencia-fechada-e-culpa-dos-donos-dos-bancos\/"},"modified":"2013-10-10T00:00:00","modified_gmt":"2013-10-10T03:00:00","slug":"na-avaliacao-da-cut-agencia-fechada-e-culpa-dos-donos-dos-bancos","status":"publish","type":"post","link":"https:\/\/hostnetart.com.br\/baixada\/na-avaliacao-da-cut-agencia-fechada-e-culpa-dos-donos-dos-bancos\/","title":{"rendered":"Na avalia\u00e7\u00e3o da CUT, ag\u00eancia fechada \u00e9 culpa dos donos dos bancos"},"content":{"rendered":"<p>Ao boicotarem o di\u00e1logo e acreditarem que os trabalhadores banc\u00e1rios n\u00e3o seriam capazes de mobilizar as bases, os donos dos bancos conseguiram ampliar ainda mais a unidade. E, de quebra, ainda viram que a categoria est\u00e1 preparada para um di\u00e1logo nacional.<\/p>\n<p>\u00a0<\/p>\n<p>Essas foram as avalia\u00e7\u00f5es do presidente da Confedera\u00e7\u00e3o dos Trabalhadores do Ramo Financeiro (Contraf-CUT), Carlos Cordeiro, e da presidenta do Sindicato dos Banc\u00e1rios de S\u00e3o Paulo, Osasco e Regi\u00e3o, Juvandia Leite, sobre a greve que completou 21 dias nesta quarta-feira (9).<\/p>\n<p>\u00a0<\/p>\n<p>\u201cAchavam que n\u00e3o ter\u00edamos f\u00f4lego para aguentar uma paralisa\u00e7\u00e3o t\u00e3o longa, n\u00e3o s\u00f3 aguentamos como estamos fortalecendo a luta\u201d, destaca Cordeiro.<\/p>\n<p>\u00a0<\/p>\n<p>A paralisa\u00e7\u00e3o suspendeu nesta quarta as atividades em 12.136 ag\u00eancias, centros administrativos e call centers em todos os estados e no Distrito Federal. De acordo com a Contraf-CUT, o \u00edndice representa um crescimento de 97,5% em rela\u00e7\u00e3o ao primeiro dia e \u00e9 a maior greve dos \u00faltimos 20 anos.<\/p>\n<p>\u00a0<\/p>\n<p>\u201cO resultado dessa greve \u00e9 a retomada do di\u00e1logo, algo que \u00e9 muito importante para os trabalhadores e para a sociedade. A nossa luta \u00e9 por melhores sal\u00e1rios, condi\u00e7\u00f5es de trabalho e seguran\u00e7a para que possamos atender melhor a popula\u00e7\u00e3o. E, nesse processo de negocia\u00e7\u00e3o, a solidariedade da CUT foi fundamental\u201d, afirma Juvandia.<\/p>\n<p>\u00a0<\/p>\n<p>Como resposta \u00e0 press\u00e3o dos banc\u00e1rios e a interven\u00e7\u00e3o da CUT, a Federa\u00e7\u00e3o Nacional dos Bancos (Fenaban) finalmente resolveu agendar nova negocia\u00e7\u00e3o para esta quinta-feira (10), \u00e0s 10 horas. Em seguida, \u00e0s 12 horas, haver\u00e1 novas rodadas sobre as quest\u00f5es espec\u00edficas com o Banco do Brasil e a Caixa Econ\u00f4mica Federal e, \u00e0s 13 horas, com o Banco do Nordeste do Brasil.<\/p>\n<p>\u00a0<\/p>\n<p>O presidente da CUT, Vagner Freitas, ressaltou a import\u00e2ncia de frear a tentativa de os empres\u00e1rios emplacarem uma agenda de retirada de direitos e rebaixamento de sal\u00e1rios.<\/p>\n<p>\u00a0<\/p>\n<p>\u201cO Brasil s\u00f3 passou a distribuir renda porque elegemos um governo comprometido com os trabalhadores(as), o que tamb\u00e9m aumentou o poder de compra dos trabalhadores, resultado das lutas dos nossos sindicatos e confedera\u00e7\u00f5es. A mobiliza\u00e7\u00e3o dos banc\u00e1rios estimula as demais categorias e, por isso, a necessidade de essa greve deixar bem claro que n\u00e3o vamos abrir m\u00e3o de consolidar conquistas\u201d, disse.<\/p>\n<p>\u00a0<\/p>\n<p>\u00a0<\/p>\n<p><strong>Trabalhadores n\u00e3o v\u00e3o pagar a conta\u00a0<\/strong><\/p>\n<p>\u00a0<\/p>\n<p>De acordo com levantamento da empresa Econom\u00e1tica, divulgado em maio deste ano, das cinco empresas que mais lucraram no pa\u00eds no primeiro trimestre, tr\u00eas s\u00e3o grandes bancos.<\/p>\n<p>\u00a0<\/p>\n<p>Juntos, Ita\u00fa, Bradesco e Banco do Brasil ganharam R$ 8,948 bilh\u00f5es nos primeiros tr\u00eas meses deste ano, valores acima do que obtiveram no ano passado. Ainda assim, a \u00faltima proposta que a Fenaban apresentou foi de 7,1% de reajuste, no dia 4 de outubro, \u00edndice que equivale a 0,97% de aumento real (acima da infla\u00e7\u00e3o). Em 2012 e 2011, os aumentos foram de 1,5% e 2%, respectivamente.<\/p>\n<p>\u00a0<\/p>\n<p>Para Carlos Cordeiro, o retrocesso na tend\u00eancia de aumentos reais apresentados pelos donos dos bancos \u00e9 uma forma pressionar o governo, al\u00e9m de compensar as perdas com a pol\u00edtica de redu\u00e7\u00e3o de juros praticada pelo governo da presidenta Dilma Rousseff at\u00e9 o primeiro semestre deste ano.<\/p>\n<p>\u00a0<\/p>\n<p>\u00a0<\/p>\n<p><strong>Donos de bancos prejudicam o Brasil\u00a0<\/strong><\/p>\n<p>\u00a0<\/p>\n<p>\u00c0s v\u00e9speras do Dia das Crian\u00e7as, a Confedera\u00e7\u00e3o Nacional dos Dirigentes Lojistas (CNDL) avalia que o com\u00e9rcio pode sofrer perdas de 30% por conta da postura intransigente dos banqueiros, que ignoraram a reivindica\u00e7\u00e3o dos trabalhadores banc\u00e1rios.<\/p>\n<p>\u00a0<\/p>\n<p>Ainda de acordo com o Serasa Experian, a procura por cr\u00e9dito pelo consumidor tamb\u00e9m caiu: 9,8% em compara\u00e7\u00e3o \u00e0 setembro.<\/p>\n<p>\u00a0<\/p>\n<p>\u00a0<\/p>\n<p><strong>Mais investimento\u00a0<\/strong><\/p>\n<p>\u00a0<\/p>\n<p>Adotar uma postura inversa e praticar a responsabilidade social que os bancos tanto vendem nas campanhas publicit\u00e1rias seria fundamental para o pa\u00eds.<\/p>\n<p>\u00a0<\/p>\n<p>Segundo levantamento do Departamento Intersindical de Estat\u00edstica e Estudos Socioecon\u00f4micos (Dieese), a soma de reajustes, participa\u00e7\u00e3o nos lucros e resultados (PLR) e vales alimenta\u00e7\u00e3o e refei\u00e7\u00e3o conquistados pelos banc\u00e1rios em 2011 e 2012, injetou na economia R$ 7,197 bilh\u00f5es e R$ 7,619 bilh\u00f5es, respectivamente.<\/p>\n<p>\u00a0<\/p>\n<p>\u201cIsso representa melhora no consumo e \u00e9 fundamental para fazer a roda da economia girar\u201d, explica Juvandia.<\/p>\n<p>\u00a0<\/p>\n<p>Ao contr\u00e1rio disso, a postura dos banqueiros foi de, novamente, utilizar o interdito proibit\u00f3rio \u2013 recurso jur\u00eddico para manter os trabalhadores em greve distantes do local de trabalho \u2013 e at\u00e9 mesmo disponibilizar helic\u00f3pteros como forma de pressionar os banc\u00e1rios a furarem a greve e entrarem nas ag\u00eancias.<\/p>\n<p>\u00a0<\/p>\n<p>\u201cEstamos denunciando essas pr\u00e1ticas antissindicais \u00e0 OCDE (Organiza\u00e7\u00e3o para a Coopera\u00e7\u00e3o e Desenvolvimento Econ\u00f4mico) e \u00e0 OIT (Organiza\u00e7\u00e3o Internacional do Trabalho). Inclusive, o Santander estava demitindo trabalhadores durante a paralisa\u00e7\u00e3o\u201d, criticou Carlos Cordeiro.<\/p>\n<p>\u00a0<\/p>\n<p>\u00a0<\/p>\n<p><strong>Consci\u00eancia nacional<\/strong><\/p>\n<p>\u00a0<\/p>\n<p>O dirigente da Contraf-CUT ressalta que o caminho para enfrentar os ataques dos donos dos bancos \u00e9 manter a unidade por meio da campanha nacional capaz de enfrentar um setor extremamente organizado e poderoso financeiramente.<\/p>\n<p>\u00a0<\/p>\n<p>\u201cTer uma mesma conven\u00e7\u00e3o para bancos p\u00fablicos e privados, em todo territ\u00f3rio nacional, faz com que todos os trabalhadores da categoria tenham os mesmos direitos em todas as regi\u00f5es do pa\u00eds\u201d, salienta.<\/p>\n<p>\u00a0<\/p>\n<p>Para Carlos Cordeiro, a consci\u00eancia da popula\u00e7\u00e3o sobre a necessidade de combater a gan\u00e2ncia dos banqueiros por meio das paralisa\u00e7\u00f5es cresceu ap\u00f3s as manifesta\u00e7\u00f5es de julho. E a expectativa \u00e9 que a proposta da Fenaban, nesta quinta, represente maior respeito \u00e0 sociedade.<\/p>\n<p>\u00a0<\/p>\n<p>\u201cEsperamos que os bancos apresentem uma proposta para que possamos avan\u00e7ar. Caso contr\u00e1rio a greve continua\u201d, conclui o presidente da Contraf-CUT.<\/p>\n<p>\u00a0<\/p>\n<p>Fonte: Luiz Carvalho \u2013 CUT<\/p>\n","protected":false},"excerpt":{"rendered":"<p>Ao boicotarem o di\u00e1logo e acreditarem que os trabalhadores banc\u00e1rios n\u00e3o seriam capazes de mobilizar as bases, os donos dos bancos conseguiram ampliar ainda mais a unidade. E, de quebra, ainda viram que a categoria est\u00e1 preparada para um di\u00e1logo nacional. \u00a0 Essas foram as avalia\u00e7\u00f5es do presidente da Confedera\u00e7\u00e3o dos Trabalhadores do Ramo Financeiro [&hellip;]<\/p>\n","protected":false},"author":1,"featured_media":0,"comment_status":"","ping_status":"","sticky":false,"template":"","format":"standard","meta":{"footnotes":""},"categories":[3],"tags":[],"class_list":["post-1589","post","type-post","status-publish","format-standard","hentry","category-noticias"],"_links":{"self":[{"href":"https:\/\/hostnetart.com.br\/baixada\/wp-json\/wp\/v2\/posts\/1589","targetHints":{"allow":["GET"]}}],"collection":[{"href":"https:\/\/hostnetart.com.br\/baixada\/wp-json\/wp\/v2\/posts"}],"about":[{"href":"https:\/\/hostnetart.com.br\/baixada\/wp-json\/wp\/v2\/types\/post"}],"author":[{"embeddable":true,"href":"https:\/\/hostnetart.com.br\/baixada\/wp-json\/wp\/v2\/users\/1"}],"replies":[{"embeddable":true,"href":"https:\/\/hostnetart.com.br\/baixada\/wp-json\/wp\/v2\/comments?post=1589"}],"version-history":[{"count":0,"href":"https:\/\/hostnetart.com.br\/baixada\/wp-json\/wp\/v2\/posts\/1589\/revisions"}],"wp:attachment":[{"href":"https:\/\/hostnetart.com.br\/baixada\/wp-json\/wp\/v2\/media?parent=1589"}],"wp:term":[{"taxonomy":"category","embeddable":true,"href":"https:\/\/hostnetart.com.br\/baixada\/wp-json\/wp\/v2\/categories?post=1589"},{"taxonomy":"post_tag","embeddable":true,"href":"https:\/\/hostnetart.com.br\/baixada\/wp-json\/wp\/v2\/tags?post=1589"}],"curies":[{"name":"wp","href":"https:\/\/api.w.org\/{rel}","templated":true}]}}