{"id":15882,"date":"2024-10-17T16:41:21","date_gmt":"2024-10-17T19:41:21","guid":{"rendered":"https:\/\/hostnetart.com.br\/baixada\/almir-aguiar-participa-da-segunda-reuniao-do-comite-gestor-do-plano-juventude-negra-viva\/"},"modified":"2024-10-17T16:41:21","modified_gmt":"2024-10-17T19:41:21","slug":"almir-aguiar-participa-da-segunda-reuniao-do-comite-gestor-do-plano-juventude-negra-viva","status":"publish","type":"post","link":"https:\/\/hostnetart.com.br\/baixada\/almir-aguiar-participa-da-segunda-reuniao-do-comite-gestor-do-plano-juventude-negra-viva\/","title":{"rendered":"Almir Aguiar participa da Segunda Reuni\u00e3o do Comit\u00ea Gestor do Plano Juventude Negra Viva"},"content":{"rendered":"<p>Na \u00faltima ter\u00e7a-feira (15), o Minist\u00e9rio da Igualdade Racial (MIR) e a Secretaria Nacional de Juventude da Secretaria-Geral da Presid\u00eancia coordenaram a Segunda Reuni\u00e3o Ordin\u00e1ria do Comit\u00ea Gestor do Plano Juventude Negra Viva (PJNV). O encontro teve como objetivo apresentar e monitorar as a\u00e7\u00f5es j\u00e1 executadas pelos minist\u00e9rios que pactuaram o Plano, al\u00e9m de discutir a elabora\u00e7\u00e3o do relat\u00f3rio trimestral do PJNV.<\/p>\n<p>Durante a reuni\u00e3o, foi assinada a ata de posse do Comit\u00ea Gestor, oficializando a entrada dos novos membros. Um dos eleitos, por indica\u00e7\u00e3o da CUT Nacional, foi o secret\u00e1rio de Combate ao Racismo da Contraf-CUT, Almir Aguiar. Ele destacou a relev\u00e2ncia do Plano ao afirmar: \u201co Plano Juventude Negra Viva tem o objetivo de reduzir as vulnerabilidades que atingem a juventude negra brasileira e a viol\u00eancia letal que tem afetado esses jovens em fun\u00e7\u00e3o do racismo estrutural.\u201d<\/p>\n<p>Na ocasi\u00e3o, tamb\u00e9m foram apresentadas diversas a\u00e7\u00f5es j\u00e1 executadas pelos minist\u00e9rios, em conformidade com as diretrizes do Plano Nacional Juventude Negra Viva. Entre as iniciativas destacadas est\u00e3o a cria\u00e7\u00e3o de uma base de dados sobre viol\u00eancia institucional, elaborada pelo Minist\u00e9rio da Justi\u00e7a e Seguran\u00e7a P\u00fablica, e estudos realizados pelo Minist\u00e9rio da Sa\u00fade sobre os impactos dos Determinantes Sociais na sa\u00fade da popula\u00e7\u00e3o negra.<\/p>\n<p>Al\u00e9m de monitorar o progresso das a\u00e7\u00f5es, o encontro tamb\u00e9m abordou as estrat\u00e9gias para a ades\u00e3o de estados e munic\u00edpios ao Plano, al\u00e9m da elabora\u00e7\u00e3o do relat\u00f3rio trimestral do PJNV. \u201cO objetivo \u00e9 fazer com que esse plano tenha impacto e transforme a vida da juventude negra\u201d, refor\u00e7ou Jessy Dayane Silva, secret\u00e1ria adjunta da Secretaria Nacional de Juventude.<\/p>\n<p>Frente \u00e0 perspectiva de expans\u00e3o do PJNV, o Minist\u00e9rio da Igualdade Racial segue acompanhando e promovendo a\u00e7\u00f5es de fortalecimento e propaga\u00e7\u00e3o das metas do Plano. Em parceria com o Comit\u00ea Gestor, o MIR continuar\u00e1 a monitorar as iniciativas e dialogar com minist\u00e9rios, estados e munic\u00edpios para garantir a implementa\u00e7\u00e3o das a\u00e7\u00f5es previstas.<\/p>\n<h1><strong>Sobre o Plano Juventude Negra Viva<\/strong><\/h1>\n<p>O Plano Juventude Negra Viva (PJNV) foi elaborado em uma iniciativa conjunta entre o Minist\u00e9rio da Igualdade Racial e a Secretaria-Geral da Presid\u00eancia da Rep\u00fablica. Institu\u00eddo pelo Decreto n\u00ba 11.444, de 21 de mar\u00e7o de 2023, o Plano \u00e9 fruto do trabalho do Grupo de Trabalho Interministerial (GTI) e conta com a participa\u00e7\u00e3o de 16 minist\u00e9rios.<\/p>\n<p>O principal objetivo do PJNV \u00e9 reduzir as vulnerabilidades que afetam a juventude negra brasileira e combater a viol\u00eancia letal, frequentemente alicer\u00e7ada no racismo estrutural. O Plano possui 11 eixos de atua\u00e7\u00e3o e 217 a\u00e7\u00f5es pactuadas com 18 minist\u00e9rios, que buscam transformar a realidade de jovens negros em todo o pa\u00eds, por meio de pol\u00edticas p\u00fablicas que visam a promo\u00e7\u00e3o de direitos e a supera\u00e7\u00e3o das desigualdades raciais.<\/p>\n<p><strong>Fonte: Contraf-CUT<\/strong><\/p>\n","protected":false},"excerpt":{"rendered":"<p>Na \u00faltima ter\u00e7a-feira (15), o Minist\u00e9rio da Igualdade Racial (MIR) e a Secretaria Nacional de Juventude da Secretaria-Geral da Presid\u00eancia coordenaram a Segunda Reuni\u00e3o Ordin\u00e1ria do Comit\u00ea Gestor do Plano Juventude Negra Viva (PJNV). O encontro teve como objetivo apresentar e monitorar as a\u00e7\u00f5es j\u00e1 executadas pelos minist\u00e9rios que pactuaram o Plano, al\u00e9m de discutir [&hellip;]<\/p>\n","protected":false},"author":2,"featured_media":15881,"comment_status":"","ping_status":"","sticky":false,"template":"","format":"standard","meta":{"footnotes":""},"categories":[3],"tags":[],"class_list":["post-15882","post","type-post","status-publish","format-standard","has-post-thumbnail","hentry","category-noticias"],"_links":{"self":[{"href":"https:\/\/hostnetart.com.br\/baixada\/wp-json\/wp\/v2\/posts\/15882","targetHints":{"allow":["GET"]}}],"collection":[{"href":"https:\/\/hostnetart.com.br\/baixada\/wp-json\/wp\/v2\/posts"}],"about":[{"href":"https:\/\/hostnetart.com.br\/baixada\/wp-json\/wp\/v2\/types\/post"}],"author":[{"embeddable":true,"href":"https:\/\/hostnetart.com.br\/baixada\/wp-json\/wp\/v2\/users\/2"}],"replies":[{"embeddable":true,"href":"https:\/\/hostnetart.com.br\/baixada\/wp-json\/wp\/v2\/comments?post=15882"}],"version-history":[{"count":0,"href":"https:\/\/hostnetart.com.br\/baixada\/wp-json\/wp\/v2\/posts\/15882\/revisions"}],"wp:featuredmedia":[{"embeddable":true,"href":"https:\/\/hostnetart.com.br\/baixada\/wp-json\/wp\/v2\/media\/15881"}],"wp:attachment":[{"href":"https:\/\/hostnetart.com.br\/baixada\/wp-json\/wp\/v2\/media?parent=15882"}],"wp:term":[{"taxonomy":"category","embeddable":true,"href":"https:\/\/hostnetart.com.br\/baixada\/wp-json\/wp\/v2\/categories?post=15882"},{"taxonomy":"post_tag","embeddable":true,"href":"https:\/\/hostnetart.com.br\/baixada\/wp-json\/wp\/v2\/tags?post=15882"}],"curies":[{"name":"wp","href":"https:\/\/api.w.org\/{rel}","templated":true}]}}