{"id":15880,"date":"2024-10-17T12:34:58","date_gmt":"2024-10-17T15:34:58","guid":{"rendered":"https:\/\/hostnetart.com.br\/baixada\/nota-de-falecimento-10\/"},"modified":"2024-10-17T12:34:58","modified_gmt":"2024-10-17T15:34:58","slug":"nota-de-falecimento-10","status":"publish","type":"post","link":"https:\/\/hostnetart.com.br\/baixada\/nota-de-falecimento-10\/","title":{"rendered":"Nota de falecimento"},"content":{"rendered":"<p>\u00c9 com imenso pesar que o Sindicato dos Banc\u00e1rios da Baixada Fluminense informa o falecimento de Lucas Moreira Maggi, enteado da Coordenadora Geral, Renata Soeiro.<\/p>\n<p>Ap\u00f3s um longo per\u00edodo de resist\u00eancia e luta pela vida, Lucas, filho do ex-diretor da Federa\u00e7\u00e3o dos Trabalhadores do Ramo Financeiro dos Estados do Rio de Janeiro e Espi\u0301rito Santo (Fetraf RJ\/ES), companheiro Luiz Maggi, infelizmente faleceu.<\/p>\n<p>Lucas deixa um exemplo de for\u00e7a e resili\u00eancia. E seguir\u00e1 presente na mem\u00f3ria de todos e todas.<\/p>\n<p>O Sindicato, em nome de toda a sua diretoria, manifesta solidariedade \u00e0 fam\u00edlia e aos amigos.<\/p>\n<p>Lucas Maggi, presente! Hoje e sempre!<\/p>\n","protected":false},"excerpt":{"rendered":"<p>\u00c9 com imenso pesar que o Sindicato dos Banc\u00e1rios da Baixada Fluminense informa o falecimento de Lucas Moreira Maggi, enteado da Coordenadora Geral, Renata Soeiro. Ap\u00f3s um longo per\u00edodo de resist\u00eancia e luta pela vida, Lucas, filho do ex-diretor da Federa\u00e7\u00e3o dos Trabalhadores do Ramo Financeiro dos Estados do Rio de Janeiro e Espi\u0301rito Santo [&hellip;]<\/p>\n","protected":false},"author":2,"featured_media":15879,"comment_status":"","ping_status":"","sticky":false,"template":"","format":"standard","meta":{"footnotes":""},"categories":[3],"tags":[],"class_list":["post-15880","post","type-post","status-publish","format-standard","has-post-thumbnail","hentry","category-noticias"],"_links":{"self":[{"href":"https:\/\/hostnetart.com.br\/baixada\/wp-json\/wp\/v2\/posts\/15880","targetHints":{"allow":["GET"]}}],"collection":[{"href":"https:\/\/hostnetart.com.br\/baixada\/wp-json\/wp\/v2\/posts"}],"about":[{"href":"https:\/\/hostnetart.com.br\/baixada\/wp-json\/wp\/v2\/types\/post"}],"author":[{"embeddable":true,"href":"https:\/\/hostnetart.com.br\/baixada\/wp-json\/wp\/v2\/users\/2"}],"replies":[{"embeddable":true,"href":"https:\/\/hostnetart.com.br\/baixada\/wp-json\/wp\/v2\/comments?post=15880"}],"version-history":[{"count":0,"href":"https:\/\/hostnetart.com.br\/baixada\/wp-json\/wp\/v2\/posts\/15880\/revisions"}],"wp:featuredmedia":[{"embeddable":true,"href":"https:\/\/hostnetart.com.br\/baixada\/wp-json\/wp\/v2\/media\/15879"}],"wp:attachment":[{"href":"https:\/\/hostnetart.com.br\/baixada\/wp-json\/wp\/v2\/media?parent=15880"}],"wp:term":[{"taxonomy":"category","embeddable":true,"href":"https:\/\/hostnetart.com.br\/baixada\/wp-json\/wp\/v2\/categories?post=15880"},{"taxonomy":"post_tag","embeddable":true,"href":"https:\/\/hostnetart.com.br\/baixada\/wp-json\/wp\/v2\/tags?post=15880"}],"curies":[{"name":"wp","href":"https:\/\/api.w.org\/{rel}","templated":true}]}}