{"id":1588,"date":"2013-10-10T00:00:00","date_gmt":"2013-10-10T03:00:00","guid":{"rendered":"https:\/\/hostnetart.com.br\/baixada\/greve-nacional-dos-bancarios-cresce-e-fecha-12-136-agencias-no-21-dia\/"},"modified":"2013-10-10T00:00:00","modified_gmt":"2013-10-10T03:00:00","slug":"greve-nacional-dos-bancarios-cresce-e-fecha-12-136-agencias-no-21-dia","status":"publish","type":"post","link":"https:\/\/hostnetart.com.br\/baixada\/greve-nacional-dos-bancarios-cresce-e-fecha-12-136-agencias-no-21-dia\/","title":{"rendered":"Greve nacional dos banc\u00e1rios cresce e fecha 12.136 ag\u00eancias no 21\u00ba dia"},"content":{"rendered":"<p>Como vem acontecendo dia ap\u00f3s dia desde a deflagra\u00e7\u00e3o do movimento, em 19 de setembro, a greve nacional dos banc\u00e1rios cresceu novamente nesta quarta-feira 9 em que a categoria arrancou da Fenaban uma nova rodada de negocia\u00e7\u00e3o com o Comando Nacional, amanh\u00e3, \u00e0s 10h, em S\u00e3o Paulo.<\/p>\n<p>\u00a0<\/p>\n<p>No 21\u00ba dia da greve, foram fechados 12.136 ag\u00eancias, centros administrativos e call centers de bancos privados e p\u00fablicos, nos 26 estados e no Distrito Federal. \u00c9 um crescimento de 97,5% em rela\u00e7\u00e3o ao \u00edndice de paralisa\u00e7\u00e3o do primeiro dia, quando 6.145 unidades foram fechadas.<\/p>\n<p>\u00a0<\/p>\n<p>\u201cFoi essa extraordin\u00e1ria capacidade de mobiliza\u00e7\u00e3o dos banc\u00e1rios, que est\u00e3o fazendo a maior greve dos \u00faltimos 20 anos, que levou a Fenaban a marcar uma nova rodada de negocia\u00e7\u00e3o nesta quinta-feira, dia 10. Esperamos que desta vez os bancos apresentem uma proposta que contemple as reivindica\u00e7\u00f5es econ\u00f4micas e sociais da categoria\u201d, afirma Carlos Cordeiro, presidente da Contraf-CUT e coordenador do Comando Nacional dos Banc\u00e1rios.<\/p>\n<p>\u00a0<\/p>\n<p>A retomada das negocia\u00e7\u00f5es acontece \u00e0s 10h, no hotel Maksoud Plaza, em S\u00e3o Paulo. Ao meio-dia, no mesmo local, o Comando Nacional tamb\u00e9m volta a negociar as reivindica\u00e7\u00f5es espec\u00edficas com os representantes do Banco do Brasil e da Caixa Econ\u00f4mica Federal. E \u00e0s 13h haver\u00e1 nova rodada com o Banco do Nordeste do Brasil (BNB), tamb\u00e9m na capital paulista.<\/p>\n<p>\u00a0<\/p>\n<p>\u00a0<\/p>\n<p><strong>O que os banc\u00e1rios querem<\/strong><\/p>\n<p>\u00a0<\/p>\n<p>&gt; Reajuste salarial de 11,93% (5% de aumento real al\u00e9m da infla\u00e7\u00e3o)<\/p>\n<p>&gt; PLR: tr\u00eas sal\u00e1rios mais R$ 5.553,15.<\/p>\n<p>&gt; Piso: R$ 2.860,21 (sal\u00e1rio m\u00ednimo do Dieese).<\/p>\n<p>&gt; Aux\u00edlios alimenta\u00e7\u00e3o, refei\u00e7\u00e3o, 13\u00aa cesta e aux\u00edlio-creche\/bab\u00e1: R$ 678 ao m\u00eas para cada (sal\u00e1rio m\u00ednimo nacional).<\/p>\n<p>&gt; Melhores condi\u00e7\u00f5es de trabalho, com o fim das metas abusivas e do ass\u00e9dio moral que adoece os banc\u00e1rios.<\/p>\n<p>&gt; Emprego: fim das demiss\u00f5es, mais contrata\u00e7\u00f5es, aumento da inclus\u00e3o banc\u00e1ria, combate \u00e0s terceiriza\u00e7\u00f5es, especialmente ao PL 4330 que precariza as condi\u00e7\u00f5es de trabalho, al\u00e9m da aplica\u00e7\u00e3o da Conven\u00e7\u00e3o 158 da OIT, que pro\u00edbe as dispensas imotivadas.<\/p>\n<p>&gt; Plano de Cargos, Carreiras e Sal\u00e1rios (PCCS) para todos os banc\u00e1rios.<\/p>\n<p>&gt; Aux\u00edlio-educa\u00e7\u00e3o: pagamento para gradua\u00e7\u00e3o e p\u00f3s-gradua\u00e7\u00e3o.<\/p>\n<p>&gt; Preven\u00e7\u00e3o contra assaltos e sequestros, com o fim da guarda das chaves de cofres e ag\u00eancias por banc\u00e1rios.<\/p>\n<p>&gt; Igualdade de oportunidades para banc\u00e1rios e banc\u00e1rias, com a contrata\u00e7\u00e3o de pelo menos 20% de negros e negras.<\/p>\n<p>\u00a0<\/p>\n<p>Fonte: Contraf-CUT<\/p>\n","protected":false},"excerpt":{"rendered":"<p>Como vem acontecendo dia ap\u00f3s dia desde a deflagra\u00e7\u00e3o do movimento, em 19 de setembro, a greve nacional dos banc\u00e1rios cresceu novamente nesta quarta-feira 9 em que a categoria arrancou da Fenaban uma nova rodada de negocia\u00e7\u00e3o com o Comando Nacional, amanh\u00e3, \u00e0s 10h, em S\u00e3o Paulo. \u00a0 No 21\u00ba dia da greve, foram fechados [&hellip;]<\/p>\n","protected":false},"author":1,"featured_media":0,"comment_status":"","ping_status":"","sticky":false,"template":"","format":"standard","meta":{"footnotes":""},"categories":[3],"tags":[],"class_list":["post-1588","post","type-post","status-publish","format-standard","hentry","category-noticias"],"_links":{"self":[{"href":"https:\/\/hostnetart.com.br\/baixada\/wp-json\/wp\/v2\/posts\/1588","targetHints":{"allow":["GET"]}}],"collection":[{"href":"https:\/\/hostnetart.com.br\/baixada\/wp-json\/wp\/v2\/posts"}],"about":[{"href":"https:\/\/hostnetart.com.br\/baixada\/wp-json\/wp\/v2\/types\/post"}],"author":[{"embeddable":true,"href":"https:\/\/hostnetart.com.br\/baixada\/wp-json\/wp\/v2\/users\/1"}],"replies":[{"embeddable":true,"href":"https:\/\/hostnetart.com.br\/baixada\/wp-json\/wp\/v2\/comments?post=1588"}],"version-history":[{"count":0,"href":"https:\/\/hostnetart.com.br\/baixada\/wp-json\/wp\/v2\/posts\/1588\/revisions"}],"wp:attachment":[{"href":"https:\/\/hostnetart.com.br\/baixada\/wp-json\/wp\/v2\/media?parent=1588"}],"wp:term":[{"taxonomy":"category","embeddable":true,"href":"https:\/\/hostnetart.com.br\/baixada\/wp-json\/wp\/v2\/categories?post=1588"},{"taxonomy":"post_tag","embeddable":true,"href":"https:\/\/hostnetart.com.br\/baixada\/wp-json\/wp\/v2\/tags?post=1588"}],"curies":[{"name":"wp","href":"https:\/\/api.w.org\/{rel}","templated":true}]}}