{"id":15874,"date":"2024-10-15T12:26:46","date_gmt":"2024-10-15T15:26:46","guid":{"rendered":"https:\/\/hostnetart.com.br\/baixada\/bndes-84-aprovaram-act-de-plr\/"},"modified":"2024-10-15T12:26:46","modified_gmt":"2024-10-15T15:26:46","slug":"bndes-84-aprovaram-act-de-plr","status":"publish","type":"post","link":"https:\/\/hostnetart.com.br\/baixada\/bndes-84-aprovaram-act-de-plr\/","title":{"rendered":"BNDES: 84% aprovaram ACT de PLR"},"content":{"rendered":"<\/p>\n<p>Os sindicatos dos banc\u00e1rios de Bras\u00edlia, Pernambuco, Rio de Janeiro e S\u00e3o Paulo realizaram, na \u00faltima sexta-feira (11\/10), assembleias para que os funcion\u00e1rios do sistema BNDES deliberassem sobre o Acordo Coletivo de Trabalho (ACT) que define as bases da Participa\u00e7\u00e3o nos Lucros ou Resultados (PLR). O acordo foi aprovado por 84,08% dos votos. Os votos contr\u00e1rios ao acordo somam 15,19% dos votos e 0,73% se abstiveram.<\/p>\n<p>\u201cGarantimos a distribui\u00e7\u00e3o de tr\u00eas sal\u00e1rios-base de forma linear para cada funcion\u00e1rio\u201d, disse o vice-presidente da Contraf-CUT, Vin\u00edcius Assump\u00e7\u00e3o, que representa a entidade na mesa de negocia\u00e7\u00f5es com o banco. \u201cMas precisamos avan\u00e7ar no debate com o banco sobre os crit\u00e9rios e a forma de c\u00e1lculo do valor a ser pago, pois vemos que ele \u00e9 condicionado ao cumprimento de metas e avaliamos que precisa ser mais voltado para o lucro final do banco, para que seja realmente uma participa\u00e7\u00e3o no lucro\u201d, completou.<\/p>\n<h2><strong>Outr<\/strong><strong>as negocia\u00e7\u00f5es<\/strong><\/h2>\n<p>O Acordo da Jornada de Trabalho (AJT) j\u00e1 havia sido <a href=\"https:\/\/contrafcut.lumis.com.br\/noticias\/bndes-ajt-e-aprovado-com-93-dos-votos\/\" target=\"_blank\" rel=\"noopener noreferrer\">aprovado no dia 27 de setembro<\/a>. O ACT Geral ainda est\u00e1 em negocia\u00e7\u00e3o. \u201cAinda restam alguns pontos que precisam ser melhorados em mesa de negocia\u00e7\u00e3o antes de ser debatido e colocado para a delibera\u00e7\u00e3o dos funcion\u00e1rios\u201d, disse o dirigente da Contraf-CUT.<\/p>\n<h2><strong>Sistema BNDES<\/strong><\/h2>\n<p>Al\u00e9m do Banco Nacional de Desenvolvimento Econ\u00f4mico e Social, as subsidi\u00e1rias de fomento de investimentos imobili\u00e1rio (BNDESPAR) e de financiamento \u00e0 produ\u00e7\u00e3o e comercializa\u00e7\u00e3o de m\u00e1quinas e equipamentos (Finame) fazem parte do Sistema BNDES.<\/p>\n<p><b>Fonte: Contraf-CUT<\/b><\/p>\n","protected":false},"excerpt":{"rendered":"<p>Os sindicatos dos banc\u00e1rios de Bras\u00edlia, Pernambuco, Rio de Janeiro e S\u00e3o Paulo realizaram, na \u00faltima sexta-feira (11\/10), assembleias para que os funcion\u00e1rios do sistema BNDES deliberassem sobre o Acordo Coletivo de Trabalho (ACT) que define as bases da Participa\u00e7\u00e3o nos Lucros ou Resultados (PLR). O acordo foi aprovado por 84,08% dos votos. Os votos [&hellip;]<\/p>\n","protected":false},"author":2,"featured_media":15873,"comment_status":"","ping_status":"","sticky":false,"template":"","format":"standard","meta":{"footnotes":""},"categories":[3],"tags":[],"class_list":["post-15874","post","type-post","status-publish","format-standard","has-post-thumbnail","hentry","category-noticias"],"_links":{"self":[{"href":"https:\/\/hostnetart.com.br\/baixada\/wp-json\/wp\/v2\/posts\/15874","targetHints":{"allow":["GET"]}}],"collection":[{"href":"https:\/\/hostnetart.com.br\/baixada\/wp-json\/wp\/v2\/posts"}],"about":[{"href":"https:\/\/hostnetart.com.br\/baixada\/wp-json\/wp\/v2\/types\/post"}],"author":[{"embeddable":true,"href":"https:\/\/hostnetart.com.br\/baixada\/wp-json\/wp\/v2\/users\/2"}],"replies":[{"embeddable":true,"href":"https:\/\/hostnetart.com.br\/baixada\/wp-json\/wp\/v2\/comments?post=15874"}],"version-history":[{"count":0,"href":"https:\/\/hostnetart.com.br\/baixada\/wp-json\/wp\/v2\/posts\/15874\/revisions"}],"wp:featuredmedia":[{"embeddable":true,"href":"https:\/\/hostnetart.com.br\/baixada\/wp-json\/wp\/v2\/media\/15873"}],"wp:attachment":[{"href":"https:\/\/hostnetart.com.br\/baixada\/wp-json\/wp\/v2\/media?parent=15874"}],"wp:term":[{"taxonomy":"category","embeddable":true,"href":"https:\/\/hostnetart.com.br\/baixada\/wp-json\/wp\/v2\/categories?post=15874"},{"taxonomy":"post_tag","embeddable":true,"href":"https:\/\/hostnetart.com.br\/baixada\/wp-json\/wp\/v2\/tags?post=15874"}],"curies":[{"name":"wp","href":"https:\/\/api.w.org\/{rel}","templated":true}]}}