{"id":15872,"date":"2024-10-15T12:25:18","date_gmt":"2024-10-15T15:25:18","guid":{"rendered":"https:\/\/hostnetart.com.br\/baixada\/caixa-negociacao-sobre-promocao-por-merito-ocorre-nesta-terca-15\/"},"modified":"2024-10-15T12:25:18","modified_gmt":"2024-10-15T15:25:18","slug":"caixa-negociacao-sobre-promocao-por-merito-ocorre-nesta-terca-15","status":"publish","type":"post","link":"https:\/\/hostnetart.com.br\/baixada\/caixa-negociacao-sobre-promocao-por-merito-ocorre-nesta-terca-15\/","title":{"rendered":"Caixa: negocia\u00e7\u00e3o sobre promo\u00e7\u00e3o por m\u00e9rito ocorre nesta ter\u00e7a (15)"},"content":{"rendered":"<\/p>\n<p>A Comiss\u00e3o Executiva dos Empregados (CEE) da Caixa Econ\u00f4mica Federal se re\u00fane com o banco, nesta ter\u00e7a-feira, 15 de outubro, para iniciar a negocia\u00e7\u00e3o sobre os crit\u00e9rios de pagamento dos deltas referentes \u00e0 promo\u00e7\u00e3o por m\u00e9rito.<\/p>\n<p>Para a diretora executiva da Confedera\u00e7\u00e3o Nacional dos Trabalhadores do Ramo Financeiro (Contraf-CUT) e coordenadora da CEE, Eliana Brasil, o delta \u00e9 um instrumento de valoriza\u00e7\u00e3o dos empregados. \u201cAs tarefas desempenhadas pelas empregadas e empregados na execu\u00e7\u00e3o de pol\u00edticas sociais do governo federal precisam ser consideradas na defini\u00e7\u00e3o dos crit\u00e9rios de pagamento dos deltas, n\u00e3o apenas as atividades comerciais do banco\u201d, observou. \u201cE, como todos trabalham para que o banco cumpra suas miss\u00f5es, todos devem ser reconhecidos\u201d, disse.<\/p>\n<p><b>Fonte: Contraf-CUT<\/b><\/p>\n","protected":false},"excerpt":{"rendered":"<p>A Comiss\u00e3o Executiva dos Empregados (CEE) da Caixa Econ\u00f4mica Federal se re\u00fane com o banco, nesta ter\u00e7a-feira, 15 de outubro, para iniciar a negocia\u00e7\u00e3o sobre os crit\u00e9rios de pagamento dos deltas referentes \u00e0 promo\u00e7\u00e3o por m\u00e9rito. Para a diretora executiva da Confedera\u00e7\u00e3o Nacional dos Trabalhadores do Ramo Financeiro (Contraf-CUT) e coordenadora da CEE, Eliana Brasil, [&hellip;]<\/p>\n","protected":false},"author":2,"featured_media":15871,"comment_status":"","ping_status":"","sticky":false,"template":"","format":"standard","meta":{"footnotes":""},"categories":[3],"tags":[],"class_list":["post-15872","post","type-post","status-publish","format-standard","has-post-thumbnail","hentry","category-noticias"],"_links":{"self":[{"href":"https:\/\/hostnetart.com.br\/baixada\/wp-json\/wp\/v2\/posts\/15872","targetHints":{"allow":["GET"]}}],"collection":[{"href":"https:\/\/hostnetart.com.br\/baixada\/wp-json\/wp\/v2\/posts"}],"about":[{"href":"https:\/\/hostnetart.com.br\/baixada\/wp-json\/wp\/v2\/types\/post"}],"author":[{"embeddable":true,"href":"https:\/\/hostnetart.com.br\/baixada\/wp-json\/wp\/v2\/users\/2"}],"replies":[{"embeddable":true,"href":"https:\/\/hostnetart.com.br\/baixada\/wp-json\/wp\/v2\/comments?post=15872"}],"version-history":[{"count":0,"href":"https:\/\/hostnetart.com.br\/baixada\/wp-json\/wp\/v2\/posts\/15872\/revisions"}],"wp:featuredmedia":[{"embeddable":true,"href":"https:\/\/hostnetart.com.br\/baixada\/wp-json\/wp\/v2\/media\/15871"}],"wp:attachment":[{"href":"https:\/\/hostnetart.com.br\/baixada\/wp-json\/wp\/v2\/media?parent=15872"}],"wp:term":[{"taxonomy":"category","embeddable":true,"href":"https:\/\/hostnetart.com.br\/baixada\/wp-json\/wp\/v2\/categories?post=15872"},{"taxonomy":"post_tag","embeddable":true,"href":"https:\/\/hostnetart.com.br\/baixada\/wp-json\/wp\/v2\/tags?post=15872"}],"curies":[{"name":"wp","href":"https:\/\/api.w.org\/{rel}","templated":true}]}}