{"id":15868,"date":"2024-10-11T19:58:09","date_gmt":"2024-10-11T22:58:09","guid":{"rendered":"https:\/\/hostnetart.com.br\/baixada\/mais-uma-funcionaria-do-itau-e-reintegrada-pelo-sindicato-dos-bancarios-da-baixada-fluminense-2\/"},"modified":"2024-10-11T19:58:09","modified_gmt":"2024-10-11T22:58:09","slug":"mais-uma-funcionaria-do-itau-e-reintegrada-pelo-sindicato-dos-bancarios-da-baixada-fluminense-2","status":"publish","type":"post","link":"https:\/\/hostnetart.com.br\/baixada\/mais-uma-funcionaria-do-itau-e-reintegrada-pelo-sindicato-dos-bancarios-da-baixada-fluminense-2\/","title":{"rendered":"Mais uma funcion\u00e1ria do Ita\u00fa \u00e9 reintegrada pelo Sindicato dos Banc\u00e1rios da Baixada Fluminense"},"content":{"rendered":"<p>Boa not\u00edcia para encerrar a semana!<\/p>\n<p>Nesta \u00faltima quinta-feira, 10 de outubro, o Sindicato dos Banc\u00e1rios da Baixada Fluminense reintegrou mais uma funcion\u00e1ria do Banco Ita\u00fa.<\/p>\n<p>Shirley dos Santos Silva \u00e9 portadora de doen\u00e7a ocupacional e estava em processo de reabilita\u00e7\u00e3o profissional, que \u00e9 o programa adotado pelo Instituto Nacional do Seguro Social (INSS), para permitir que o trabalhador que recebe o aux\u00edlio-doen\u00e7a, e est\u00e1 impossibilitado de realizar as suas atividades habituais, volte a exercer sua fun\u00e7\u00e3o laboral de forma adaptada.<\/p>\n<p>Dessa forma, o Juiz julgou procedente os pedidos e determinou a imediata reintegra\u00e7\u00e3o da banc\u00e1ria, bem como condenou o banco ao pagamento de sal\u00e1rios vencidos e uma indeniza\u00e7\u00e3o por dano moral, em raz\u00e3o da natureza grav\u00edssima da dignidade da trabalhadora.<\/p>\n<p>Ap\u00f3s sua demiss\u00e3o, a banc\u00e1ria, que \u00e9 sindicalizada, procurou atendimento no Sindicato dos Banc\u00e1rios da Baixada Fluminense, onde foi prontamente atendida pelo Departamento Jur\u00eddico, atrav\u00e9s do advogado Luiz Paulo, do Escrit\u00f3rio Baptista &amp; Reis Advogados Associados, e pelo Departamento de Sa\u00fade.<\/p>\n<p>A reintegra\u00e7\u00e3o foi acompanhada pelos diretores Jos\u00e9 La\u00e9rcio,\u00a0Roberto Domingos, Claudio Leite Leal, Solange Ribeiro, Gentil Ramos e Rosangela Gon\u00e7alves.<\/p>\n<p><strong>IMPORTANTE<\/strong><\/p>\n<p>\u00c9 fundamental que banc\u00e1rias e banc\u00e1rios, logo que sejam informados de suas demiss\u00f5es, procurem imediatamente atendimento no Sindicato.<\/p>\n<p><b>ATENDIMENTO JUR\u00cdDICO PRESENCIAL<\/b><\/p>\n<p>Nova Igua\u00e7u\u00a0&#8211; \u00e0s\u00a0<em><strong>ter\u00e7as-feiras<\/strong><\/em>, das 11 horas <span dir=\"ltr\">\u00e0 13 horas<\/span>e das 14 horas \u00e0s 17 horas (telefone: <span dir=\"ltr\"><a href=\"tel:21 \/ 2658-8041\">21 \/ 2658-8041<\/a><\/span>)<\/p>\n<p>Duque de Caxias\u00a0&#8211; \u00e0s\u00a0<strong><em>quintas-feiras<\/em><\/strong>, das 10 horas \u00e0s 13 horas (telefone: <span dir=\"ltr\"><a href=\"tel:21 \/ 26710-110\">21 \/ 26710-110<\/a><\/span>)<\/p>\n<p><b>SINDICALIZE-SE!<\/b><\/p>\n","protected":false},"excerpt":{"rendered":"<p>Boa not\u00edcia para encerrar a semana! Nesta \u00faltima quinta-feira, 10 de outubro, o Sindicato dos Banc\u00e1rios da Baixada Fluminense reintegrou mais uma funcion\u00e1ria do Banco Ita\u00fa. Shirley dos Santos Silva \u00e9 portadora de doen\u00e7a ocupacional e estava em processo de reabilita\u00e7\u00e3o profissional, que \u00e9 o programa adotado pelo Instituto Nacional do Seguro Social (INSS), para [&hellip;]<\/p>\n","protected":false},"author":2,"featured_media":15867,"comment_status":"","ping_status":"","sticky":false,"template":"","format":"standard","meta":{"footnotes":""},"categories":[3],"tags":[],"class_list":["post-15868","post","type-post","status-publish","format-standard","has-post-thumbnail","hentry","category-noticias"],"_links":{"self":[{"href":"https:\/\/hostnetart.com.br\/baixada\/wp-json\/wp\/v2\/posts\/15868","targetHints":{"allow":["GET"]}}],"collection":[{"href":"https:\/\/hostnetart.com.br\/baixada\/wp-json\/wp\/v2\/posts"}],"about":[{"href":"https:\/\/hostnetart.com.br\/baixada\/wp-json\/wp\/v2\/types\/post"}],"author":[{"embeddable":true,"href":"https:\/\/hostnetart.com.br\/baixada\/wp-json\/wp\/v2\/users\/2"}],"replies":[{"embeddable":true,"href":"https:\/\/hostnetart.com.br\/baixada\/wp-json\/wp\/v2\/comments?post=15868"}],"version-history":[{"count":0,"href":"https:\/\/hostnetart.com.br\/baixada\/wp-json\/wp\/v2\/posts\/15868\/revisions"}],"wp:featuredmedia":[{"embeddable":true,"href":"https:\/\/hostnetart.com.br\/baixada\/wp-json\/wp\/v2\/media\/15867"}],"wp:attachment":[{"href":"https:\/\/hostnetart.com.br\/baixada\/wp-json\/wp\/v2\/media?parent=15868"}],"wp:term":[{"taxonomy":"category","embeddable":true,"href":"https:\/\/hostnetart.com.br\/baixada\/wp-json\/wp\/v2\/categories?post=15868"},{"taxonomy":"post_tag","embeddable":true,"href":"https:\/\/hostnetart.com.br\/baixada\/wp-json\/wp\/v2\/tags?post=15868"}],"curies":[{"name":"wp","href":"https:\/\/api.w.org\/{rel}","templated":true}]}}