{"id":15864,"date":"2024-10-11T12:41:52","date_gmt":"2024-10-11T15:41:52","guid":{"rendered":"https:\/\/hostnetart.com.br\/baixada\/bancario-aposentado-e-eleito-vereador-em-nova-friburgo\/"},"modified":"2024-10-11T12:41:52","modified_gmt":"2024-10-11T15:41:52","slug":"bancario-aposentado-e-eleito-vereador-em-nova-friburgo","status":"publish","type":"post","link":"https:\/\/hostnetart.com.br\/baixada\/bancario-aposentado-e-eleito-vereador-em-nova-friburgo\/","title":{"rendered":"Banc\u00e1rio aposentado \u00e9 eleito Vereador em Nova Friburgo"},"content":{"rendered":"<\/p>\n<p>As banc\u00e1rias e banc\u00e1rios estar\u00e3o representados na C\u00e2mara Municipal de Nova Friburgo!<\/p>\n<p>No \u00faltimo domingo, 6 de outubro, foi <strong>eleito para Vereador<\/strong> pelo PT, na coliga\u00e7\u00e3o Federa\u00e7\u00e3o, o companheiro <strong>Cl\u00e1udio Dami\u00e3o<\/strong> Santos Pereira, trabalhador aposentado do Banco Ita\u00fa, ex-presidente do <strong>Sindicato dos Banc\u00e1rios de Nova Friburgo<\/strong> e Regi\u00e3o (1996 at\u00e9 2008) e ex-diretor da Federa\u00e7\u00e3o dos Trabalhadores do Ramo Financeiro dos Estados do Rio de Janeiro e Esp\u00edrito Santo (<strong>Fetraf RJ\/ES<\/strong>), de onde se licenciou em 2008, quando assumiu o mandato de Vereador.<\/p>\n<p>O Presidente da Fetraf RJ\/ES, <strong>Nilton Esperan\u00e7a<\/strong>, comemorou o resultado.<\/p>\n<p>\u201cConhe\u00e7o o Cl\u00e1udio h\u00e1 bastante tempo e sei que sua elei\u00e7\u00e3o foi fruto de muito trabalho. E, nada mais \u00e9, do que o reconhecimento da luta que o companheiro teve durante toda sua trajet\u00f3ria, defendendo os direitos dos trabalhadores e de quem mais precisa. Tenho a certeza de que ser\u00e1 um \u00f3timo mandato, um mandato popular\u201d, declarou Nilton.<\/p>\n<p>E completou. \u201cTemos que nos conscientizar de que precisamos, sempre, eleger os verdadeiros representantes dos trabalhadores e do povo, em geral. O executivo n\u00e3o consegue atuar de maneira isenta, sem a participa\u00e7\u00e3o do legislativo. Por isso, essa \u00e9 a responsabilidade que temos que ter, tanto nas elei\u00e7\u00f5es municipais, estaduais, e na elei\u00e7\u00e3o para presidente.\u201d<\/p>\n<p>Ser\u00e1 o terceiro mandato de Cl\u00e1udio Dami\u00e3o, que tem 64 anos de idade e j\u00e1 atuou na C\u00e2mara de Vereadores de Nova Friburgo, entre 2019 e 2016.<\/p>\n<p>Cl\u00e1udio tamb\u00e9m concorreu a Vice-Prefeito nas elei\u00e7\u00f5es de 2016, na chapa com o ent\u00e3o Deputado Glauber Braga, quando ficaram em segundo lugar. Em 2020 concorreu ao cargo de Prefeito, n\u00e3o sendo eleito.<\/p>\n<p>Em seus mandatos, diversas foram as pautas e prioridades, onde atuou em v\u00e1rias frentes, como sendo o autor e presidente da CPI da Trag\u00e9dia, em 2011.<\/p>\n<p>Al\u00e9m disso, foi autor de leis importantes tais como: a que ampliou em mais 60 dias a licen\u00e7a maternidade das servidoras municipais; que estabeleceu elei\u00e7\u00e3o para diretores das escolas municipais; que criou a Comiss\u00e3o de Defesa dos Direitos das Mulheres da C\u00e2mara Municipal; a medalha Mulher Cidad\u00e3 Heloneida Studart; o Conselho Municipal dos Direitos das Mulheres; o Di\u00e1rio Oficial Digital; Leis de Transpar\u00eancia; a Comiss\u00e3o da Verdade Municipal; Leis de Prote\u00e7\u00e3o e Bem-estar Animal; e outras tantas leis, igualmente importantes.<\/p>\n<p>\u201cA minha hist\u00f3ria de lutas e forma\u00e7\u00e3o pol\u00edtica \u00e9 fruto do movimento sindical. O apoio da categoria e da dire\u00e7\u00e3o do Sindicato dos Banc\u00e1rios de Nova Friburgo foi muito importante, assim como a manifesta\u00e7\u00e3o de apoio do presidente da Fetraf RJ\/ES, Nilton Esperan\u00e7a, o Niltinho, tamb\u00e9m em v\u00eddeo para as redes sociais. O avan\u00e7o da extrema direita \u00e9 muito forte. Precisamos construir unidade, ocupar os espa\u00e7os pol\u00edticos. Estar firmes nas nossas lutas e elegermos pessoas comprometidas com a classe trabalhadora.\u201d, declarou Cl\u00e1udio Dami\u00e3o.<\/p>\n<p><img fetchpriority=\"high\" decoding=\"async\" class=\"alignnone size-full wp-image-25702\" src=\"https:\/\/fetrafrjes.org.br\/wp-content\/uploads\/2024\/10\/ca7244aa-0c7c-47fa-b016-4af8fbafc5d7.jpeg\" sizes=\"(max-width: 720px) 100vw, 720px\" srcset=\"https:\/\/fetrafrjes.org.br\/wp-content\/uploads\/2024\/10\/ca7244aa-0c7c-47fa-b016-4af8fbafc5d7.jpeg 720w, https:\/\/fetrafrjes.org.br\/wp-content\/uploads\/2024\/10\/ca7244aa-0c7c-47fa-b016-4af8fbafc5d7-270x600.jpeg 270w, https:\/\/fetrafrjes.org.br\/wp-content\/uploads\/2024\/10\/ca7244aa-0c7c-47fa-b016-4af8fbafc5d7-461x1024.jpeg 461w, https:\/\/fetrafrjes.org.br\/wp-content\/uploads\/2024\/10\/ca7244aa-0c7c-47fa-b016-4af8fbafc5d7-691x1536.jpeg 691w\" alt=\"\" width=\"720\" height=\"1600\" \/><img decoding=\"async\" class=\"alignnone size-full wp-image-25703\" src=\"https:\/\/fetrafrjes.org.br\/wp-content\/uploads\/2024\/10\/791d2bf8-e86e-4133-b7c9-ecbe5bf2e647.jpeg\" sizes=\"(max-width: 1280px) 100vw, 1280px\" srcset=\"https:\/\/fetrafrjes.org.br\/wp-content\/uploads\/2024\/10\/791d2bf8-e86e-4133-b7c9-ecbe5bf2e647.jpeg 1280w, https:\/\/fetrafrjes.org.br\/wp-content\/uploads\/2024\/10\/791d2bf8-e86e-4133-b7c9-ecbe5bf2e647-600x400.jpeg 600w, https:\/\/fetrafrjes.org.br\/wp-content\/uploads\/2024\/10\/791d2bf8-e86e-4133-b7c9-ecbe5bf2e647-1024x682.jpeg 1024w, https:\/\/fetrafrjes.org.br\/wp-content\/uploads\/2024\/10\/791d2bf8-e86e-4133-b7c9-ecbe5bf2e647-768x512.jpeg 768w, https:\/\/fetrafrjes.org.br\/wp-content\/uploads\/2024\/10\/791d2bf8-e86e-4133-b7c9-ecbe5bf2e647-1200x800.jpeg 1200w\" alt=\"\" width=\"1280\" height=\"853\" \/><img decoding=\"async\" class=\"alignnone size-full wp-image-25704\" src=\"https:\/\/fetrafrjes.org.br\/wp-content\/uploads\/2024\/10\/07fd4599-1016-439e-82fb-1f780e5ad37f.jpeg\" sizes=\"(max-width: 1280px) 100vw, 1280px\" srcset=\"https:\/\/fetrafrjes.org.br\/wp-content\/uploads\/2024\/10\/07fd4599-1016-439e-82fb-1f780e5ad37f.jpeg 1280w, https:\/\/fetrafrjes.org.br\/wp-content\/uploads\/2024\/10\/07fd4599-1016-439e-82fb-1f780e5ad37f-600x400.jpeg 600w, https:\/\/fetrafrjes.org.br\/wp-content\/uploads\/2024\/10\/07fd4599-1016-439e-82fb-1f780e5ad37f-1024x682.jpeg 1024w, https:\/\/fetrafrjes.org.br\/wp-content\/uploads\/2024\/10\/07fd4599-1016-439e-82fb-1f780e5ad37f-768x512.jpeg 768w, https:\/\/fetrafrjes.org.br\/wp-content\/uploads\/2024\/10\/07fd4599-1016-439e-82fb-1f780e5ad37f-1200x800.jpeg 1200w\" alt=\"\" width=\"1280\" height=\"853\" \/><\/p>\n<p><b>Fonte: Fetraf RJ\/ES<\/b><\/p>\n","protected":false},"excerpt":{"rendered":"<p>As banc\u00e1rias e banc\u00e1rios estar\u00e3o representados na C\u00e2mara Municipal de Nova Friburgo! No \u00faltimo domingo, 6 de outubro, foi eleito para Vereador pelo PT, na coliga\u00e7\u00e3o Federa\u00e7\u00e3o, o companheiro Cl\u00e1udio Dami\u00e3o Santos Pereira, trabalhador aposentado do Banco Ita\u00fa, ex-presidente do Sindicato dos Banc\u00e1rios de Nova Friburgo e Regi\u00e3o (1996 at\u00e9 2008) e ex-diretor da Federa\u00e7\u00e3o [&hellip;]<\/p>\n","protected":false},"author":2,"featured_media":15863,"comment_status":"","ping_status":"","sticky":false,"template":"","format":"standard","meta":{"footnotes":""},"categories":[3],"tags":[],"class_list":["post-15864","post","type-post","status-publish","format-standard","has-post-thumbnail","hentry","category-noticias"],"_links":{"self":[{"href":"https:\/\/hostnetart.com.br\/baixada\/wp-json\/wp\/v2\/posts\/15864","targetHints":{"allow":["GET"]}}],"collection":[{"href":"https:\/\/hostnetart.com.br\/baixada\/wp-json\/wp\/v2\/posts"}],"about":[{"href":"https:\/\/hostnetart.com.br\/baixada\/wp-json\/wp\/v2\/types\/post"}],"author":[{"embeddable":true,"href":"https:\/\/hostnetart.com.br\/baixada\/wp-json\/wp\/v2\/users\/2"}],"replies":[{"embeddable":true,"href":"https:\/\/hostnetart.com.br\/baixada\/wp-json\/wp\/v2\/comments?post=15864"}],"version-history":[{"count":0,"href":"https:\/\/hostnetart.com.br\/baixada\/wp-json\/wp\/v2\/posts\/15864\/revisions"}],"wp:featuredmedia":[{"embeddable":true,"href":"https:\/\/hostnetart.com.br\/baixada\/wp-json\/wp\/v2\/media\/15863"}],"wp:attachment":[{"href":"https:\/\/hostnetart.com.br\/baixada\/wp-json\/wp\/v2\/media?parent=15864"}],"wp:term":[{"taxonomy":"category","embeddable":true,"href":"https:\/\/hostnetart.com.br\/baixada\/wp-json\/wp\/v2\/categories?post=15864"},{"taxonomy":"post_tag","embeddable":true,"href":"https:\/\/hostnetart.com.br\/baixada\/wp-json\/wp\/v2\/tags?post=15864"}],"curies":[{"name":"wp","href":"https:\/\/api.w.org\/{rel}","templated":true}]}}