{"id":15862,"date":"2024-10-11T12:38:48","date_gmt":"2024-10-11T15:38:48","guid":{"rendered":"https:\/\/hostnetart.com.br\/baixada\/sindicalistas-denunciam-praticas-antissindicais-do-santander-durante-reuniao-da-rede-sindical-internacional\/"},"modified":"2024-10-11T12:38:48","modified_gmt":"2024-10-11T15:38:48","slug":"sindicalistas-denunciam-praticas-antissindicais-do-santander-durante-reuniao-da-rede-sindical-internacional","status":"publish","type":"post","link":"https:\/\/hostnetart.com.br\/baixada\/sindicalistas-denunciam-praticas-antissindicais-do-santander-durante-reuniao-da-rede-sindical-internacional\/","title":{"rendered":"Sindicalistas denunciam pr\u00e1ticas antissindicais do Santander durante reuni\u00e3o da Rede Sindical Internacional"},"content":{"rendered":"<\/p>\n<p>A Rede Sindical Internacional do Santander concluiu na quarta-feira (9) mais uma reuni\u00e3o, com a presen\u00e7a de representantes sindicais de v\u00e1rios pa\u00edses da Am\u00e9rica Latina, como Chile, Peru, Argentina, Uruguai e Brasil. O encontro teve como foco a troca de informa\u00e7\u00f5es sobre as pr\u00e1ticas adotadas pelo banco em cada pa\u00eds, com destaque para uniformidade das pol\u00edticas do Santander em toda a regi\u00e3o.<\/p>\n<p>Durante a reuni\u00e3o, foi constatado que o Santander mant\u00e9m uma postura comum de enfraquecimento das rela\u00e7\u00f5es trabalhistas e ataque aos direitos dos trabalhadores. Os representantes sindicais denunciaram pr\u00e1ticas como o fechamento de ag\u00eancias, a redu\u00e7\u00e3o de postos de trabalho, terceiriza\u00e7\u00f5es e atitudes antissindicais, que v\u00eam sendo aplicadas de maneira coordenada em diversos pa\u00edses.<\/p>\n<p>A delega\u00e7\u00e3o brasileira, composta por Rita Berlofa, secret\u00e1ria de Rela\u00e7\u00f5es Internacionais da Contraf-CUT, Vanessa Queiroz, coordenadora da Comiss\u00e3o de Organiza\u00e7\u00e3o dos Empregados (COE) do Santander, e Elisa Esp\u00edndula, representante da Fetec Centro-Norte, destacou as dificuldades enfrentadas pelos trabalhadores no Brasil.<\/p>\n<p>J\u00e1 a delega\u00e7\u00e3o do Uruguai, revelou o descumprimento de acordos e a diminui\u00e7\u00e3o da renda dos trabalhadores. Esse cen\u00e1rio foi evidenciado por um protesto realizado no dia anterior, na empresa Creditel, que pertence ao conglomerado Santander, em resposta ao descumprimento de acordos trabalhistas e ao rebaixamento salarial.<\/p>\n<p>Ao fim da reuni\u00e3o, os representantes sindicais tra\u00e7aram uma s\u00e9rie de atividades de mobiliza\u00e7\u00e3o e protestos que ser\u00e3o realizados de forma coordenada entre os pa\u00edses da regi\u00e3o, com algumas dessas a\u00e7\u00f5es j\u00e1 previstas para novembro. A unidade e a for\u00e7a da organiza\u00e7\u00e3o sindical na Am\u00e9rica Latina foram reafirmadas, com o objetivo de combater as pol\u00edticas prejudiciais do Santander e defender os direitos dos trabalhadores em toda a regi\u00e3o.<\/p>\n<p><strong>Fonte: Contraf-CUT<\/strong><\/p>\n","protected":false},"excerpt":{"rendered":"<p>A Rede Sindical Internacional do Santander concluiu na quarta-feira (9) mais uma reuni\u00e3o, com a presen\u00e7a de representantes sindicais de v\u00e1rios pa\u00edses da Am\u00e9rica Latina, como Chile, Peru, Argentina, Uruguai e Brasil. O encontro teve como foco a troca de informa\u00e7\u00f5es sobre as pr\u00e1ticas adotadas pelo banco em cada pa\u00eds, com destaque para uniformidade das [&hellip;]<\/p>\n","protected":false},"author":2,"featured_media":15861,"comment_status":"","ping_status":"","sticky":false,"template":"","format":"standard","meta":{"footnotes":""},"categories":[3],"tags":[],"class_list":["post-15862","post","type-post","status-publish","format-standard","has-post-thumbnail","hentry","category-noticias"],"_links":{"self":[{"href":"https:\/\/hostnetart.com.br\/baixada\/wp-json\/wp\/v2\/posts\/15862","targetHints":{"allow":["GET"]}}],"collection":[{"href":"https:\/\/hostnetart.com.br\/baixada\/wp-json\/wp\/v2\/posts"}],"about":[{"href":"https:\/\/hostnetart.com.br\/baixada\/wp-json\/wp\/v2\/types\/post"}],"author":[{"embeddable":true,"href":"https:\/\/hostnetart.com.br\/baixada\/wp-json\/wp\/v2\/users\/2"}],"replies":[{"embeddable":true,"href":"https:\/\/hostnetart.com.br\/baixada\/wp-json\/wp\/v2\/comments?post=15862"}],"version-history":[{"count":0,"href":"https:\/\/hostnetart.com.br\/baixada\/wp-json\/wp\/v2\/posts\/15862\/revisions"}],"wp:featuredmedia":[{"embeddable":true,"href":"https:\/\/hostnetart.com.br\/baixada\/wp-json\/wp\/v2\/media\/15861"}],"wp:attachment":[{"href":"https:\/\/hostnetart.com.br\/baixada\/wp-json\/wp\/v2\/media?parent=15862"}],"wp:term":[{"taxonomy":"category","embeddable":true,"href":"https:\/\/hostnetart.com.br\/baixada\/wp-json\/wp\/v2\/categories?post=15862"},{"taxonomy":"post_tag","embeddable":true,"href":"https:\/\/hostnetart.com.br\/baixada\/wp-json\/wp\/v2\/tags?post=15862"}],"curies":[{"name":"wp","href":"https:\/\/api.w.org\/{rel}","templated":true}]}}