{"id":1586,"date":"2013-10-10T00:00:00","date_gmt":"2013-10-10T03:00:00","guid":{"rendered":"https:\/\/hostnetart.com.br\/baixada\/quimicos-manifestam-apoio-e-solidariedade-a-greve-nacional-dos-bancarios\/"},"modified":"2013-10-10T00:00:00","modified_gmt":"2013-10-10T03:00:00","slug":"quimicos-manifestam-apoio-e-solidariedade-a-greve-nacional-dos-bancarios","status":"publish","type":"post","link":"https:\/\/hostnetart.com.br\/baixada\/quimicos-manifestam-apoio-e-solidariedade-a-greve-nacional-dos-bancarios\/","title":{"rendered":"Qu\u00edmicos manifestam apoio e solidariedade \u00e0 greve nacional dos banc\u00e1rios"},"content":{"rendered":"<p>A Contraf-CUT recebeu nesta quarta-feira 9 mensagem da Confedera\u00e7\u00e3o Nacional dos Trabalhadores do Ramo Qu\u00edmico (CNQ-CUT) manifestando solidariedade e \u201ctotal apoio\u201d \u00e0 greve nacional da categoria, cuja \u201cluta n\u00e3o \u00e9 apenas dos banc\u00e1rios\/as, \u00e9 sobretudo um embate de toda a classe trabalhadora brasileira\u201d por trabalho decente.<\/p>\n<p>\u00a0<\/p>\n<p>\u201cNesta semana, quando se realiza mundialmente uma forte luta contra o trabalho prec\u00e1rio e a precariza\u00e7\u00e3o das rela\u00e7\u00f5es e condi\u00e7\u00f5es de trabalho, a luta dos trabalhadores\/as banc\u00e1rios\/as por trabalho decente, sal\u00e1rio digno, seguran\u00e7a, sa\u00fade, justi\u00e7a e dignidade social, se justifica plenamente, uma vez que o setor financeiro estabelece metas abusivas de produ\u00e7\u00e3o, provocando doen\u00e7as profissionais, ass\u00e9dio moral e rotatividade de m\u00e3o de obra\u201d, afirma a carta da CNQ-CUT, assinada pela presidenta Lucineide Varj\u00e3o Soares.<\/p>\n<p>\u00a0<\/p>\n<p>Veja a seguir a \u00edntegra da mensagem enviada ao presidente da Contraf-CUT, Carlos Cordeiro:<\/p>\n<p>\u00a0<\/p>\n<p>\u00a0<\/p>\n<p><em>Companheiros e companheiras:<\/em><\/p>\n<p>\u00a0<\/p>\n<p>\u00a0<\/p>\n<p><em>A CNQ-CUT (Confedera\u00e7\u00e3o Nacional do Ramo Qu\u00edmico), em conjunto com os seus sindicatos e federa\u00e7\u00f5es filiadas, vem a p\u00fablico declarar total apoio \u00e0 greve nacional dos banc\u00e1rios, e se solidariza aos banc\u00e1rios\/as nesta campanha salarial e na luta que j\u00e1 ultrapassa o 20\u00ba dia na busca das suas leg\u00edtimas reivindica\u00e7\u00f5es.<\/em><\/p>\n<p>\u00a0<\/p>\n<p>\u00a0<\/p>\n<p><em>Nesta semana, quando se realiza mundialmente uma forte luta contra o trabalho prec\u00e1rio e a precariza\u00e7\u00e3o das rela\u00e7\u00f5es e condi\u00e7\u00f5es de trabalho, a luta dos trabalhadores\/as banc\u00e1rios\/as por trabalho decente, sal\u00e1rio digno, seguran\u00e7a, sa\u00fade, justi\u00e7a e dignidade social, se justifica plenamente, uma vez que o setor financeiro estabelece metas abusivas de produ\u00e7\u00e3o, provocando doen\u00e7as profissionais, ass\u00e9dio moral e rotatividade de m\u00e3o de obra.<\/em><\/p>\n<p>\u00a0<\/p>\n<p>\u00a0<\/p>\n<p><em>Estudos recentes apontam que s\u00f3 de janeiro a agosto deste ano os bancos privados fecharam 7 mil postos de trabalho. A Pesquisa de Emprego Banc\u00e1rio (PEB) \u2013 realizada pelo Dieese \u2013 revela que os cortes de vagas e a alta rotatividade s\u00e3o ingredientes utilizados de forma premeditada para reduzir custos no setor. Por outro lado, os banqueiros continuam faturando alto, os seis maiores bancos do Pa\u00eds lucraram quase R$ 30 bilh\u00f5es apenas de janeiro a junho deste ano \u2013 uma alta de 18,21% em rela\u00e7\u00e3o ao mesmo per\u00edodo do ano anterior, sendo que tamb\u00e9m as tarifas banc\u00e1rias cresceram 12,5% e ultrapassam os R$ 46 bilh\u00f5es.<\/em><\/p>\n<p>\u00a0<\/p>\n<p>\u00a0<\/p>\n<p><em>Portanto, os dados econ\u00f4micos apontados acima, legitimam a reivindica\u00e7\u00e3o dos banc\u00e1rios\/as, e deixa clara a perversidade dos banqueiros em n\u00e3o apresentar uma proposta salarial condizente com os seus lucros, espoliando os trabalhadores\/as para enriquecer cada vez mais e causando preju\u00edzos a popula\u00e7\u00e3o no que se refere a uma presta\u00e7\u00e3o de servi\u00e7os de qualidade.<\/em><\/p>\n<p>\u00a0<\/p>\n<p>\u00a0<\/p>\n<p><em>Entendemos, portanto, que esta luta n\u00e3o \u00e9 apenas dos banc\u00e1rios\/as, \u00e9 sobretudo um embate de toda a classe trabalhadora brasileira, sendo assim, repudiamos veementemente a intransig\u00eancia da Fenaban (Federa\u00e7\u00e3o dos Bancos) e a explora\u00e7\u00e3o patronal dos bancos.<\/em><\/p>\n<p>\u00a0<\/p>\n<p>\u00a0<\/p>\n<p><em>Parab\u00e9ns companheiros\/as, pela determina\u00e7\u00e3o e luta, contem sempre com o ramo qu\u00edmico da CUT para fazer valer a pauta nacional de reivindica\u00e7\u00f5es.<\/em><\/p>\n<p>\u00a0<\/p>\n<p>\u00a0<\/p>\n<p><em><strong>Lucineide Varj\u00e3o Soares<\/strong>, Presidenta \u2013 CNQ-CUT<\/em><\/p>\n<p>\u00a0<br \/>Fonte: Contraf-CUT com CNQ-CUT<\/p>\n","protected":false},"excerpt":{"rendered":"<p>A Contraf-CUT recebeu nesta quarta-feira 9 mensagem da Confedera\u00e7\u00e3o Nacional dos Trabalhadores do Ramo Qu\u00edmico (CNQ-CUT) manifestando solidariedade e \u201ctotal apoio\u201d \u00e0 greve nacional da categoria, cuja \u201cluta n\u00e3o \u00e9 apenas dos banc\u00e1rios\/as, \u00e9 sobretudo um embate de toda a classe trabalhadora brasileira\u201d por trabalho decente. \u00a0 \u201cNesta semana, quando se realiza mundialmente uma forte [&hellip;]<\/p>\n","protected":false},"author":1,"featured_media":0,"comment_status":"","ping_status":"","sticky":false,"template":"","format":"standard","meta":{"footnotes":""},"categories":[3],"tags":[],"class_list":["post-1586","post","type-post","status-publish","format-standard","hentry","category-noticias"],"_links":{"self":[{"href":"https:\/\/hostnetart.com.br\/baixada\/wp-json\/wp\/v2\/posts\/1586","targetHints":{"allow":["GET"]}}],"collection":[{"href":"https:\/\/hostnetart.com.br\/baixada\/wp-json\/wp\/v2\/posts"}],"about":[{"href":"https:\/\/hostnetart.com.br\/baixada\/wp-json\/wp\/v2\/types\/post"}],"author":[{"embeddable":true,"href":"https:\/\/hostnetart.com.br\/baixada\/wp-json\/wp\/v2\/users\/1"}],"replies":[{"embeddable":true,"href":"https:\/\/hostnetart.com.br\/baixada\/wp-json\/wp\/v2\/comments?post=1586"}],"version-history":[{"count":0,"href":"https:\/\/hostnetart.com.br\/baixada\/wp-json\/wp\/v2\/posts\/1586\/revisions"}],"wp:attachment":[{"href":"https:\/\/hostnetart.com.br\/baixada\/wp-json\/wp\/v2\/media?parent=1586"}],"wp:term":[{"taxonomy":"category","embeddable":true,"href":"https:\/\/hostnetart.com.br\/baixada\/wp-json\/wp\/v2\/categories?post=1586"},{"taxonomy":"post_tag","embeddable":true,"href":"https:\/\/hostnetart.com.br\/baixada\/wp-json\/wp\/v2\/tags?post=1586"}],"curies":[{"name":"wp","href":"https:\/\/api.w.org\/{rel}","templated":true}]}}