{"id":15858,"date":"2024-10-10T21:52:50","date_gmt":"2024-10-11T00:52:50","guid":{"rendered":"https:\/\/hostnetart.com.br\/baixada\/cee-se-reune-com-a-caixa-e-define-calendario-de-negociacoes\/"},"modified":"2024-10-10T21:52:50","modified_gmt":"2024-10-11T00:52:50","slug":"cee-se-reune-com-a-caixa-e-define-calendario-de-negociacoes","status":"publish","type":"post","link":"https:\/\/hostnetart.com.br\/baixada\/cee-se-reune-com-a-caixa-e-define-calendario-de-negociacoes\/","title":{"rendered":"CEE se re\u00fane com a Caixa e define calend\u00e1rio de negocia\u00e7\u00f5es"},"content":{"rendered":"<\/p>\n<p>Nesta quinta-feira, 10 de outubro, a Comiss\u00e3o Executiva dos Empregados (<strong>CEE<\/strong>) da <strong>Caixa<\/strong>Econ\u00f4mica Federal se <strong>reuniu<\/strong> com o banco para dar continuidade \u00e0s negocia\u00e7\u00f5es permanentes com o banco sobre quest\u00f5es de interesse das empregadas e empregados. Entre os temas mais imediatos, a defini\u00e7\u00e3o dos crit\u00e9rios e forma de pagamento dos deltas referentes \u00e0 promo\u00e7\u00e3o por m\u00e9rito, quest\u00f5es relacionadas ao Sa\u00fade Caixa e a continuidade das negocia\u00e7\u00f5es sobre quest\u00f5es envolvendo caixas e tesoureiros foram os principais temas debatidos na reuni\u00e3o.<\/p>\n<p><strong>Lizandre Borges<\/strong>, Diretora de Sa\u00fade do Trabalhador da Federa\u00e7\u00e3o dos Trabalhadores do Ramo Financeiro dos Estados do Rio de Janeiro e Esp\u00edrito Santo (<strong>Fetraf RJ\/ES<\/strong>) e integrante a CEE da Caixa, participou da reuni\u00e3o virtual.<\/p>\n<p>\u201cAs informa\u00e7\u00f5es que solicitamos \u00e0 Caixa, ir\u00e3o contribuir muito para os debates nos GT. Esses GT est\u00e3o sendo aguardados com muita expectativa pelos empregados porque eles acreditam que a CEE encaminhar\u00e1 suas expectativas. N\u00f3s, membros da CEE, estamos realmente empenhados em solucionar esses gargalos da negocia\u00e7\u00e3o e, tamb\u00e9m, dos assuntos que interferem diretamente no dia a dia dos empregados.\u201d, comentou Lizandre.<\/p>\n<p>Rafael de Castro, coordenador da CEE, tamb\u00e9m comentou.<\/p>\n<p>\u201cNosso papel, como movimento sindical, \u00e9 defender os interesses das empregadas e empregados e a manuten\u00e7\u00e3o do car\u00e1ter p\u00fablico da Caixa. Neste sentido, nossa luta \u00e9 por valorizar o banco como instrumento fundamental para o desenvolvimento econ\u00f4mico e social do pa\u00eds e o reconhecimento de que as empregadas e empregados s\u00e3o os respons\u00e1veis pela execu\u00e7\u00e3o das tarefas necess\u00e1rias para que a Caixa cumpra este papel e, consequentemente, tamb\u00e9m precisam ser valorizados\u201d.<\/p>\n<h2><strong>Promo\u00e7\u00e3o por M\u00e9rito<\/strong><\/h2>\n<p>A diretora executiva da Confedera\u00e7\u00e3o Nacional dos Trabalhadores do Ramo Financeiro (Contraf-CUT), Eliana Brasil, lembrou que o banco desempenha tarefas fundamentais na execu\u00e7\u00e3o de pol\u00edticas sociais do governo federal. \u201cPor isso \u00e9 t\u00e3o importante o debate que ser\u00e1 realizado no GT de Promo\u00e7\u00e3o por M\u00e9rito. Precisamos deixar claro que n\u00e3o apenas as atividades comerciais do banco, mas tamb\u00e9m aquelas de atendimento aos benefici\u00e1rios dos programas do governo, do FGTS, e outros tantos trabalhos fundamentais para o pa\u00eds tamb\u00e9m devem ser reconhecidos, apesar de n\u00e3o trazer resultados financeiros para o banco\u201d, observou.<\/p>\n<p>A reuni\u00e3o do GT de Promo\u00e7\u00e3o por M\u00e9rito ficou marcada para o dia 15 de outubro, \u00e0s 10h30, por videoconfer\u00eancia. Mas a CEE ressaltou a necessidade de o banco passar, antes da reuni\u00e3o, informa\u00e7\u00f5es sobre o or\u00e7amento definido para o pagamento dos deltas, os n\u00fameros do pagamento da promo\u00e7\u00e3o por m\u00e9rito referente a 2023 (paga neste ano), quantos empregados existem em cada refer\u00eancia. O banco ficou de mandar as informa\u00e7\u00f5es para a CEE at\u00e9 segunda-feira (14).<\/p>\n<h2><strong>Sa\u00fade Caixa<\/strong><\/h2>\n<p>A reuni\u00e3o do GT Sa\u00fade Caixa ficou agendada para o dia 21 de outubro, \u00e0s 10h30, por videoconfer\u00eancia. Al\u00e9m da apresenta\u00e7\u00e3o dos n\u00fameros do plano, tamb\u00e9m estar\u00e3o em pauta a discuss\u00e3o sobre o fim do teto de custeio pelo banco com a sa\u00fade dos empregados, estabelecido atualmente em 6,5% da folha de pagamentos; a extens\u00e3o do direito de manuten\u00e7\u00e3o do plano ap\u00f3s aposentadoria aos empregados contratados a partir de 2018; a continuidade da implementa\u00e7\u00e3o e funcionamento das ger\u00eancias e representa\u00e7\u00f5es regionais de pessoas (Gipes e Repes) e a cria\u00e7\u00e3o dos comit\u00eas regionais de credenciamento e descredenciamento; a taxa\u00e7\u00e3o do plano prevista no PLP 68\/2024, que tramita no Senado; e quest\u00f5es relacionadas \u00e0 auditoria do plano.<\/p>\n<h2><strong>Caixas e tesoureiros<\/strong><\/h2>\n<p>O coordenador da CEE lembrou que o debate sobre caixas e tesoureiros \u00e9 uma continuidade das negocia\u00e7\u00f5es realizadas durante a Campanha Nacional dos Banc\u00e1rios. Ao final das negocia\u00e7\u00f5es, o tema foi apartado do Acordo Coletivo de Trabalho (ACT) para que dentro de 50 dias fossem apresentadas alternativas aos pontos tratados durante a campanha. A negocia\u00e7\u00e3o ficou agendada para o dia 29 de outubro, \u00e0s 10h, presencial em Bras\u00edlia.<\/p>\n<p>\u201cSobre isso, refor\u00e7amos, \u00e9 primordial que a Caixa nos d\u00ea acesso a dados antecipadamente, pois temos que conversar com os empregados. A Caixa tem que nos passar as informa\u00e7\u00f5es para que a gente realize plen\u00e1rias e converse olho-no-olho com as empregadas e empregados. Com clareza e a certeza dos dados\u201d, disse Rafael de Castro. \u201cCom os dados em m\u00e3os, vamos conversar com os empregados, ouvir o que eles t\u00eam a dizer para podermos encaminhar o debate com a Caixa\u201d, completou.<\/p>\n<p>A CEE pediu que a Caixa informe:<\/p>\n<ul>\n<li>\u2022\u00a0\u00a0 \u00a0a quantidade de empregados que realizam a fun\u00e7\u00e3o por minuto e por prazo;<\/li>\n<li>\u2022\u00a0\u00a0 \u00a0quantos realizam a fun\u00e7\u00e3o minuto e por prazo de forma ininterrupta e quais as fun\u00e7\u00f5es eles realizam de forma efetiva;<\/li>\n<li>\u2022\u00a0\u00a0 \u00a0informa\u00e7\u00f5es sobre o passivo trabalhista envolvendo esse segmento em a\u00e7\u00f5es referente ao intervalo de 10 minutos a cada 50 minutos de trabalho (10\/50); quebra de caixa, 7\u00aa e 8\u00aa horas-extras e substitui\u00e7\u00e3o de fun\u00e7\u00e3o;<\/li>\n<li>\u2022\u00a0\u00a0 \u00a0a quantidade de caixas e tesoureiros afastados para tratamento de sa\u00fade.<\/li>\n<\/ul>\n<p>A Caixa ficou de passar as informa\u00e7\u00f5es \u00e0 CEE at\u00e9 o dia 17 de outubro, para que esta as repasse aos sindicatos e eles realizem plen\u00e1rias sobre o tema com os empregados e empregadas at\u00e9 o dia 25 de outubro e a CEE tenha estes debates relatados pelos sindicatos antes do dia 29, quando ser\u00e1 realizada a reuni\u00e3o de negocia\u00e7\u00e3o com o banco.<\/p>\n<h2><strong>Outros temas<\/strong><\/h2>\n<p><strong>Banco do futuro: <\/strong>para o coordenador da CEE, na Caixa, a transi\u00e7\u00e3o para o futuro precisa atender a necessidade do banco e da sociedade, sem prejudicar os empregados. \u201cA Caixa \u00e9 mais do que um banco. Ela precisa enxergar onde est\u00e1 seu nicho de atendimento e investir pesado em oferta de solu\u00e7\u00f5es financeiras a uma multid\u00e3o que anseia por nossos servi\u00e7os, mas que h\u00e1 mais de uma d\u00e9cada \u00e9 jogada para as lot\u00e9ricas, fintechs e cooperativas\u201d observou. Para ele, a Caixa n\u00e3o pode abrir m\u00e3o de disputar todos os segmentos de mercado. \u201cA relev\u00e2ncia da Caixa 100% p\u00fablica se faz em todos os n\u00edveis de atendimento. E precisamos retomar a confian\u00e7a de um grande p\u00fablico que foi posto pra fora do banco numa pol\u00edtica equivocada de diminuir atendimentos, que resultou em migra\u00e7\u00e3o em massa de nossos clientes (e sua rentabilidade) para institui\u00e7\u00f5es que cobram 10%, 12%, 15% de juros em opera\u00e7\u00f5es de cr\u00e9dito pra quem poderia muito bem estar pagando taxas muito menores que s\u00e3o cobradas pela Caixa, ampliando nosso resultado e fazendo a Caixa cumprir seu papel de agente de pol\u00edticas p\u00fablicas\u201d, ressaltou.<\/p>\n<p><strong>Condi\u00e7\u00f5es de trabalho:<\/strong> outro tema que voltar\u00e1 a ser tratado assim que forem encaminhados os temas mais urgentes \u00e9 o que se relaciona com as condi\u00e7\u00f5es de trabalho dos empregados. \u201cDurante as negocia\u00e7\u00f5es ficamos de retomar os f\u00f3runs regionais de condi\u00e7\u00f5es de trabalho e o GT de Condi\u00e7\u00f5es de Trabalho e n\u00e3o podemos deixar isso cair no esquecimento, pois existem muitos problemas que afetam o dia a dia de trabalho no banco\u201d, disse Rafael de Castro.<br \/>Teia e Minha Trajet\u00f3ria: a CEE tamb\u00e9m quer retomar o debate sobre os programas de desenvolvimento e de avalia\u00e7\u00e3o de desempenho dos empregados, para permitir verdadeiramente o desenvolvimento de todos e evitar que sejam usados crit\u00e9rios subjetivos na avalia\u00e7\u00e3o, que d\u00e3o margem para o ass\u00e9dio e favorecimentos pessoais.<\/p>\n<p><strong>Recep\u00e7\u00e3o aos novos contratados:<\/strong> houve uma turma de novos contratados de todo o pa\u00eds que foram recepcionados em Bras\u00edlia sem a participa\u00e7\u00e3o das entidades sindicais. A CEE cobrou e a Caixa se comprometeu a dar espa\u00e7o para os sindicatos participarem dos eventos de recep\u00e7\u00e3o aos novos contratados, que agora ser\u00e3o regionais. O pr\u00f3ximo evento de recep\u00e7\u00e3o ser\u00e1 realizado no Rio de Janeiro, no dia 21\/10. A Caixa j\u00e1 vai avisar a SR local para abrir espa\u00e7o para o movimento sindical e associativo participar da atividade. N\u00e3o h\u00e1 outra data agendada e o banco ficou de avisar ao sindicato local e \u00e0 Contraf-CUT quando houver uma nova data.<\/p>\n<p><strong>Funcef:<\/strong> a CEE cobrou da Caixa o compromisso, assumido em mesa de negocia\u00e7\u00f5es, de que seria instalado um GT Tripartite com a Funcef e a CEE para tratar de quest\u00f5es espec\u00edficas do fundo de previd\u00eancia das empregadas e empregados.<\/p>\n<p><strong>Empregados endividados:<\/strong> a CEE cobrou o compromisso da Caixa, tamb\u00e9m assumido em mesa de negocia\u00e7\u00f5es, de que seria estudada uma forma de solucionar o problema de empregados com d\u00edvidas em atraso. Caixa informou que os estudos da solu\u00e7\u00e3o est\u00e3o em est\u00e1gio avan\u00e7ado e logo ser\u00e1 apresentada a proposta para a CEE.<\/p>\n<p>*<em>com informa\u00e7\u00f5es da Contraf-CUT<\/em><\/p>\n","protected":false},"excerpt":{"rendered":"<p>Nesta quinta-feira, 10 de outubro, a Comiss\u00e3o Executiva dos Empregados (CEE) da CaixaEcon\u00f4mica Federal se reuniu com o banco para dar continuidade \u00e0s negocia\u00e7\u00f5es permanentes com o banco sobre quest\u00f5es de interesse das empregadas e empregados. Entre os temas mais imediatos, a defini\u00e7\u00e3o dos crit\u00e9rios e forma de pagamento dos deltas referentes \u00e0 promo\u00e7\u00e3o por [&hellip;]<\/p>\n","protected":false},"author":2,"featured_media":15857,"comment_status":"","ping_status":"","sticky":false,"template":"","format":"standard","meta":{"footnotes":""},"categories":[3],"tags":[],"class_list":["post-15858","post","type-post","status-publish","format-standard","has-post-thumbnail","hentry","category-noticias"],"_links":{"self":[{"href":"https:\/\/hostnetart.com.br\/baixada\/wp-json\/wp\/v2\/posts\/15858","targetHints":{"allow":["GET"]}}],"collection":[{"href":"https:\/\/hostnetart.com.br\/baixada\/wp-json\/wp\/v2\/posts"}],"about":[{"href":"https:\/\/hostnetart.com.br\/baixada\/wp-json\/wp\/v2\/types\/post"}],"author":[{"embeddable":true,"href":"https:\/\/hostnetart.com.br\/baixada\/wp-json\/wp\/v2\/users\/2"}],"replies":[{"embeddable":true,"href":"https:\/\/hostnetart.com.br\/baixada\/wp-json\/wp\/v2\/comments?post=15858"}],"version-history":[{"count":0,"href":"https:\/\/hostnetart.com.br\/baixada\/wp-json\/wp\/v2\/posts\/15858\/revisions"}],"wp:featuredmedia":[{"embeddable":true,"href":"https:\/\/hostnetart.com.br\/baixada\/wp-json\/wp\/v2\/media\/15857"}],"wp:attachment":[{"href":"https:\/\/hostnetart.com.br\/baixada\/wp-json\/wp\/v2\/media?parent=15858"}],"wp:term":[{"taxonomy":"category","embeddable":true,"href":"https:\/\/hostnetart.com.br\/baixada\/wp-json\/wp\/v2\/categories?post=15858"},{"taxonomy":"post_tag","embeddable":true,"href":"https:\/\/hostnetart.com.br\/baixada\/wp-json\/wp\/v2\/tags?post=15858"}],"curies":[{"name":"wp","href":"https:\/\/api.w.org\/{rel}","templated":true}]}}