{"id":15856,"date":"2024-10-10T20:01:53","date_gmt":"2024-10-10T23:01:53","guid":{"rendered":"https:\/\/hostnetart.com.br\/baixada\/financiarios-assinam-cct-com-vigencia-ate-2026\/"},"modified":"2024-10-10T20:01:53","modified_gmt":"2024-10-10T23:01:53","slug":"financiarios-assinam-cct-com-vigencia-ate-2026","status":"publish","type":"post","link":"https:\/\/hostnetart.com.br\/baixada\/financiarios-assinam-cct-com-vigencia-ate-2026\/","title":{"rendered":"Financi\u00e1rios assinam CCT com vig\u00eancia at\u00e9 2026"},"content":{"rendered":"<\/p>\n<p>A Confedera\u00e7\u00e3o Nacional dos Trabalhadores do Ramo Financeiro (Contraf-CUT), o Coletivo Nacional dos Financi\u00e1rios, os sindicatos de todo o pa\u00eds e a Federa\u00e7\u00e3o Interestadual das Institui\u00e7\u00f5es de Cr\u00e9dito, Financiamento e Investimento (Fenacrefi) assinaram, nesta quinta-feira (10\/10), a Conven\u00e7\u00e3o Coletiva de Trabalho da categoria, com vig\u00eancia at\u00e9 2026.<\/p>\n<p>O acordo \u00e9 resultado de intensas negocia\u00e7\u00f5es, que duraram quatro meses e garantem a amplia\u00e7\u00e3o de direitos sociais e o reajuste salarial de 4% para sal\u00e1rios, verbas e benef\u00edcios.<\/p>\n<p>Para a presidenta da Contraf-CUT, Juvandia Moreira, \u201ca assinatura representa uma grande conquista para os financi\u00e1rios de todo o pa\u00eds. Depois de meses de intensas negocia\u00e7\u00f5es, conseguimos garantir n\u00e3o apenas a manuten\u00e7\u00e3o dos direitos, mas tamb\u00e9m avan\u00e7os importantes em quest\u00f5es sociais e econ\u00f4micas. O reajuste salarial e a cria\u00e7\u00e3o de comiss\u00f5es para discutir temas como PLR e viol\u00eancia contra a mulher mostram que estamos comprometidos com o bem-estar e o futuro da categoria.\u201d<\/p>\n<p>A secret\u00e1ria do Ramo Financeiro da Contraf-CUT, Magaly Fagundes, acredita que a assinatura dessa conven\u00e7\u00e3o coletiva refor\u00e7a o papel da entidade como defensores dos direitos dos financi\u00e1rios. \u201cAl\u00e9m do reajuste salarial e da PLR, conseguimos inserir temas fundamentais, como o combate ao ass\u00e9dio sexual e moral, que s\u00e3o urgentes no ambiente de trabalho. Vamos continuar lutando para que esses avan\u00e7os sejam implementados de forma justa e eficaz.\u201d<\/p>\n<p>O coordenador do Coletivo Nacional dos Financi\u00e1rios, Jair Alves, afirmou que o acordo assinado \u00e9 fruto da uni\u00e3o e da mobiliza\u00e7\u00e3o dos trabalhadores. \u201cEle vai al\u00e9m das quest\u00f5es salariais, trazendo a constru\u00e7\u00e3o de um grupo de trabalho que ir\u00e1 mapear a realidade dos financi\u00e1rios, para que possamos construir pol\u00edticas mais adequadas \u00e0s necessidades da categoria. Esse \u00e9 um passo essencial para garantir condi\u00e7\u00f5es de trabalho mais dignas e justas para todos.\u201d<\/p>\n<p><strong>2024<\/strong>:<\/p>\n<ul>\n<li>Reajuste salarial de 4% para sal\u00e1rios, verbas e benef\u00edcios.<\/li>\n<li>Pagamentos retroativos das diferen\u00e7as salariais de junho a outubro at\u00e9 a folha de pagamento de novembro de 2024.<\/li>\n<li>Pagamentos retroativos das diferen\u00e7as dos benef\u00edcios a serem pagas at\u00e9 30 de outubro de 2024.<\/li>\n<li>Antecipa\u00e7\u00e3o da Participa\u00e7\u00e3o nos Lucros e Resultados (PLR) com pagamento at\u00e9 8 de novembro de 2024.<\/li>\n<\/ul>\n<p><strong>2025<\/strong>:<\/p>\n<ul>\n<li>Reajuste salarial baseado no \u00cdndice Nacional de Pre\u00e7os ao Consumidor (INPC) referente ao per\u00edodo de junho de 2024 a maio de 2025 mais 0,3% de aumento real, a ser pago em junho de 2025.<\/li>\n<li>Mudan\u00e7a da data-base para outubro de 2026, com aplica\u00e7\u00e3o do INPC referente ao per\u00edodo de junho a setembro de 2025, acrescido de 0,3% de aumento real a ser pago em outubro de 2025.<\/li>\n<li>Negocia\u00e7\u00f5es para uma nova CCT em outubro de 2026.<\/li>\n<\/ul>\n<p><strong>PLR<\/strong>:<\/p>\n<ul>\n<li>Para 2024, a regra de pagamento da PLR permanece inalterada, mas ser\u00e1 criada uma comiss\u00e3o parit\u00e1ria em at\u00e9 60 dias ap\u00f3s a assinatura do acordo, com conclus\u00e3o at\u00e9 abril de 2025. A comiss\u00e3o ter\u00e1 o objetivo de apresentar propostas para eventuais mudan\u00e7as na PLR a partir de 2025.<\/li>\n<\/ul>\n<p><strong>Outras cl\u00e1usulas importantes<\/strong>:<\/p>\n<ul>\n<li>Conv\u00eanio m\u00e9dico: N\u00e3o haver\u00e1 altera\u00e7\u00e3o na cl\u00e1usula 21, no entanto, as empresas que desejarem implementar a coparticipa\u00e7\u00e3o dever\u00e3o negociar diretamente com os sindicatos, estabelecendo regras espec\u00edficas.<\/li>\n<li>Viol\u00eancia contra a mulher: Ficou acordado que ser\u00e1 constru\u00edda uma cl\u00e1usula sobre o tema.<\/li>\n<li>Combate ao ass\u00e9dio sexual e moral: Ser\u00e1 feita uma reda\u00e7\u00e3o conjunta de modo que contemple a realidade do financi\u00e1rio.<\/li>\n<li>Grupo de trabalho parit\u00e1rio: Um grupo ser\u00e1 criado para realizar uma pesquisa in\u00e9dita no setor financeiro, para construir o rosto dos financi\u00e1rios e outros aspectos relevantes \u00e0 categoria.<\/li>\n<\/ul>\n<p><strong>Fonte: Contraf-CUT<\/strong><\/p>\n","protected":false},"excerpt":{"rendered":"<p>A Confedera\u00e7\u00e3o Nacional dos Trabalhadores do Ramo Financeiro (Contraf-CUT), o Coletivo Nacional dos Financi\u00e1rios, os sindicatos de todo o pa\u00eds e a Federa\u00e7\u00e3o Interestadual das Institui\u00e7\u00f5es de Cr\u00e9dito, Financiamento e Investimento (Fenacrefi) assinaram, nesta quinta-feira (10\/10), a Conven\u00e7\u00e3o Coletiva de Trabalho da categoria, com vig\u00eancia at\u00e9 2026. O acordo \u00e9 resultado de intensas negocia\u00e7\u00f5es, que [&hellip;]<\/p>\n","protected":false},"author":2,"featured_media":15855,"comment_status":"","ping_status":"","sticky":false,"template":"","format":"standard","meta":{"footnotes":""},"categories":[3],"tags":[],"class_list":["post-15856","post","type-post","status-publish","format-standard","has-post-thumbnail","hentry","category-noticias"],"_links":{"self":[{"href":"https:\/\/hostnetart.com.br\/baixada\/wp-json\/wp\/v2\/posts\/15856","targetHints":{"allow":["GET"]}}],"collection":[{"href":"https:\/\/hostnetart.com.br\/baixada\/wp-json\/wp\/v2\/posts"}],"about":[{"href":"https:\/\/hostnetart.com.br\/baixada\/wp-json\/wp\/v2\/types\/post"}],"author":[{"embeddable":true,"href":"https:\/\/hostnetart.com.br\/baixada\/wp-json\/wp\/v2\/users\/2"}],"replies":[{"embeddable":true,"href":"https:\/\/hostnetart.com.br\/baixada\/wp-json\/wp\/v2\/comments?post=15856"}],"version-history":[{"count":0,"href":"https:\/\/hostnetart.com.br\/baixada\/wp-json\/wp\/v2\/posts\/15856\/revisions"}],"wp:featuredmedia":[{"embeddable":true,"href":"https:\/\/hostnetart.com.br\/baixada\/wp-json\/wp\/v2\/media\/15855"}],"wp:attachment":[{"href":"https:\/\/hostnetart.com.br\/baixada\/wp-json\/wp\/v2\/media?parent=15856"}],"wp:term":[{"taxonomy":"category","embeddable":true,"href":"https:\/\/hostnetart.com.br\/baixada\/wp-json\/wp\/v2\/categories?post=15856"},{"taxonomy":"post_tag","embeddable":true,"href":"https:\/\/hostnetart.com.br\/baixada\/wp-json\/wp\/v2\/tags?post=15856"}],"curies":[{"name":"wp","href":"https:\/\/api.w.org\/{rel}","templated":true}]}}