{"id":15850,"date":"2024-10-07T13:33:56","date_gmt":"2024-10-07T16:33:56","guid":{"rendered":"https:\/\/hostnetart.com.br\/baixada\/assembleia-santander\/"},"modified":"2024-10-07T13:33:56","modified_gmt":"2024-10-07T16:33:56","slug":"assembleia-santander","status":"publish","type":"post","link":"https:\/\/hostnetart.com.br\/baixada\/assembleia-santander\/","title":{"rendered":"Assembleia &#8211; Santander"},"content":{"rendered":"<p>Das 20 horas do dia 9 de outubro (quarta-feira) at\u00e9 \u00e0s 20 horas do dia 10 de outubro (quinta-feira), trabalhadoras e trabalhadores do Banco Santander participam de assembleia para deliberar sobre a aprova\u00e7\u00e3o dos seguintes instrumentos coletivos:<\/p>\n<p>1- Acordo Coletivo de Trabalho 2024\/2026;<\/p>\n<p>2- Acordo Coletivo de Trabalho sobre Programa de Participa\u00e7\u00e3o nos Resultados Santander (PPRS) 2024\/2025 que inclui desconto a ser feito nos sal\u00e1rios do empregados em raz\u00e3o da contrata\u00e7\u00e3o a ser realizada (contribui\u00e7\u00e3o negocial);<\/p>\n<p>3- Termo de Ratifica\u00e7\u00e3o do Programa de Participa\u00e7\u00e3o nos Resultados Santander 2024\/2025;<\/p>\n<p>4- Termo de Rela\u00e7\u00f5es Laborais e Presta\u00e7\u00e3o de Servi\u00e7os Financeiros \u2013 Boas Pr\u00e1ticas, a serem celebrados com o Banco Santander (Brasil) S\/A.<\/p>\n<p><u>PLEN\u00c1RIA<\/u><\/p>\n<p>Antes da assembleia, haver\u00e1 uma plen\u00e1ria virtual para esclarecimentos a partir das 19h at\u00e9 \u00e0s 20h do dia 9 de outubro.<\/p>\n<p>Para participar, \u00e9 necess\u00e1rio solicitar a inscri\u00e7\u00e3o atrav\u00e9s do link:\u00a0<a href=\"https:\/\/us06web.zoom.us\/meeting\/register\/tZAvfumgrj0uH9aKwpRglzoDBJDVyYKRhscU\"><span class=\"s5\">https:\/\/us06web.zoom.us\/meeting\/register\/tZAvfumgrj0uH9aKwpRglzoDBJDVyYKRhscU<\/span><\/a><\/p>\n<p>Ap\u00f3s a inscri\u00e7\u00e3o, ser\u00e1 enviado um e-mail de confirma\u00e7\u00e3o contendo informa\u00e7\u00f5es sobre como entrar na plen\u00e1ria.<\/p>\n<p><u>PARA VOTAR<\/u><\/p>\n<p>Para votar e participar, basta acessar o link de vota\u00e7\u00e3o: <a href=\"https:\/\/bancarios.votabem.com.br\/\">https:\/\/bancarios.votabem.com.br\/<\/a><\/p>\n<p>O link estar\u00e1, tamb\u00e9m, dispon\u00edvel em nosso site (<a href=\"http:\/\/www.bancariosbaixada.org.br\">http:\/\/www.bancariosbaixada.org.br<\/a>)<\/p>\n<p><u>IMPORTANTE<\/u><\/p>\n<p>O Sindicato dos Banc\u00e1rios da Baixada Fluminense, seguindo orienta\u00e7\u00f5es da Confedera\u00e7\u00e3o Nacional dos Trabalhadores do Ramo Financeiro (Contraf-CUT), indica a aprova\u00e7\u00e3o das delibera\u00e7\u00f5es propostas.<\/p>\n","protected":false},"excerpt":{"rendered":"<p>Das 20 horas do dia 9 de outubro (quarta-feira) at\u00e9 \u00e0s 20 horas do dia 10 de outubro (quinta-feira), trabalhadoras e trabalhadores do Banco Santander participam de assembleia para deliberar sobre a aprova\u00e7\u00e3o dos seguintes instrumentos coletivos: 1- Acordo Coletivo de Trabalho 2024\/2026; 2- Acordo Coletivo de Trabalho sobre Programa de Participa\u00e7\u00e3o nos Resultados Santander [&hellip;]<\/p>\n","protected":false},"author":2,"featured_media":15849,"comment_status":"","ping_status":"","sticky":false,"template":"","format":"standard","meta":{"footnotes":""},"categories":[3],"tags":[],"class_list":["post-15850","post","type-post","status-publish","format-standard","has-post-thumbnail","hentry","category-noticias"],"_links":{"self":[{"href":"https:\/\/hostnetart.com.br\/baixada\/wp-json\/wp\/v2\/posts\/15850","targetHints":{"allow":["GET"]}}],"collection":[{"href":"https:\/\/hostnetart.com.br\/baixada\/wp-json\/wp\/v2\/posts"}],"about":[{"href":"https:\/\/hostnetart.com.br\/baixada\/wp-json\/wp\/v2\/types\/post"}],"author":[{"embeddable":true,"href":"https:\/\/hostnetart.com.br\/baixada\/wp-json\/wp\/v2\/users\/2"}],"replies":[{"embeddable":true,"href":"https:\/\/hostnetart.com.br\/baixada\/wp-json\/wp\/v2\/comments?post=15850"}],"version-history":[{"count":0,"href":"https:\/\/hostnetart.com.br\/baixada\/wp-json\/wp\/v2\/posts\/15850\/revisions"}],"wp:featuredmedia":[{"embeddable":true,"href":"https:\/\/hostnetart.com.br\/baixada\/wp-json\/wp\/v2\/media\/15849"}],"wp:attachment":[{"href":"https:\/\/hostnetart.com.br\/baixada\/wp-json\/wp\/v2\/media?parent=15850"}],"wp:term":[{"taxonomy":"category","embeddable":true,"href":"https:\/\/hostnetart.com.br\/baixada\/wp-json\/wp\/v2\/categories?post=15850"},{"taxonomy":"post_tag","embeddable":true,"href":"https:\/\/hostnetart.com.br\/baixada\/wp-json\/wp\/v2\/tags?post=15850"}],"curies":[{"name":"wp","href":"https:\/\/api.w.org\/{rel}","templated":true}]}}