{"id":1585,"date":"2014-07-28T00:00:00","date_gmt":"2014-07-28T03:00:00","guid":{"rendered":"https:\/\/hostnetart.com.br\/baixada\/para-contraf-cut-e-preciso-ousar-e-mobilizar-nesta-campanha-nacional\/"},"modified":"2014-07-28T00:00:00","modified_gmt":"2014-07-28T03:00:00","slug":"para-contraf-cut-e-preciso-ousar-e-mobilizar-nesta-campanha-nacional","status":"publish","type":"post","link":"https:\/\/hostnetart.com.br\/baixada\/para-contraf-cut-e-preciso-ousar-e-mobilizar-nesta-campanha-nacional\/","title":{"rendered":"Para Contraf-CUT, \u00e9 preciso ousar e mobilizar nesta Campanha Nacional"},"content":{"rendered":"<p><strong>Rede de Comunica\u00e7\u00e3o dos Banc\u00e1rios<\/strong><\/p>\n<p>Coroando uma jornada de muita reflex\u00e3o e debates no primeiro dia da 16\u00aa Confer\u00eancia Nacional dos Banc\u00e1rios, que est\u00e1 sendo realizada em Atibaia (SP), o presidente da Contraf-CUT, Carlos Cordeiro, conclamou as entidades sindicais, na abertura solene desta sexta-feira (25) \u00e0 noite, a ousarem e apostarem na mobiliza\u00e7\u00e3o para que a categoria conquiste novos avan\u00e7os na campanha deste ano.<\/p>\n<p>Veja\u00a0<a href=\"http:\/\/www.youtube.com\/v\/yyQu76rXj6Q?version=3&amp;hl=pt_BR\" target=\"_blank\" rel=\"noopener noreferrer\">aqui<\/a>\u00a0entrevista com o presidente da Contraf-CUT, Carlos Cordeiro<\/p>\n<p>Simbolizando a unidade nacional dos banc\u00e1rios, participaram da mesa de abertura todas as federa\u00e7\u00f5es e sindicatos que representam a categoria, al\u00e9m de centrais sindicais.<\/p>\n<p>No segundo dia da Confer\u00eancia, os cerca de 700 delegados e observadores v\u00e3o neste s\u00e1bado 26 discutir a conjuntura nacional e fazer reuni\u00f5es em grupos para aprofundar a discuss\u00e3o dos principais temas da campanha.<\/p>\n<p>Primeiro banc\u00e1rio a presidir a Central \u00danica dos Trabalhadores (CUT), Vagner Freitas lembrou as dificuldades que a categoria enfrenta em todas as campanhas, para apostar: \u201cCom a extraordin\u00e1ria milit\u00e2ncia que n\u00f3s temos, vamos derrotar os banqueiros e a direita.\u201d<\/p>\n<p>A presidenta do Sindicato dos Banc\u00e1rios de S\u00e3o Paulo, Juvandia Moreira , disse ter \u201corgulho de ser de uma categoria forte como essa, que tem uma Conven\u00e7\u00e3o Coletiva de Trabalho v\u00e1lida em todo o pa\u00eds. N\u00f3s enfrentamos um dos setores mais poderosos da economia, que mais lucra no Brasil e em todo o mundo. Mas com a certeza de que eles podem atender as reivindica\u00e7\u00f5es dos trabalhadores\u201d. Ela lembrou que apenas no primeiro trimestre deste ano a soma dos lucros dos seis maiores bancos no pa\u00eds chegou a R$ 13 bilh\u00f5es, 15% a mais do que no mesmo per\u00edodo de 2013.<\/p>\n<p><strong>Combater o terrorismo econ\u00f4mico<\/strong><\/p>\n<p>\u201cN\u00e3o queremos a sociedade do terrorismo econ\u00f4mico e pol\u00edtico do Santander, como vimos hoje. Queremos fortalecer a democracia no nosso pa\u00eds\u201d, disse Carlos Cordeiro, conclamando os participantes da Confer\u00eancia a refletir sobre a disposi\u00e7\u00e3o de transformar a sociedade brasileira.<\/p>\n<p>O presidente da Contraf-CUT e coordenador do Comando Nacional dos Banc\u00e1rios tamb\u00e9m se referiu \u00e0 import\u00e2ncia de n\u00e3o se esquecer a hist\u00f3ria recente do Brasil e da persegui\u00e7\u00e3o pol\u00edtica e a tortura, que muitos foram v\u00edtimas e do papel fundamental dessas pessoas para que hoje haja liberdade de organiza\u00e7\u00e3o sindical, de express\u00e3o e democracia no pa\u00eds. \u201cHomenageio com uma rosa a companheira Elisa Ferreira, diretora do Sindicato de Campinas e conselheira deliberativa eleita da Cassi, que \u00e9 filha de perseguidos pol\u00edticos, que nasceu no ex\u00edlio em Portugal, e simbolicamente a todos os que estiveram na luta, na resist\u00eancia, e combateram a ditadura militar no Brasil\u201d.<\/p>\n<p>Edilson Aparecido da Silva, presidente interino da Feeb S\u00e3o Paulo e Mato Grosso do Sul, disse que sua entidade, \u201cpor meio dos sindicatos filiados, percorreu toda a base para buscar as reivindica\u00e7\u00f5es dos trabalhadores e trazer \u00e0 Confer\u00eancia os principais problemas enfrentados pelos banc\u00e1rios para a constru\u00e7\u00e3o de uma pauta que contemple os anseios de todos os trabalhadores que representa\u201d.<\/p>\n<p><strong>\u2018Vamos construir a melhor pauta\u2019<\/strong><\/p>\n<p>A diretora da Fetrafi-RS Denise Corr\u00eaa afirmou que a Campanha Nacional 2014 come\u00e7ou muito bem. \u201cHoje, discutimos sa\u00fade, condi\u00e7\u00f5es de trabalho e terceiriza\u00e7\u00e3o, temas importantes e profundos para os banc\u00e1rios. Tamb\u00e9m debatemos outros assuntos de interesse para toda a classe trabalhadora, como a democratiza\u00e7\u00e3o da m\u00eddia, a Comiss\u00e3o da Verdade e a reforma pol\u00edtica. Nossa pauta vai dialogar com a categoria, diante de toda a sua diversidade e pluralidade.\u201d<\/p>\n<p>O representante da Central dos Trabalhadores e Trabalhadoras do Brasil (CTB), Jefferson Tramontini, defendeu posicionamento da categoria banc\u00e1ria na elei\u00e7\u00e3o presidencial deste ano. Segundo ele, est\u00e3o em disputa dois projetos claros de governo, um que est\u00e1 voltado para o desenvolvimento de melhores condi\u00e7\u00f5es de vida dos trabalhadores e outro que representa a subjuga\u00e7\u00e3o do Brasil aos interesses do imperialismo. \u201cOs trabalhadores t\u00eam que ter posi\u00e7\u00e3o e tomar lado, defendendo uma sociedade mais justa\u201d.<\/p>\n<p>O presidente da Fetraf RJ\/ES, Nilton dos Santos, o Niltinho, criticou ainda as demiss\u00f5es e as press\u00f5es dos bancos para inibir os banc\u00e1rios na luta. \u201cSempre que acaba nossa campanha salarial, os bancos privados demitem em massa e os bancos p\u00fablicos fazem amea\u00e7as, como o Banco do Brasil, que usa o descomissionamento como instrumento de retalia\u00e7\u00e3o contra os trabalhadores que participam das greves.Temos de lutar e derrotar estas pr\u00e1ticas dos patr\u00f5es\u201d.<\/p>\n<p>O presidente do Sindicato de Santos e representante da Intersindical, Ricardo Saraiva, o Big, ressaltou a import\u00e2ncia da luta dos banc\u00e1rios contra a terceiriza\u00e7\u00e3o e a precariza\u00e7\u00e3o do trabalho. \u201cTemos uma categoria forte, que participou ativamente das lutas contra a ditadura, e precisamos manter a unidade para derrotar o projeto dos empres\u00e1rios e dos banqueiros\u201d, ressaltou.<\/p>\n<p><strong>Prefeito d\u00e1 as boas-vindas<\/strong><\/p>\n<p>Para dar as boas-vindas, o primeiro a falar na sess\u00e3o de abertura da Confer\u00eancia foi o prefeito de Bragan\u00e7a Paulista, o ex-banc\u00e1rio Fern\u00e3o Dias (PT), cujo sindicato da categoria em sua cidade inclui a base do munic\u00edpio de Atibaia, onde est\u00e1 sendo realizada a Confer\u00eancia. Disse que deixou a profiss\u00e3o de banc\u00e1rio porque \u201ca carga \u00e9 enorme, eu n\u00e3o suportava o desgaste\u201d, e por isso entende os problemas da categoria, a quem desejou \u00eaxito na campanha deste ano.<\/p>\n","protected":false},"excerpt":{"rendered":"<p>Rede de Comunica\u00e7\u00e3o dos Banc\u00e1rios Coroando uma jornada de muita reflex\u00e3o e debates no primeiro dia da 16\u00aa Confer\u00eancia Nacional dos Banc\u00e1rios, que est\u00e1 sendo realizada em Atibaia (SP), o presidente da Contraf-CUT, Carlos Cordeiro, conclamou as entidades sindicais, na abertura solene desta sexta-feira (25) \u00e0 noite, a ousarem e apostarem na mobiliza\u00e7\u00e3o para que [&hellip;]<\/p>\n","protected":false},"author":1,"featured_media":1584,"comment_status":"","ping_status":"","sticky":false,"template":"","format":"standard","meta":{"footnotes":""},"categories":[3],"tags":[],"class_list":["post-1585","post","type-post","status-publish","format-standard","has-post-thumbnail","hentry","category-noticias"],"_links":{"self":[{"href":"https:\/\/hostnetart.com.br\/baixada\/wp-json\/wp\/v2\/posts\/1585","targetHints":{"allow":["GET"]}}],"collection":[{"href":"https:\/\/hostnetart.com.br\/baixada\/wp-json\/wp\/v2\/posts"}],"about":[{"href":"https:\/\/hostnetart.com.br\/baixada\/wp-json\/wp\/v2\/types\/post"}],"author":[{"embeddable":true,"href":"https:\/\/hostnetart.com.br\/baixada\/wp-json\/wp\/v2\/users\/1"}],"replies":[{"embeddable":true,"href":"https:\/\/hostnetart.com.br\/baixada\/wp-json\/wp\/v2\/comments?post=1585"}],"version-history":[{"count":0,"href":"https:\/\/hostnetart.com.br\/baixada\/wp-json\/wp\/v2\/posts\/1585\/revisions"}],"wp:featuredmedia":[{"embeddable":true,"href":"https:\/\/hostnetart.com.br\/baixada\/wp-json\/wp\/v2\/media\/1584"}],"wp:attachment":[{"href":"https:\/\/hostnetart.com.br\/baixada\/wp-json\/wp\/v2\/media?parent=1585"}],"wp:term":[{"taxonomy":"category","embeddable":true,"href":"https:\/\/hostnetart.com.br\/baixada\/wp-json\/wp\/v2\/categories?post=1585"},{"taxonomy":"post_tag","embeddable":true,"href":"https:\/\/hostnetart.com.br\/baixada\/wp-json\/wp\/v2\/tags?post=1585"}],"curies":[{"name":"wp","href":"https:\/\/api.w.org\/{rel}","templated":true}]}}