{"id":15847,"date":"2024-10-04T14:45:46","date_gmt":"2024-10-04T17:45:46","guid":{"rendered":"https:\/\/hostnetart.com.br\/baixada\/movimento-sindical-denuncia-ao-mpt-praticas-antissindicais-do-santander\/"},"modified":"2024-10-04T14:45:46","modified_gmt":"2024-10-04T17:45:46","slug":"movimento-sindical-denuncia-ao-mpt-praticas-antissindicais-do-santander","status":"publish","type":"post","link":"https:\/\/hostnetart.com.br\/baixada\/movimento-sindical-denuncia-ao-mpt-praticas-antissindicais-do-santander\/","title":{"rendered":"Movimento Sindical denuncia ao MPT pr\u00e1ticas antissindicais do Santander"},"content":{"rendered":"<\/p>\n<p>Em audi\u00eancia com o Minist\u00e9rio P\u00fablico do Trabalho (MPT), ocorrida nesta quinta-feira (3), a Confedera\u00e7\u00e3o Nacional dos Trabalhadores do Ramo Financeiro (Contraf-CUT) denunciou a\u00e7\u00f5es antissindicais praticadas pelo banco Santander.<\/p>\n<p>\u201cO banco est\u00e1 cometendo pr\u00e1tica antissindical ao abrir empresas com CNPJs distintos para retirar banc\u00e1rios da categoria e enquadr\u00e1-los como trabalhadores de outros setores\u201d, disse a presidenta da Contraf-CUT e coordenadora do Comando Nacional dos Banc\u00e1rios, Juvandia Moreira. \u201cDe 2020 pra c\u00e1, 17.964 banc\u00e1rios foram enquadrados como sendo de outras categorias. Com isso, eles deixam de ter diversos direitos previstos na Conven\u00e7\u00e3o Coletiva de Trabalho (CCT) da categoria banc\u00e1ria, e enfraquece a organiza\u00e7\u00e3o dos trabalhadores\u201d, completou.<\/p>\n<p>A categoria banc\u00e1ria \u00e9 a \u00fanica do pa\u00eds a possuir uma CCT v\u00e1lida em todo territ\u00f3rio nacional. Gra\u00e7as \u00e0s negocia\u00e7\u00f5es coletivas, as banc\u00e1rias e banc\u00e1rios possuem 85% mais direitos trabalhistas do que os previstos na Consolida\u00e7\u00e3o das Leis do Trabalho (CLT).<\/p>\n<p>\u201cCom o desenquadramento da categoria, os banc\u00e1rios que foram recontratados pelo banco por outras empresas do mesmo conglomerado econ\u00f4mico, perderam em torno de 50% a 60% da remunera\u00e7\u00e3o vari\u00e1vel\u201d, denunciou a coordenadora da Comiss\u00e3o de Organiza\u00e7\u00e3o dos Empregados (COE) do Santander, Wanessa de Queiros Paix\u00e3o.<\/p>\n<p>\u201cO banco Santander tem se utilizado de pr\u00e1ticas de terceiriza\u00e7\u00e3o que podem ser enquadradas como irregulares, mesmo ap\u00f3s a aprova\u00e7\u00e3o da lei de terceiriza\u00e7\u00e3o irrestrita, pois s\u00e3o consideradas fraudulentas\u201d, disse a diretora de Rela\u00e7\u00f5es Internacionais da Contraf-CUT e funcion\u00e1ria do Santander, Rita Berlofa.<\/p>\n<p>A coordenadora da COE disse que o movimento sindical j\u00e1 reivindicou diversas vezes a representa\u00e7\u00e3o sindical destes empregados, mas que o banco se recusa a reenquadr\u00e1-los, mesmo eles exercendo as mesmas atividades que j\u00e1 exerciam anteriormente, trabalhando no mesmo local de banc\u00e1rios que exercem as mesmas fun\u00e7\u00f5es, no mesmo sistema de gest\u00e3o e sofrendo as mesas cobran\u00e7as. \u201cExistem diversos elementos que demonstram as fraudes nas contrata\u00e7\u00f5es e as pr\u00e1ticas antissindicais do Santander\u201d, disse Wanessa.<\/p>\n<p>O Santander alegou que n\u00e3o teria condi\u00e7\u00f5es de dar continuidade \u00e0s tratativas nesta quinta-feira, por haver a necessidade da presen\u00e7a de profissionais respons\u00e1veis por outras \u00e1reas envolvidas e representantes das demais empresas e solicitou o reagendamento da audi\u00eancia para seguir com o debate. O MPT se comprometeu em agendar uma nova audi\u00eancia e comunicar a nova data \u00e0 Contraf-CUT e ao Santander.<\/p>\n<p><strong>Fonte: Contraf-CUT<\/strong><\/p>\n","protected":false},"excerpt":{"rendered":"<p>Em audi\u00eancia com o Minist\u00e9rio P\u00fablico do Trabalho (MPT), ocorrida nesta quinta-feira (3), a Confedera\u00e7\u00e3o Nacional dos Trabalhadores do Ramo Financeiro (Contraf-CUT) denunciou a\u00e7\u00f5es antissindicais praticadas pelo banco Santander. \u201cO banco est\u00e1 cometendo pr\u00e1tica antissindical ao abrir empresas com CNPJs distintos para retirar banc\u00e1rios da categoria e enquadr\u00e1-los como trabalhadores de outros setores\u201d, disse a [&hellip;]<\/p>\n","protected":false},"author":2,"featured_media":15846,"comment_status":"","ping_status":"","sticky":false,"template":"","format":"standard","meta":{"footnotes":""},"categories":[3],"tags":[],"class_list":["post-15847","post","type-post","status-publish","format-standard","has-post-thumbnail","hentry","category-noticias"],"_links":{"self":[{"href":"https:\/\/hostnetart.com.br\/baixada\/wp-json\/wp\/v2\/posts\/15847","targetHints":{"allow":["GET"]}}],"collection":[{"href":"https:\/\/hostnetart.com.br\/baixada\/wp-json\/wp\/v2\/posts"}],"about":[{"href":"https:\/\/hostnetart.com.br\/baixada\/wp-json\/wp\/v2\/types\/post"}],"author":[{"embeddable":true,"href":"https:\/\/hostnetart.com.br\/baixada\/wp-json\/wp\/v2\/users\/2"}],"replies":[{"embeddable":true,"href":"https:\/\/hostnetart.com.br\/baixada\/wp-json\/wp\/v2\/comments?post=15847"}],"version-history":[{"count":0,"href":"https:\/\/hostnetart.com.br\/baixada\/wp-json\/wp\/v2\/posts\/15847\/revisions"}],"wp:featuredmedia":[{"embeddable":true,"href":"https:\/\/hostnetart.com.br\/baixada\/wp-json\/wp\/v2\/media\/15846"}],"wp:attachment":[{"href":"https:\/\/hostnetart.com.br\/baixada\/wp-json\/wp\/v2\/media?parent=15847"}],"wp:term":[{"taxonomy":"category","embeddable":true,"href":"https:\/\/hostnetart.com.br\/baixada\/wp-json\/wp\/v2\/categories?post=15847"},{"taxonomy":"post_tag","embeddable":true,"href":"https:\/\/hostnetart.com.br\/baixada\/wp-json\/wp\/v2\/tags?post=15847"}],"curies":[{"name":"wp","href":"https:\/\/api.w.org\/{rel}","templated":true}]}}